{"id":192041,"date":"2023-12-16T08:57:48","date_gmt":"2023-12-16T08:57:48","guid":{"rendered":"https:\/\/radiofenix.com.ar\/2023\/las-camioneras-en-argentina-60-mujeres-que-se-hacen-lugar-en-el-mundo-del-transporte\/"},"modified":"2023-12-16T08:57:48","modified_gmt":"2023-12-16T08:57:48","slug":"las-camioneras-en-argentina-60-mujeres-que-se-hacen-lugar-en-el-mundo-del-transporte","status":"publish","type":"post","link":"https:\/\/radiofenix.com.ar\/2023\/las-camioneras-en-argentina-60-mujeres-que-se-hacen-lugar-en-el-mundo-del-transporte\/","title":{"rendered":"Las camioneras en Argentina, 60 mujeres que se hacen lugar en el mundo del transporte"},"content":{"rendered":"<div>\n<figure class=\"mb-3\"><img decoding=\"async\" src=\"https:\/\/www.telam.com.ar\/thumbs\/bluesteel\/advf\/imagenes\/2023\/12\/657cb7cb13b9f_1200.jpg\" class=\" lazy \" width=\"100%\" height=\"100%\" alt=\"Foto Victoria Gesualdi\"\/><figcaption> Foto: Victoria Gesualdi <\/figcaption><\/figure>\n<p> Una nueva camada de 12 conductoras de transporte de carga se gradu\u00f3 del programa que les otorga rango profesional y ya son 60 las mujeres de todo el pa\u00eds capacitadas en este oficio, la mayor\u00eda de ellas trabajadoras en distintos sectores de la industria del transporte, en coincidencia con el D\u00eda del Camionero y la Camionera que se conmemora.<\/p>\n<p><strong>Se trata de la quinta edici\u00f3n de Conductoras<\/strong>, un programa de formaci\u00f3n profesional que la empresa multinacional Scania cre\u00f3 en 2019 con el objetivo de incluir cada vez m\u00e1s mujeres en la industria del transporte y reducir as\u00ed la brecha de g\u00e9nero en el sector.<\/p>\n<p>Es que actualmente menos del 1% de las licencias de conducir para transporte de cargas corresponden a mujeres, que a trav\u00e9s de estas capacitaciones empiezan a hacerse un lugar en esta industria \u00abhist\u00f3ricamente masculinizada\u00bb.<\/p>\n<p>Con esa misi\u00f3n, el programa -que fue replicado en distintos pa\u00edses de Latinoam\u00e9rica- convoca a aquellas mujeres de entre 25 y 50 a\u00f1os que tienen<strong> \u00abvocaci\u00f3n por el transporte de cargas\u00bb<\/strong> y al que se inscribieron m\u00e1s de 6000 aspirantes durante las cinco ediciones.<\/p>\n<blockquote class=\"twitter-tweet\">\n<p lang=\"es\" dir=\"ltr\">El <a href=\"https:\/\/twitter.com\/hashtag\/ProgramaConductoras?src=hash&amp;ref_src=twsrc%5Etfw\">#ProgramaConductoras<\/a> definido por sus egresadas:<\/p>\n<p>&#x1f6ba;Oportunidad y esperanza<br \/>&#x1f6ba; Inclusi\u00f3n <br \/>&#x1f6ba;Orgullo propio<br \/>&#x1f6ba;Un sue\u00f1o cumplido <br \/>&#x1f6ba;Estamos haciendo historia<br \/>&#x1f6ba;Esperanza de poder<br \/>&#x1f6ba;Libertad<br \/>&#x1f6ba;Un nuevo comienzo<a href=\"https:\/\/twitter.com\/hashtag\/ScaniaArgentina?src=hash&amp;ref_src=twsrc%5Etfw\">#ScaniaArgentina<\/a> <a href=\"https:\/\/t.co\/nKrlIxyIEz\">pic.twitter.com\/nKrlIxyIEz<\/a><\/p>\n<p>\u2014 Scania Argentina (@ScaniaArgentina) <a href=\"https:\/\/twitter.com\/ScaniaArgentina\/status\/1735734019264848192?ref_src=twsrc%5Etfw\">December 15, 2023<\/a><\/p><\/blockquote>\n<p> \u00abEste es el primer paso de un sue\u00f1o que tenemos todas. Es una puerta que nos permite entrar en el mundo del transporte, incluirnos con buenas herramientas y con voluntad de hacer\u00bb, expres\u00f3 a T\u00e9lam Carolina Lovera (50), una de las estudiantes que lleg\u00f3 desde Misiones \u00abllena de ilusi\u00f3n\u00bb para capacitarse y que ahora regresa como camionera profesional.<\/p>\n<p>Carolina es profesora de educaci\u00f3n vial y fue su \u00abinquietud y compromiso por la seguridad\u00bb en las rutas y calles lo que la trajo hasta ac\u00e1.<\/p>\n<p><strong>\u00abCuando hablamos de transporte tambi\u00e9n hablamos de vidas. Creo que nuestra incorporaci\u00f3n abre una nueva mirada, la de las mujeres, que tenemos aportes diferentes para hacer, que suman a los que ya est\u00e1n para hacer una sociedad y una conducci\u00f3n mejor\u00bb,<\/strong> sostuvo en di\u00e1logo con T\u00e9lam tras el acto de egreso que se realiz\u00f3 este mediod\u00eda en el predio de Scania, en la localidad bonaerense de Grand Bourg.<\/p>\n<p>\u00abSabemos que somos punta de lanza de muchas m\u00e1s mujeres que vienen detr\u00e1s nuestro, con el mismo deseo, y ese es el compromiso que nos llevamos\u00bb, agreg\u00f3 la misionera.<\/p>\n<p><figure class=\"mb-3\"><img decoding=\"async\" src=\"https:\/\/www.telam.com.ar\/thumbs\/bluesteel\/advf\/imagenes\/2023\/12\/657cb7caea7ab_1200.jpg\" class=\" lazy \" width=\"100%\" height=\"100%\" alt=\"Foto Victoria Gesualdi\"\/><figcaption> Foto: Victoria Gesualdi <\/figcaption><\/figure>\n<p>En cada edici\u00f3n, el programa recibe a estudiantes que llegan desde todas las provincias de Argentina para realizar la capacitaci\u00f3n, que consta de una primera instancia virtual y tres semanas de entrenamiento presencial.<\/p>\n<p>Esta vez, participaron mujeres de Neuqu\u00e9n, Tucum\u00e1n, Misiones, Mendoza, Santa Fe y las localidades de La Plata, Bah\u00eda Blanca, Lan\u00fas, Hurlingham, Marcos Paz y la Ciudad de Buenos Aires.<\/p>\n<blockquote class=\"twitter-tweet\">\n<p lang=\"es\" dir=\"ltr\">&#x1f393; Felicitaciones Conductoras &#x1f6ba;<\/p>\n<p>&#x1f4aa;El 1% que empuja &#x1f69b;<a href=\"https:\/\/twitter.com\/hashtag\/ScaniaArgentina?src=hash&amp;ref_src=twsrc%5Etfw\">#ScaniaArgentina<\/a> <a href=\"https:\/\/twitter.com\/hashtag\/ProgramaConductoras?src=hash&amp;ref_src=twsrc%5Etfw\">#ProgramaConductoras<\/a> <a href=\"https:\/\/t.co\/ZRfLtI0xMy\">pic.twitter.com\/ZRfLtI0xMy<\/a><\/p>\n<p>\u2014 Scania Argentina (@ScaniaArgentina) <a href=\"https:\/\/twitter.com\/ScaniaArgentina\/status\/1735669385811878124?ref_src=twsrc%5Etfw\">December 15, 2023<\/a><\/p><\/blockquote>\n<p><strong>\u00abPara nosotros es una enorme satisfacci\u00f3n y un gran orgullo celebrar la quinta edici\u00f3n de Conductoras, un programa que Scania viene haciendo ininterrumpidamente y que es para nosotros uno de los m\u00e1s emblem\u00e1ticos e importantes de la empresa\u00bb<\/strong>, asegur\u00f3 durante el acto el CEO de Scania Argentina, Oscar Jaern.<\/p>\n<p>Jaern destac\u00f3 \u00abel coraje y la valent\u00eda\u00bb de las estudiantes del programa \u00abpara insertarse en un sector que no es f\u00e1cil y presenta desaf\u00edos\u00bb, como as\u00ed tambi\u00e9n \u00abun compromiso y responsabilidad muy grande para seguir llevando a m\u00e1s mujeres por este camino\u00bb.<\/p>\n<p>En total, ya son 60 las mujeres egresadas de este programa que busca \u00abavanzar hacia un sector de transporte m\u00e1s igualitario y equitativo\u00bb, precis\u00f3 el representante de la empresa, que lanz\u00f3 este viernes una gu\u00eda de buenas pr\u00e1cticas para la inserci\u00f3n laboral de mujeres en empresas de transporte.<\/p>\n<p><figure class=\"mb-3\"><img decoding=\"async\" src=\"https:\/\/www.telam.com.ar\/thumbs\/bluesteel\/advf\/imagenes\/2023\/12\/657cb7cacd4dc_1200.jpg\" class=\" lazy \" width=\"100%\" height=\"100%\" alt=\"Foto Victoria Gesualdi\"\/><figcaption> Foto: Victoria Gesualdi <\/figcaption><\/figure>\n<p><strong>\u00abLas conductoras mujeres son eficientes y cuidadosas, porque son ellas en general las que nos cr\u00edan y educan y de esa misma manera hacen su trabajo, en cualquier \u00e1mbito\u00bb,<\/strong> dijo por su parte An\u00edbal Goichik, presidente de la Fundaci\u00f3n Profesional para el Transporte, brazo acad\u00e9mico de la Federaci\u00f3n Argentina de Entidades Empresarias del Autotransporte de Cargas (Fadeeac).<\/p>\n<p>Para algunas de ellas, el sue\u00f1o de manejar camiones las acompa\u00f1a desde peque\u00f1as.<\/p>\n<p>Ailen Yodre es hija de un camionero, nieta de un chofer de micros y \u00abla primera mujer camionera de mi familia\u00bb, dijo a T\u00e9lam con orgullo.<\/p>\n<p>\u00abHoy no solamente cumpl\u00ed mi sue\u00f1o de ser camionera, sino tambi\u00e9n el sue\u00f1o de toda mi familia, especialmente de mi mam\u00e1, que tambi\u00e9n siempre quiso ser camionera, pero en su tiempo era m\u00e1s dif\u00edcil que ahora\u00bb, expres\u00f3 la egresada de 29 a\u00f1os, quien destac\u00f3 \u00abel compromiso y esfuerzo que demanda la profesi\u00f3n, muchas veces no reconocida\u00bb.<\/p>\n<p><strong>\u00abAhora nos queda salir a la calle para que, con mucho respeto, podamos ir creciendo en esto que tanto nos gusta\u00bb<\/strong>, augur\u00f3 Ailen, quien inst\u00f3 a m\u00e1s mujeres \u00aba animarse\u00bb.<\/p>\n<p>Son muchos \u00ablos miedos, estereotipos y culpas\u00bb que debieron romper \u00abpara llegar hasta este lugar\u00bb, coincidieron las conductoras.<\/p>\n<blockquote class=\"\"><p>\u00abHoy no solamente cumpl\u00ed mi sue\u00f1o de ser camionera, sino tambi\u00e9n el sue\u00f1o de toda mi familia, especialmente de mi mam\u00e1, que tambi\u00e9n siempre quiso ser camionera, pero en su tiempo era m\u00e1s dif\u00edcil que ahora\u00bb.<cite class=\"author\">Ailen Yodre<\/cite><\/p><\/blockquote>\n<p> \u00abEso es lo que la sociedad te inculca, pero nosotras sabemos que podemos\u00bb, asever\u00f3 por su parte Leticia Aguirre (26), la m\u00e1s joven del curso, que lleg\u00f3 desde la localidad neuquina de Centenario.<\/p>\n<p><figure class=\"mb-3\"><img decoding=\"async\" src=\"https:\/\/www.telam.com.ar\/thumbs\/bluesteel\/advf\/imagenes\/2023\/12\/657cb8335bf47_1200.jpg\" class=\" lazy \" width=\"100%\" height=\"100%\" alt=\"Foto Victoria Gesualdi\"\/><figcaption> Foto: Victoria Gesualdi <\/figcaption><\/figure>\n<p>Los desaf\u00edos, asegur\u00f3 Leticia, a\u00fan son muchos y, si bien en el sector \u00abhay muchos compa\u00f1eros buenos que te cuidan y te incluyen, pero tambi\u00e9n hay mucho por cambiar, muchas situaciones que se dan por ser una mujer conduciendo\u00bb.<\/p>\n<p>\u00abMi sue\u00f1o ahora es poder ayudar a otras chicas de mi zona, guiarlas y aconsejarlas, armar una red de mujeres trabajando en el transporte de carga para que se sumen y persigan el sue\u00f1o de los camiones que es hermoso\u00bb, concluy\u00f3.<\/p>\n<p>El programa Conductoras fue declarado de inter\u00e9s por el Senado de la Naci\u00f3n y cuenta con el apoyo de YPF y la cervecer\u00eda Quilmes, donde ya se desempe\u00f1an graduadas de a\u00f1os anteriores, y cuyas autoridades participaron tambi\u00e9n del acto de colaci\u00f3n de la nueva camada de camioneras. <\/p>\n<\/div>\n<p><script async src=\"\/\/platform.twitter.com\/widgets.js\" charset=\"utf-8\"><\/script><script async defer crossorigin=\"anonymous\" src=\"https:\/\/connect.facebook.net\/es_LA\/sdk.js#xfbml=1&#038;version=v12.0\" nonce=\"SBlHQzIF\"><\/script><br \/><a href=\"https:\/\/www.telam.com.ar\/notas\/202312\/649682-camioneras-mujeres-trabajo-transporte.html\">source<\/a><\/p>\n","protected":false},"excerpt":{"rendered":"<p>Foto: Victoria Gesualdi Una nueva camada de 12 conductoras de transporte de carga se gradu\u00f3&#8230;<\/p>\n","protected":false},"author":0,"featured_media":192042,"comment_status":"open","ping_status":"open","sticky":false,"template":"","format":"standard","meta":{"footnotes":""},"categories":[7],"tags":[],"class_list":["post-192041","post","type-post","status-publish","format-standard","has-post-thumbnail","hentry","category-sociedad"],"featured_image_urls":{"full":["https:\/\/radiofenix.com.ar\/2023\/wp-content\/uploads\/2023\/12\/wp-header-logo-117.png",1200,675,false],"thumbnail":["https:\/\/radiofenix.com.ar\/2023\/wp-content\/uploads\/2023\/12\/wp-header-logo-117-150x150.png",150,150,true],"medium":["https:\/\/radiofenix.com.ar\/2023\/wp-content\/uploads\/2023\/12\/wp-header-logo-117-300x169.png",300,169,true],"medium_large":["https:\/\/radiofenix.com.ar\/2023\/wp-content\/uploads\/2023\/12\/wp-header-logo-117-768x432.png",640,360,true],"large":["https:\/\/radiofenix.com.ar\/2023\/wp-content\/uploads\/2023\/12\/wp-header-logo-117-1024x576.png",640,360,true],"1536x1536":["https:\/\/radiofenix.com.ar\/2023\/wp-content\/uploads\/2023\/12\/wp-header-logo-117.png",1200,675,false],"2048x2048":["https:\/\/radiofenix.com.ar\/2023\/wp-content\/uploads\/2023\/12\/wp-header-logo-117.png",1200,675,false],"newsium-slider-full":["https:\/\/radiofenix.com.ar\/2023\/wp-content\/uploads\/2023\/12\/wp-header-logo-117.png",1200,675,false],"newsium-featured":["https:\/\/radiofenix.com.ar\/2023\/wp-content\/uploads\/2023\/12\/wp-header-logo-117-1024x576.png",1024,576,true],"newsium-medium":["https:\/\/radiofenix.com.ar\/2023\/wp-content\/uploads\/2023\/12\/wp-header-logo-117-720x475.png",720,475,true]},"author_info":{"info":[""]},"category_info":"<a href=\"https:\/\/radiofenix.com.ar\/2023\/category\/sociedad\/\" rel=\"category tag\">Sociedad<\/a>","tag_info":"Sociedad","comment_count":"0","_links":{"self":[{"href":"https:\/\/radiofenix.com.ar\/2023\/wp-json\/wp\/v2\/posts\/192041","targetHints":{"allow":["GET"]}}],"collection":[{"href":"https:\/\/radiofenix.com.ar\/2023\/wp-json\/wp\/v2\/posts"}],"about":[{"href":"https:\/\/radiofenix.com.ar\/2023\/wp-json\/wp\/v2\/types\/post"}],"replies":[{"embeddable":true,"href":"https:\/\/radiofenix.com.ar\/2023\/wp-json\/wp\/v2\/comments?post=192041"}],"version-history":[{"count":0,"href":"https:\/\/radiofenix.com.ar\/2023\/wp-json\/wp\/v2\/posts\/192041\/revisions"}],"wp:featuredmedia":[{"embeddable":true,"href":"https:\/\/radiofenix.com.ar\/2023\/wp-json\/wp\/v2\/media\/192042"}],"wp:attachment":[{"href":"https:\/\/radiofenix.com.ar\/2023\/wp-json\/wp\/v2\/media?parent=192041"}],"wp:term":[{"taxonomy":"category","embeddable":true,"href":"https:\/\/radiofenix.com.ar\/2023\/wp-json\/wp\/v2\/categories?post=192041"},{"taxonomy":"post_tag","embeddable":true,"href":"https:\/\/radiofenix.com.ar\/2023\/wp-json\/wp\/v2\/tags?post=192041"}],"curies":[{"name":"wp","href":"https:\/\/api.w.org\/{rel}","templated":true}]}}