{"id":192055,"date":"2023-12-17T08:57:44","date_gmt":"2023-12-17T08:57:44","guid":{"rendered":"https:\/\/radiofenix.com.ar\/2023\/el-costo-de-la-canasta-basica-alimentaria-subio-152-en-noviembre\/"},"modified":"2023-12-17T08:57:44","modified_gmt":"2023-12-17T08:57:44","slug":"el-costo-de-la-canasta-basica-alimentaria-subio-152-en-noviembre","status":"publish","type":"post","link":"https:\/\/radiofenix.com.ar\/2023\/el-costo-de-la-canasta-basica-alimentaria-subio-152-en-noviembre\/","title":{"rendered":"El costo de la Canasta B\u00e1sica Alimentaria subi\u00f3 15,2 % en noviembre"},"content":{"rendered":"<div>\n<figure class=\"mb-3\"><img decoding=\"async\" src=\"https:\/\/www.telam.com.ar\/thumbs\/bluesteel\/advf\/imagenes\/2022\/02\/620be2047036c_1200.jpg\" class=\" lazy \" width=\"100%\" height=\"100%\" alt=\"Foto archivo Marcelo Ochoa\"\/><figcaption> Foto archivo: Marcelo Ochoa. <\/figcaption><\/figure>\n<p> El costo de los productos que integran la <strong>Canasta B\u00e1sica Alimentaria<\/strong> (CBA) subi\u00f3 15,2% en noviembre, lo que determin\u00f3 que <strong>una familia conformada por dos adultos y dos hijos menores necesitara ingresos por $ 185.050 para no caer en la indigencia<\/strong>, inform\u00f3 este viernes el Instituto Nacional de Estad\u00edstica y Censos (Indec).<\/p>\n<p>En tanto, el costo de la <strong>Canasta B\u00e1sica Total<\/strong> (CBT) <strong>subi\u00f3 13,1 %<\/strong> el mes pasado, por lo que el mismo grupo familiar necesit\u00f3 contar con ingresos por $ 390.456 para no caer debajo de la l\u00ednea de la pobreza.<\/p>\n<p>El Indec dio cuenta el mi\u00e9rcoles que <strong>la inflaci\u00f3n minorista durante noviembre ascendi\u00f3 al 12,8 %<\/strong>, y que el rubro Alimentos y Bebidas mostr\u00f3 una suba mayor al \u00edndice general, con un 15,7 %.<\/p>\n<p>La CBA aument\u00f3 en lo que va del a\u00f1o 157,4%, mientras que la CBT subi\u00f3 156%. Esta diferencia obedece a que los precios regulados, como el transporte, aumentaron menos que el promedio.<\/p>\n<p>Si se hace la comparaci\u00f3n de noviembre contra igual mes del a\u00f1o pasado la diferencia se ampl\u00eda, ya que la CBA aument\u00f3 189,1 % y la CBT 167,5%.<\/p>\n<p><figure class=\"mb-3\"><img decoding=\"async\" src=\"https:\/\/www.telam.com.ar\/thumbs\/bluesteel\/advf\/imagenes\/2023\/12\/657cc538399e7_1200.jpg\" class=\" lazy \" width=\"100%\" height=\"100%\" alt=\"Telam SE\"\/><figcaption\/><\/figure>\n<\/p>\n<h2 class=\"\">El impacto en la poblaci\u00f3n<\/h2>\n<p>Hasta el primer semestre del a\u00f1o, \u00faltima medici\u00f3n disponible del Indec, el 40,1% de los habitantes del pa\u00eds estaban bajo la l\u00ednea de pobreza, de los cuales, el 9,3% era indigente.<\/p>\n<p>De esta manera, <strong>sobre una poblaci\u00f3n de 46 millones de personas, 18,4 millones se encuentran en la pobreza, y uno de cada cuatro de ellas es indigente.<\/strong><\/p>\n<p>Adem\u00e1s, la pobreza se hace m\u00e1s fuerte en los menores de 16 a\u00f1os donde el porcentaje alcanza al 60%, seg\u00fan cifras del Indec.<\/p>\n<p>Los datos de mediados de este a\u00f1o superaron al 39,3% de pobreza con que cerr\u00f3 el 2022, y 8,1% de indigentes, seg\u00fan el Indec.<\/p>\n<p>Sin embargo, el ex presidente, <strong>Alberto Fern\u00e1ndez asegur\u00f3 ante de dejar la funci\u00f3n p\u00fablica que la pobreza \u201cest\u00e1 mal medida\u201d porque si hubiera un 40,1% como dicen las mediciones del INDEC \u201cla Argentina estar\u00eda estallada\u201d.<\/strong><\/p>\n<p>\u201cLa pobreza se mide a trav\u00e9s de la Encuesta Permanente de Hogares, es una encuesta. Yo me temo que la gente no diga toda la verdad, porque si le preguntas a una persona y te dice \u00b4tengo un plan\u00b4, de ah\u00ed en m\u00e1s empieza a mentir porque tiene miedo de que se lo quiten\u201d, afirm\u00f3 el ex mandatario una semana antes de entregar el mando.<\/p>\n<p>En tanto, el <strong>Observatorio de la Deuda Social Argentina<\/strong> (ODSA) de la <strong>Universidad Cat\u00f3lica Argentina<\/strong> (UCA) estim\u00f3 que la pobreza multidimensional urbana ascendi\u00f3 en el tercer trimestre de 2023 al 44,7% del total de la poblaci\u00f3n y al 62,9% de los ni\u00f1os y adolescentes.<\/p>\n<p>Asimismo, la indigencia alcanz\u00f3 al 9,6% y la calidad de empleo cay\u00f3 a los niveles m\u00e1s bajo de la serie que la UCA mide desde 2004.<\/p>\n<p>Las cifras de la nueva medici\u00f3n reflejan un crecimiento de los \u00edndices respecto al mismo trimestre de 2022, cuando la pobreza lleg\u00f3 al 43,1% y la indigencia al 8,1%.<\/p>\n<p>El director del Observatorio, Agust\u00edn Salvia, indic\u00f3 que para 2024 \u00abse abre un escenario en el que la pobreza va a seguir aumentando, no de manera explosiva, sino en niveles similares al crecimiento que tuvo en los \u00faltimos dos a\u00f1os\u00bb, en un contexto que, como anticip\u00f3 el presidente electo Javier Milei, coexistir\u00e1n \u00abuna din\u00e1mica de alta inflaci\u00f3n con el estancamiento econ\u00f3mico\u00bb.<\/p>\n<\/div>\n<p><script async defer crossorigin=\"anonymous\" src=\"https:\/\/connect.facebook.net\/es_LA\/sdk.js#xfbml=1&#038;version=v12.0\" nonce=\"SBlHQzIF\"><\/script><br \/><a href=\"https:\/\/www.telam.com.ar\/notas\/202312\/649672-canasta-alimentaria-noviembre.html\">source<\/a><\/p>\n","protected":false},"excerpt":{"rendered":"<p>Foto archivo: Marcelo Ochoa. El costo de los productos que integran la Canasta B\u00e1sica Alimentaria&#8230;<\/p>\n","protected":false},"author":0,"featured_media":192056,"comment_status":"open","ping_status":"open","sticky":false,"template":"","format":"standard","meta":{"footnotes":""},"categories":[5],"tags":[],"class_list":["post-192055","post","type-post","status-publish","format-standard","has-post-thumbnail","hentry","category-economia"],"featured_image_urls":{"full":["https:\/\/radiofenix.com.ar\/2023\/wp-content\/uploads\/2023\/12\/wp-header-logo-124.png",1004,565,false],"thumbnail":["https:\/\/radiofenix.com.ar\/2023\/wp-content\/uploads\/2023\/12\/wp-header-logo-124-150x150.png",150,150,true],"medium":["https:\/\/radiofenix.com.ar\/2023\/wp-content\/uploads\/2023\/12\/wp-header-logo-124-300x169.png",300,169,true],"medium_large":["https:\/\/radiofenix.com.ar\/2023\/wp-content\/uploads\/2023\/12\/wp-header-logo-124-768x432.png",640,360,true],"large":["https:\/\/radiofenix.com.ar\/2023\/wp-content\/uploads\/2023\/12\/wp-header-logo-124.png",640,360,false],"1536x1536":["https:\/\/radiofenix.com.ar\/2023\/wp-content\/uploads\/2023\/12\/wp-header-logo-124.png",1004,565,false],"2048x2048":["https:\/\/radiofenix.com.ar\/2023\/wp-content\/uploads\/2023\/12\/wp-header-logo-124.png",1004,565,false],"newsium-slider-full":["https:\/\/radiofenix.com.ar\/2023\/wp-content\/uploads\/2023\/12\/wp-header-logo-124.png",1004,565,false],"newsium-featured":["https:\/\/radiofenix.com.ar\/2023\/wp-content\/uploads\/2023\/12\/wp-header-logo-124.png",1004,565,false],"newsium-medium":["https:\/\/radiofenix.com.ar\/2023\/wp-content\/uploads\/2023\/12\/wp-header-logo-124-720x475.png",720,475,true]},"author_info":{"info":[""]},"category_info":"<a href=\"https:\/\/radiofenix.com.ar\/2023\/category\/economia\/\" rel=\"category tag\">Economia<\/a>","tag_info":"Economia","comment_count":"0","_links":{"self":[{"href":"https:\/\/radiofenix.com.ar\/2023\/wp-json\/wp\/v2\/posts\/192055","targetHints":{"allow":["GET"]}}],"collection":[{"href":"https:\/\/radiofenix.com.ar\/2023\/wp-json\/wp\/v2\/posts"}],"about":[{"href":"https:\/\/radiofenix.com.ar\/2023\/wp-json\/wp\/v2\/types\/post"}],"replies":[{"embeddable":true,"href":"https:\/\/radiofenix.com.ar\/2023\/wp-json\/wp\/v2\/comments?post=192055"}],"version-history":[{"count":0,"href":"https:\/\/radiofenix.com.ar\/2023\/wp-json\/wp\/v2\/posts\/192055\/revisions"}],"wp:featuredmedia":[{"embeddable":true,"href":"https:\/\/radiofenix.com.ar\/2023\/wp-json\/wp\/v2\/media\/192056"}],"wp:attachment":[{"href":"https:\/\/radiofenix.com.ar\/2023\/wp-json\/wp\/v2\/media?parent=192055"}],"wp:term":[{"taxonomy":"category","embeddable":true,"href":"https:\/\/radiofenix.com.ar\/2023\/wp-json\/wp\/v2\/categories?post=192055"},{"taxonomy":"post_tag","embeddable":true,"href":"https:\/\/radiofenix.com.ar\/2023\/wp-json\/wp\/v2\/tags?post=192055"}],"curies":[{"name":"wp","href":"https:\/\/api.w.org\/{rel}","templated":true}]}}