{"id":192057,"date":"2023-12-17T08:57:46","date_gmt":"2023-12-17T08:57:46","guid":{"rendered":"https:\/\/radiofenix.com.ar\/2023\/cayo-una-avioneta-en-cutral-co-murieron-dos-personas\/"},"modified":"2023-12-17T08:57:46","modified_gmt":"2023-12-17T08:57:46","slug":"cayo-una-avioneta-en-cutral-co-murieron-dos-personas","status":"publish","type":"post","link":"https:\/\/radiofenix.com.ar\/2023\/cayo-una-avioneta-en-cutral-co-murieron-dos-personas\/","title":{"rendered":"Cay\u00f3 una avioneta en Cutral Co: murieron dos personas"},"content":{"rendered":"<div>\n<figure class=\"mb-3\"><img decoding=\"async\" src=\"https:\/\/www.telam.com.ar\/thumbs\/bluesteel\/advf\/imagenes\/2023\/12\/657dcc6abb136_1200.jpg\" class=\" lazy \" width=\"100%\" height=\"100%\" alt=\"La avioneta pertenece al Aeroclub de Cutral Co foto X lavozdelneuquen\"\/><figcaption> La avioneta pertenece al Aeroclub de Cutral Co. foto X @lavozdelneuquen <\/figcaption><\/figure>\n<p> Dos personas fallecieron este s\u00e1bado por la ma\u00f1ana en instalaciones del aer\u00f3dromo de Cutral Co, en Neuqu\u00e9n, cuando la avioneta que ocupaban carreteaba, levant\u00f3 poca altura, cay\u00f3 y luego se incendi\u00f3 por motivos que se desconocen hasta el momento, seg\u00fan informaron fuentes oficiales.<\/p>\n<p>En di\u00e1logo con T\u00e9lam, el <strong>jefe de Bomberos de Cutral Co, Dar\u00edo Campos,<\/strong> dijo que recibieron \u00abuna llamada de vecinos del aer\u00f3dromo municipal a las 7.25 de la ma\u00f1ana\u00bb, quienes hab\u00edan visto el impacto y las llamas.<\/p>\n<p>\u00abNos encontramos con restos del avi\u00f3n encendidos y dos cuerpos que estaban en el interior\u00bb, precis\u00f3 Campos y agreg\u00f3 que \u00abse procedi\u00f3 a la extinci\u00f3n\u00bb.<\/p>\n<blockquote class=\"twitter-tweet\">\n<p lang=\"es\" dir=\"ltr\">(ULTIMO MOMENTO) Cutral Co: cay\u00f3 una avioneta<a href=\"https:\/\/t.co\/8PW6gnJdQq\">https:\/\/t.co\/8PW6gnJdQq<\/a> <a href=\"https:\/\/t.co\/xNgFfXwXzc\">pic.twitter.com\/xNgFfXwXzc<\/a><\/p>\n<p>\u2014 La Voz del Neuqu\u00e9n (@lavozdelneuquen) <a href=\"https:\/\/twitter.com\/lavozdelneuquen\/status\/1735983845780893768?ref_src=twsrc%5Etfw\">December 16, 2023<\/a><\/p><\/blockquote>\n<p>Desde el Aeroclub confirmaron que las v\u00edctimas fatales son los <strong>dos \u00fanicos tripulantes de la avioneta<\/strong>: el <strong>presidente de la instituci\u00f3n, Ceferino Sep\u00falveda;<\/strong> y un reconocido comerciante de Cutral Co,<strong> Alejandro Romera,<\/strong> que tambi\u00e9n era integrante de la asociaci\u00f3n.<\/p>\n<p>La avioneta <strong>pertenece al Aeroclub <\/strong>de esa localidad; es una aeronave de<strong> peque\u00f1o porte con motor a h\u00e9lic<\/strong>e, adquirida por esa asociaci\u00f3n, que arrastraba a un planeador.<\/p>\n<p>En las redes trascendi\u00f3 que la causa pod\u00eda haber sido una falla \u00aben las turbinas\u00bb, algo que se desestim\u00f3 inmediatamente por la presencia de la h\u00e9lice.<\/p>\n<p>Una vez que se retiraron los bomberos, se hizo cargo personal del aer\u00f3dromo y esperaban la llegada de Polic\u00eda de Seguridad Aeroportuaria (PSA) de Neuqu\u00e9n.<\/p>\n<\/div>\n<p><script async src=\"\/\/platform.twitter.com\/widgets.js\" charset=\"utf-8\"><\/script><script async defer crossorigin=\"anonymous\" src=\"https:\/\/connect.facebook.net\/es_LA\/sdk.js#xfbml=1&#038;version=v12.0\" nonce=\"SBlHQzIF\"><\/script><br \/><a href=\"https:\/\/www.telam.com.ar\/notas\/202312\/649734-cayo-avioneta-cutral-co-dos-muertos.html\">source<\/a><\/p>\n","protected":false},"excerpt":{"rendered":"<p>La avioneta pertenece al Aeroclub de Cutral Co. foto X @lavozdelneuquen Dos personas fallecieron este&#8230;<\/p>\n","protected":false},"author":0,"featured_media":192058,"comment_status":"open","ping_status":"open","sticky":false,"template":"","format":"standard","meta":{"footnotes":""},"categories":[7],"tags":[],"class_list":["post-192057","post","type-post","status-publish","format-standard","has-post-thumbnail","hentry","category-sociedad"],"featured_image_urls":{"full":["https:\/\/radiofenix.com.ar\/2023\/wp-content\/uploads\/2023\/12\/wp-header-logo-125.png",900,506,false],"thumbnail":["https:\/\/radiofenix.com.ar\/2023\/wp-content\/uploads\/2023\/12\/wp-header-logo-125-150x150.png",150,150,true],"medium":["https:\/\/radiofenix.com.ar\/2023\/wp-content\/uploads\/2023\/12\/wp-header-logo-125-300x169.png",300,169,true],"medium_large":["https:\/\/radiofenix.com.ar\/2023\/wp-content\/uploads\/2023\/12\/wp-header-logo-125-768x432.png",640,360,true],"large":["https:\/\/radiofenix.com.ar\/2023\/wp-content\/uploads\/2023\/12\/wp-header-logo-125.png",640,360,false],"1536x1536":["https:\/\/radiofenix.com.ar\/2023\/wp-content\/uploads\/2023\/12\/wp-header-logo-125.png",900,506,false],"2048x2048":["https:\/\/radiofenix.com.ar\/2023\/wp-content\/uploads\/2023\/12\/wp-header-logo-125.png",900,506,false],"newsium-slider-full":["https:\/\/radiofenix.com.ar\/2023\/wp-content\/uploads\/2023\/12\/wp-header-logo-125.png",900,506,false],"newsium-featured":["https:\/\/radiofenix.com.ar\/2023\/wp-content\/uploads\/2023\/12\/wp-header-logo-125.png",900,506,false],"newsium-medium":["https:\/\/radiofenix.com.ar\/2023\/wp-content\/uploads\/2023\/12\/wp-header-logo-125-720x475.png",720,475,true]},"author_info":{"info":[""]},"category_info":"<a href=\"https:\/\/radiofenix.com.ar\/2023\/category\/sociedad\/\" rel=\"category tag\">Sociedad<\/a>","tag_info":"Sociedad","comment_count":"0","_links":{"self":[{"href":"https:\/\/radiofenix.com.ar\/2023\/wp-json\/wp\/v2\/posts\/192057","targetHints":{"allow":["GET"]}}],"collection":[{"href":"https:\/\/radiofenix.com.ar\/2023\/wp-json\/wp\/v2\/posts"}],"about":[{"href":"https:\/\/radiofenix.com.ar\/2023\/wp-json\/wp\/v2\/types\/post"}],"replies":[{"embeddable":true,"href":"https:\/\/radiofenix.com.ar\/2023\/wp-json\/wp\/v2\/comments?post=192057"}],"version-history":[{"count":0,"href":"https:\/\/radiofenix.com.ar\/2023\/wp-json\/wp\/v2\/posts\/192057\/revisions"}],"wp:featuredmedia":[{"embeddable":true,"href":"https:\/\/radiofenix.com.ar\/2023\/wp-json\/wp\/v2\/media\/192058"}],"wp:attachment":[{"href":"https:\/\/radiofenix.com.ar\/2023\/wp-json\/wp\/v2\/media?parent=192057"}],"wp:term":[{"taxonomy":"category","embeddable":true,"href":"https:\/\/radiofenix.com.ar\/2023\/wp-json\/wp\/v2\/categories?post=192057"},{"taxonomy":"post_tag","embeddable":true,"href":"https:\/\/radiofenix.com.ar\/2023\/wp-json\/wp\/v2\/tags?post=192057"}],"curies":[{"name":"wp","href":"https:\/\/api.w.org\/{rel}","templated":true}]}}