{"id":192061,"date":"2023-12-17T08:57:49","date_gmt":"2023-12-17T08:57:49","guid":{"rendered":"https:\/\/radiofenix.com.ar\/2023\/condenaron-a-cinco-anos-y-medio-de-prision-al-ex-numero-tres-del-vaticano\/"},"modified":"2023-12-17T08:57:49","modified_gmt":"2023-12-17T08:57:49","slug":"condenaron-a-cinco-anos-y-medio-de-prision-al-ex-numero-tres-del-vaticano","status":"publish","type":"post","link":"https:\/\/radiofenix.com.ar\/2023\/condenaron-a-cinco-anos-y-medio-de-prision-al-ex-numero-tres-del-vaticano\/","title":{"rendered":"Condenaron a cinco a\u00f1os y medio de prisi\u00f3n al ex &quot;n\u00famero tres&quot; del Vaticano"},"content":{"rendered":"<div>\n<figure class=\"mb-3\"><img decoding=\"async\" src=\"https:\/\/www.telam.com.ar\/thumbs\/bluesteel\/advf\/imagenes\/2023\/07\/64c0f91c7938e_1200.jpg\" class=\" lazy \" width=\"100%\" height=\"100%\" alt=\"El cardenal Angelo Becciu condenado por fraude Foto AFP\"\/><figcaption> El cardenal Angelo Becciu condenado por fraude \/ Foto: AFP. <\/figcaption><\/figure>\n<p> El tribunal penal del Vaticano conden\u00f3 este s\u00e1bado al ex \u00abn\u00famero tres\u00bb del Vaticano a cinco a\u00f1os y medio de prisi\u00f3n por fraude, en un caso relacionado con operaciones financieras de la Santa Sede.<\/p>\n<p>Se trata del cardenal Angelo Becciu, de 75 a\u00f1os, quien fue juzgado junto a otras nueve personas.<\/p>\n<p>Es el funcionario de <strong>mayor rango de la Iglesia Cat\u00f3lica<\/strong> en comparecer ante este tribunal, que imparte la justicia civil de la Ciudad-estado.<\/p>\n<p>Becciu, exasesor del papa Francisco, tambi\u00e9n fue multado con 8.000 euros, inform\u00f3 la agencia de noticias AFP.<\/p>\n<p>La fiscal\u00eda vaticana hab\u00eda solicitado una sentencia de siete a\u00f1os y tres meses de prisi\u00f3n contra el obispo, as\u00ed como una multa de m\u00e1s de 10.000 euros.<\/p>\n<p>\u00ab<strong>Respetamos el veredicto, pero ciertamente presentaremos una apelaci\u00f3n\u00bb<\/strong>, dijo Fabio Vignone, abogado del obispo.<\/p>\n<p>En el <strong>centro del caso<\/strong> est\u00e1 la <strong>compra, por 350 millones de euros, de un edificio de lujo en Londres<\/strong> entre 2014 y 2018, en el marco de las inversiones de la Santa Sede, que cuenta con un patrimonio inmobiliario considerable.<\/p>\n<p>Este caso, <strong>con m\u00faltiples ramificaciones,<\/strong> pone de nuevo sobre la mesa la opacidad de las finanzas del Vaticano.<\/p>\n<p>Desde su llegada a la Santa Sede, en 2013, Francisco ha intentado corregir ese rumbo; tambi\u00e9n reform\u00f3 el sistema judicial para que obispos y cardenales puedan ser juzgados en tribunales laicos, y no solo en instancias religiosas.<\/p>\n<p>El fiscal, Alessandro Diddi, hab\u00eda pedido penas de c\u00e1rcel que van desde casi cuatro a\u00f1os hasta m\u00e1s de 13, adem\u00e1s de sanciones financieras, contra los diez acusados que comparec\u00edan por fraude, desv\u00edo de fondos, abuso de poder, blanqueo de dinero, corrupci\u00f3n y extorsi\u00f3n.<\/p>\n<p><figure class=\"mb-3\"><img decoding=\"async\" src=\"https:\/\/www.telam.com.ar\/thumbs\/bluesteel\/advf\/imagenes\/2022\/08\/63036b41357a1_1200.jpg\" class=\" lazy \" width=\"100%\" height=\"100%\" alt=\"Foto AFP\"\/><figcaption> Foto: AFP. <\/figcaption><\/figure>\n<p><strong>El cardenal Becciu<\/strong>, exn\u00famero dos de la Secretar\u00eda de Estado, principal \u00f3rgano del Gobierno central de la Santa Sede, conserva su t\u00edtulo, pero f<strong>ue destituido de todas sus funciones en septiembre de 2020.<\/strong><\/p>\n<p>Nacido en Cerde\u00f1a, Becciu siempre <strong>asegur\u00f3 que es inocente<\/strong> y que <strong>v\u00edctima de un \u00ablinchamiento medi\u00e1tico\u00bb<\/strong>. Sus abogados pidieron su absoluci\u00f3n.<\/p>\n<p>Por su parte, la<strong> Santa Sede<\/strong> invit\u00f3 al tribunal a <strong>\u00abcastigar todos los delitos\u00bb<\/strong>, indic\u00f3 el Secretario de Estado y n\u00famero dos del Vaticano, el cardenal italiano Pietro Parolin, que consider\u00f3 la Secretar\u00eda de Estado como <strong>\u00abla parte agraviada\u00bb<\/strong>.<\/p>\n<h2 class=\"\">El proceso<\/h2>\n<p>Al t\u00e9rmino de las <strong>85 audiencias<\/strong> de este proceso conocido como el \u00ab<strong>del inmueble de Londres\u00bb,<\/strong> los debates sacaron a la luz la opacidad de algunas operaciones financieras de la Santa Sede, con revelaciones sobre escuchas telef\u00f3nicas y procedimientos a trav\u00e9s de una serie de intermediarios.<\/p>\n<p>Entre los momentos destacados del proceso figuran las <strong>revelaciones sobre una conversaci\u00f3n telef\u00f3nica <\/strong>de Becciu -a iniciativa suya- con el Papa y grabada sin el conocimiento de este, poco antes del juicio, en la que le ped\u00eda confirmar que hab\u00eda aprobado movimientos financieros confidenciales.<\/p>\n<p>La instrucci\u00f3n describi\u00f3 <strong>un enredo \u00abcasi imposible de deshacer<\/strong>\u00bb de fondos de inversi\u00f3n especulativos, de bancos, instituciones de cr\u00e9dito, personas f\u00edsicas y jur\u00eddicas.<\/p>\n<p>Esta adquisici\u00f3n, a un precio sobrevalorado, puso en evidencia el <strong>uso imprudente del \u00d3bolo de San Pedro<\/strong>, la gran colecta anual de donativos destinados a las acciones caritativas del papa. Igualmente, gener\u00f3 p\u00e9rdidas sustanciales en las finanzas del Vaticano.<\/p>\n<p><strong>La Santa Sede finalmente revendi\u00f3 el edificio<\/strong> de 17.000 m2 situado en el elegante barrio de Chelsea, a costa de grandes p\u00e9rdidas.<\/p>\n<p>Este caso asest\u00f3 un duro golpe a la reputaci\u00f3n de la Iglesia y del papa Francisco, que multiplic\u00f3 las reformas para sanear las finanzas del Vaticano y luchar contra el fraude.<\/p>\n<p>Adem\u00e1s de la creaci\u00f3n de una Secretar\u00eda para la Econom\u00eda en 2014, limit\u00f3, desde su elecci\u00f3n en 2013, las inversiones y las actividades del Banco del Vaticano, en especial con el cierre de 5.000 cuentas sospechosas.<\/p>\n<p>Exsustituto de la Secretar\u00eda de Estado y considerado el \u00abn\u00famero 3\u00bb del Vaticano entre 2011 y 2018, Becciu perdi\u00f3 tras su remoci\u00f3n la posibilidad de participar en un eventual c\u00f3nclave, y por ende de ser Papa a causa de la investigaci\u00f3n.<\/p>\n<\/div>\n<p><script async defer crossorigin=\"anonymous\" src=\"https:\/\/connect.facebook.net\/es_LA\/sdk.js#xfbml=1&#038;version=v12.0\" nonce=\"SBlHQzIF\"><\/script><br \/><a href=\"https:\/\/www.telam.com.ar\/notas\/202312\/649743-condena-prision-ex-numero-tres-vaticano-fraude-financiero.html\">source<\/a><\/p>\n","protected":false},"excerpt":{"rendered":"<p>El cardenal Angelo Becciu condenado por fraude \/ Foto: AFP. El tribunal penal del Vaticano&#8230;<\/p>\n","protected":false},"author":0,"featured_media":192062,"comment_status":"open","ping_status":"open","sticky":false,"template":"","format":"standard","meta":{"footnotes":""},"categories":[60],"tags":[],"class_list":["post-192061","post","type-post","status-publish","format-standard","has-post-thumbnail","hentry","category-internacional"],"featured_image_urls":{"full":["https:\/\/radiofenix.com.ar\/2023\/wp-content\/uploads\/2023\/12\/wp-header-logo-127.png",1200,675,false],"thumbnail":["https:\/\/radiofenix.com.ar\/2023\/wp-content\/uploads\/2023\/12\/wp-header-logo-127-150x150.png",150,150,true],"medium":["https:\/\/radiofenix.com.ar\/2023\/wp-content\/uploads\/2023\/12\/wp-header-logo-127-300x169.png",300,169,true],"medium_large":["https:\/\/radiofenix.com.ar\/2023\/wp-content\/uploads\/2023\/12\/wp-header-logo-127-768x432.png",640,360,true],"large":["https:\/\/radiofenix.com.ar\/2023\/wp-content\/uploads\/2023\/12\/wp-header-logo-127-1024x576.png",640,360,true],"1536x1536":["https:\/\/radiofenix.com.ar\/2023\/wp-content\/uploads\/2023\/12\/wp-header-logo-127.png",1200,675,false],"2048x2048":["https:\/\/radiofenix.com.ar\/2023\/wp-content\/uploads\/2023\/12\/wp-header-logo-127.png",1200,675,false],"newsium-slider-full":["https:\/\/radiofenix.com.ar\/2023\/wp-content\/uploads\/2023\/12\/wp-header-logo-127.png",1200,675,false],"newsium-featured":["https:\/\/radiofenix.com.ar\/2023\/wp-content\/uploads\/2023\/12\/wp-header-logo-127-1024x576.png",1024,576,true],"newsium-medium":["https:\/\/radiofenix.com.ar\/2023\/wp-content\/uploads\/2023\/12\/wp-header-logo-127-720x475.png",720,475,true]},"author_info":{"info":[""]},"category_info":"<a href=\"https:\/\/radiofenix.com.ar\/2023\/category\/internacional\/\" rel=\"category tag\">Internacional<\/a>","tag_info":"Internacional","comment_count":"0","_links":{"self":[{"href":"https:\/\/radiofenix.com.ar\/2023\/wp-json\/wp\/v2\/posts\/192061","targetHints":{"allow":["GET"]}}],"collection":[{"href":"https:\/\/radiofenix.com.ar\/2023\/wp-json\/wp\/v2\/posts"}],"about":[{"href":"https:\/\/radiofenix.com.ar\/2023\/wp-json\/wp\/v2\/types\/post"}],"replies":[{"embeddable":true,"href":"https:\/\/radiofenix.com.ar\/2023\/wp-json\/wp\/v2\/comments?post=192061"}],"version-history":[{"count":0,"href":"https:\/\/radiofenix.com.ar\/2023\/wp-json\/wp\/v2\/posts\/192061\/revisions"}],"wp:featuredmedia":[{"embeddable":true,"href":"https:\/\/radiofenix.com.ar\/2023\/wp-json\/wp\/v2\/media\/192062"}],"wp:attachment":[{"href":"https:\/\/radiofenix.com.ar\/2023\/wp-json\/wp\/v2\/media?parent=192061"}],"wp:term":[{"taxonomy":"category","embeddable":true,"href":"https:\/\/radiofenix.com.ar\/2023\/wp-json\/wp\/v2\/categories?post=192061"},{"taxonomy":"post_tag","embeddable":true,"href":"https:\/\/radiofenix.com.ar\/2023\/wp-json\/wp\/v2\/tags?post=192061"}],"curies":[{"name":"wp","href":"https:\/\/api.w.org\/{rel}","templated":true}]}}