{"id":192063,"date":"2023-12-17T08:57:52","date_gmt":"2023-12-17T08:57:52","guid":{"rendered":"https:\/\/radiofenix.com.ar\/2023\/el-intendente-de-lanus-anuncio-un-bono-de-100-000-para-los-empleados-municipales\/"},"modified":"2023-12-17T08:57:52","modified_gmt":"2023-12-17T08:57:52","slug":"el-intendente-de-lanus-anuncio-un-bono-de-100-000-para-los-empleados-municipales","status":"publish","type":"post","link":"https:\/\/radiofenix.com.ar\/2023\/el-intendente-de-lanus-anuncio-un-bono-de-100-000-para-los-empleados-municipales\/","title":{"rendered":"El intendente de Lan\u00fas anunci\u00f3 un bono de $100.000 para los empleados municipales"},"content":{"rendered":"<div>\n<figure class=\"mb-3\"><img decoding=\"async\" src=\"https:\/\/www.telam.com.ar\/thumbs\/bluesteel\/advf\/imagenes\/2023\/12\/657e020d44a02_1200.jpg\" class=\" lazy \" width=\"100%\" height=\"100%\" alt=\"Julian Alvarez intendente de Lanus \"\/><figcaption> Julian Alvarez, intendente de Lanus. <\/figcaption><\/figure>\n<p> El intendente del municipio bonaerense de Lan\u00fas, Juli\u00e1n \u00c1lvarez, anunci\u00f3 este s\u00e1bado que ese distrito otorgar\u00e1 un bono de 100.000 pesos para los trabajadores municipales, que se cobrar\u00e1 en dos cuotas de 50.000 en los d\u00edas previos a Navidad, y la otra parte en el mes de enero.<\/p>\n<p>\u201cLas medidas de ajuste que ha dispuesto el Gobierno nacional golpea fuertemente el bolsillo de la familia municipal y afectan negativamente los ingresos de este municipio\u201d, dijo en un video publicado en su cuenta de X el jefe comunal camporista, al argumentar el pago de un bono adicional de fin de a\u00f1o.<\/p>\n<blockquote class=\"twitter-tweet\">\n<p lang=\"es\" dir=\"ltr\">Anunciamos un bono de 100 mil pesos para las y los trabajadores municipales, que se pagar\u00e1 en dos cuotas de 50 mil pesos cada una. Haremos el mayor esfuerzo para dignificar la tarea que realizan todos los d\u00edas.<a href=\"https:\/\/twitter.com\/hashtag\/LaCiudadQueNosMerecemos?src=hash&amp;ref_src=twsrc%5Etfw\">#LaCiudadQueNosMerecemos<\/a> <a href=\"https:\/\/t.co\/E7DtCIVaUK\">pic.twitter.com\/E7DtCIVaUK<\/a><\/p>\n<p>\u2014 Juli\u00e1n \u00c1lvarez (@aJulianAlvarez) <a href=\"https:\/\/twitter.com\/aJulianAlvarez\/status\/1735790766377586982?ref_src=twsrc%5Etfw\">December 15, 2023<\/a><\/p><\/blockquote>\n<p>El flamante intendente de Lan\u00fas asegur\u00f3 que los vecinos de ese distrito del sur del conurbano bonaerense \u201csaben que no venimos al municipio a especular\u201d y a\u00f1adi\u00f3: \u201cVamos a hacer el mayor esfuerzo posible para dignificar la tarea que realizan ustedes -los municipales- todos los d\u00edas\u201d.<\/p>\n<p>En ese sentido, precis\u00f3 que \u201cal sueldo y al aguinaldo que se cobrar\u00e1 este mes de diciembre, le adicionaremos un bono de cien mil pesos que ser\u00e1 pagado en dos cuotas de 50 mil. Una en el transcurso de este mes y la siguiente en la primera semana de enero\u201d.<\/p>\n<p>Juli\u00e1n \u00c1lvarez asumi\u00f3 el pasado 10 de diciembre en el Ejecutivo local tras 8 a\u00f1os de gobierno del PRO con el ex intendente N\u00e9stor Grindetti. <\/p>\n<\/div>\n<p><script async src=\"\/\/platform.twitter.com\/widgets.js\" charset=\"utf-8\"><\/script><script async defer crossorigin=\"anonymous\" src=\"https:\/\/connect.facebook.net\/es_LA\/sdk.js#xfbml=1&#038;version=v12.0\" nonce=\"SBlHQzIF\"><\/script><br \/><a href=\"https:\/\/www.telam.com.ar\/notas\/202312\/649748-lanus-bono-cien-mil-pesos-empleados-municipales-dos-cuotas.html\">source<\/a><\/p>\n","protected":false},"excerpt":{"rendered":"<p>Julian Alvarez, intendente de Lanus. El intendente del municipio bonaerense de Lan\u00fas, Juli\u00e1n \u00c1lvarez, anunci\u00f3&#8230;<\/p>\n","protected":false},"author":0,"featured_media":192064,"comment_status":"open","ping_status":"open","sticky":false,"template":"","format":"standard","meta":{"footnotes":""},"categories":[2],"tags":[],"class_list":["post-192063","post","type-post","status-publish","format-standard","has-post-thumbnail","hentry","category-politica"],"featured_image_urls":{"full":["https:\/\/radiofenix.com.ar\/2023\/wp-content\/uploads\/2023\/12\/wp-header-logo-128.png",1200,674,false],"thumbnail":["https:\/\/radiofenix.com.ar\/2023\/wp-content\/uploads\/2023\/12\/wp-header-logo-128-150x150.png",150,150,true],"medium":["https:\/\/radiofenix.com.ar\/2023\/wp-content\/uploads\/2023\/12\/wp-header-logo-128-300x169.png",300,169,true],"medium_large":["https:\/\/radiofenix.com.ar\/2023\/wp-content\/uploads\/2023\/12\/wp-header-logo-128-768x431.png",640,359,true],"large":["https:\/\/radiofenix.com.ar\/2023\/wp-content\/uploads\/2023\/12\/wp-header-logo-128-1024x575.png",640,359,true],"1536x1536":["https:\/\/radiofenix.com.ar\/2023\/wp-content\/uploads\/2023\/12\/wp-header-logo-128.png",1200,674,false],"2048x2048":["https:\/\/radiofenix.com.ar\/2023\/wp-content\/uploads\/2023\/12\/wp-header-logo-128.png",1200,674,false],"newsium-slider-full":["https:\/\/radiofenix.com.ar\/2023\/wp-content\/uploads\/2023\/12\/wp-header-logo-128.png",1200,674,false],"newsium-featured":["https:\/\/radiofenix.com.ar\/2023\/wp-content\/uploads\/2023\/12\/wp-header-logo-128-1024x575.png",1024,575,true],"newsium-medium":["https:\/\/radiofenix.com.ar\/2023\/wp-content\/uploads\/2023\/12\/wp-header-logo-128-720x475.png",720,475,true]},"author_info":{"info":[""]},"category_info":"<a href=\"https:\/\/radiofenix.com.ar\/2023\/category\/politica\/\" rel=\"category tag\">Pol\u00edtica<\/a>","tag_info":"Pol\u00edtica","comment_count":"0","_links":{"self":[{"href":"https:\/\/radiofenix.com.ar\/2023\/wp-json\/wp\/v2\/posts\/192063","targetHints":{"allow":["GET"]}}],"collection":[{"href":"https:\/\/radiofenix.com.ar\/2023\/wp-json\/wp\/v2\/posts"}],"about":[{"href":"https:\/\/radiofenix.com.ar\/2023\/wp-json\/wp\/v2\/types\/post"}],"replies":[{"embeddable":true,"href":"https:\/\/radiofenix.com.ar\/2023\/wp-json\/wp\/v2\/comments?post=192063"}],"version-history":[{"count":0,"href":"https:\/\/radiofenix.com.ar\/2023\/wp-json\/wp\/v2\/posts\/192063\/revisions"}],"wp:featuredmedia":[{"embeddable":true,"href":"https:\/\/radiofenix.com.ar\/2023\/wp-json\/wp\/v2\/media\/192064"}],"wp:attachment":[{"href":"https:\/\/radiofenix.com.ar\/2023\/wp-json\/wp\/v2\/media?parent=192063"}],"wp:term":[{"taxonomy":"category","embeddable":true,"href":"https:\/\/radiofenix.com.ar\/2023\/wp-json\/wp\/v2\/categories?post=192063"},{"taxonomy":"post_tag","embeddable":true,"href":"https:\/\/radiofenix.com.ar\/2023\/wp-json\/wp\/v2\/tags?post=192063"}],"curies":[{"name":"wp","href":"https:\/\/api.w.org\/{rel}","templated":true}]}}