{"id":192065,"date":"2023-12-17T08:57:54","date_gmt":"2023-12-17T08:57:54","guid":{"rendered":"https:\/\/radiofenix.com.ar\/2023\/la-muerte-del-rapero-canserbero-ahora-es-investigada-como-homicidio\/"},"modified":"2023-12-17T08:57:54","modified_gmt":"2023-12-17T08:57:54","slug":"la-muerte-del-rapero-canserbero-ahora-es-investigada-como-homicidio","status":"publish","type":"post","link":"https:\/\/radiofenix.com.ar\/2023\/la-muerte-del-rapero-canserbero-ahora-es-investigada-como-homicidio\/","title":{"rendered":"La muerte del rapero Canserbero ahora es investigada como homicidio"},"content":{"rendered":"<div>\n<figure class=\"mb-3\"><img decoding=\"async\" src=\"https:\/\/www.telam.com.ar\/thumbs\/bluesteel\/advf\/imagenes\/2023\/12\/657e20b86e67e_1200.jpg\" class=\" lazy \" width=\"100%\" height=\"100%\" alt=\"Foto IGelcanserbero\"\/><figcaption> Foto: IG@elcanserbero. <\/figcaption><\/figure>\n<p> El rapero venezolano Tirone Jos\u00e9 Gonz\u00e1lez, conocido como Canserbero -influyente en la escena argentina del freestyle-, quien se presum\u00eda se hab\u00eda suicidado en 2015, ahora es el centro de una investigaci\u00f3n por asesinato, seg\u00fan revel\u00f3 el Ministerio P\u00fablico de ese pa\u00eds.<\/p>\n<p>\u00abHoy qued\u00f3 cien por ciento descartada la tesis de que se trata de un suicidio (&#8230;) se est\u00e1 imponiendo la tesis del asesinato por motivos econ\u00f3micos\u00bb, dijo el fiscal general, Tarek William Saab.<\/p>\n<p>Seg\u00fan recogi\u00f3 la agencia EFE, el fiscal afirm\u00f3 que Gonz\u00e1lez fue \u00abapu\u00f1alado antes de caer\u00bb y \u00abrecibi\u00f3 al menos un golpe con un objeto contundente que no se corresponde con el lado en el que su cuerpo cay\u00f3\u00bb, a las afueras de un edificio de apartamentos en el estado Aragua, cercano a Caracas.<\/p>\n<blockquote class=\"\"><p>La Fiscal\u00eda solicit\u00f3 \u00f3rdenes de captura contra la m\u00e1nager y su hermano -que viven fuera de Venezuela, seg\u00fan medios locales- por los delitos de \u00abhomicidio calificado por motivos f\u00fatiles y con alevos\u00eda en grado de complicidad\u00bb<\/p><\/blockquote>\n<p> Saab descart\u00f3 que, como se inform\u00f3 en 2015, el cantante haya asesinado a su productor, Carlos Molnar, antes de quitarse la vida y, por el contrario, cree que unas \u00abseis personas\u00bb est\u00e1n involucradas en las muertes de ambos, principalmente quien fuera la m\u00e1nager del rapero, la \u00fanica que sali\u00f3 con vida de aquella casa, en enero de 2015.<\/p>\n<p>Por ello, la Fiscal\u00eda solicit\u00f3 \u00f3rdenes de captura contra la m\u00e1nager y su hermano -que viven fuera de Venezuela, seg\u00fan medios locales- por los delitos de \u00abhomicidio calificado por motivos f\u00fatiles y con alevos\u00eda en grado de complicidad\u00bb, as\u00ed como por \u00absimulaci\u00f3n de hecho punible\u00bb.<\/p>\n<p>El fiscal agreg\u00f3 que est\u00e1n investigando si Canserbero, cuyo cuerpo fue exhumado el 23 de noviembre, \u00abfue sometido a tortura previo a su muerte\u00bb, que se produjo dos meses antes de cumplir 27 a\u00f1os. <\/p>\n<\/div>\n<p><script async defer crossorigin=\"anonymous\" src=\"https:\/\/connect.facebook.net\/es_LA\/sdk.js#xfbml=1&#038;version=v12.0\" nonce=\"SBlHQzIF\"><\/script><br \/><a href=\"https:\/\/www.telam.com.ar\/notas\/202312\/649763-muerte-canserbero.html\">source<\/a><\/p>\n","protected":false},"excerpt":{"rendered":"<p>Foto: IG@elcanserbero. El rapero venezolano Tirone Jos\u00e9 Gonz\u00e1lez, conocido como Canserbero -influyente en la escena&#8230;<\/p>\n","protected":false},"author":0,"featured_media":192066,"comment_status":"open","ping_status":"open","sticky":false,"template":"","format":"standard","meta":{"footnotes":""},"categories":[4],"tags":[],"class_list":["post-192065","post","type-post","status-publish","format-standard","has-post-thumbnail","hentry","category-espectaculos"],"featured_image_urls":{"full":["https:\/\/radiofenix.com.ar\/2023\/wp-content\/uploads\/2023\/12\/wp-header-logo-129.png",1200,675,false],"thumbnail":["https:\/\/radiofenix.com.ar\/2023\/wp-content\/uploads\/2023\/12\/wp-header-logo-129-150x150.png",150,150,true],"medium":["https:\/\/radiofenix.com.ar\/2023\/wp-content\/uploads\/2023\/12\/wp-header-logo-129-300x169.png",300,169,true],"medium_large":["https:\/\/radiofenix.com.ar\/2023\/wp-content\/uploads\/2023\/12\/wp-header-logo-129-768x432.png",640,360,true],"large":["https:\/\/radiofenix.com.ar\/2023\/wp-content\/uploads\/2023\/12\/wp-header-logo-129-1024x576.png",640,360,true],"1536x1536":["https:\/\/radiofenix.com.ar\/2023\/wp-content\/uploads\/2023\/12\/wp-header-logo-129.png",1200,675,false],"2048x2048":["https:\/\/radiofenix.com.ar\/2023\/wp-content\/uploads\/2023\/12\/wp-header-logo-129.png",1200,675,false],"newsium-slider-full":["https:\/\/radiofenix.com.ar\/2023\/wp-content\/uploads\/2023\/12\/wp-header-logo-129.png",1200,675,false],"newsium-featured":["https:\/\/radiofenix.com.ar\/2023\/wp-content\/uploads\/2023\/12\/wp-header-logo-129-1024x576.png",1024,576,true],"newsium-medium":["https:\/\/radiofenix.com.ar\/2023\/wp-content\/uploads\/2023\/12\/wp-header-logo-129-720x475.png",720,475,true]},"author_info":{"info":[""]},"category_info":"<a href=\"https:\/\/radiofenix.com.ar\/2023\/category\/espectaculos\/\" rel=\"category tag\">Espectaculos<\/a>","tag_info":"Espectaculos","comment_count":"0","_links":{"self":[{"href":"https:\/\/radiofenix.com.ar\/2023\/wp-json\/wp\/v2\/posts\/192065","targetHints":{"allow":["GET"]}}],"collection":[{"href":"https:\/\/radiofenix.com.ar\/2023\/wp-json\/wp\/v2\/posts"}],"about":[{"href":"https:\/\/radiofenix.com.ar\/2023\/wp-json\/wp\/v2\/types\/post"}],"replies":[{"embeddable":true,"href":"https:\/\/radiofenix.com.ar\/2023\/wp-json\/wp\/v2\/comments?post=192065"}],"version-history":[{"count":0,"href":"https:\/\/radiofenix.com.ar\/2023\/wp-json\/wp\/v2\/posts\/192065\/revisions"}],"wp:featuredmedia":[{"embeddable":true,"href":"https:\/\/radiofenix.com.ar\/2023\/wp-json\/wp\/v2\/media\/192066"}],"wp:attachment":[{"href":"https:\/\/radiofenix.com.ar\/2023\/wp-json\/wp\/v2\/media?parent=192065"}],"wp:term":[{"taxonomy":"category","embeddable":true,"href":"https:\/\/radiofenix.com.ar\/2023\/wp-json\/wp\/v2\/categories?post=192065"},{"taxonomy":"post_tag","embeddable":true,"href":"https:\/\/radiofenix.com.ar\/2023\/wp-json\/wp\/v2\/tags?post=192065"}],"curies":[{"name":"wp","href":"https:\/\/api.w.org\/{rel}","templated":true}]}}