{"id":192067,"date":"2023-12-17T08:57:56","date_gmt":"2023-12-17T08:57:56","guid":{"rendered":"https:\/\/radiofenix.com.ar\/2023\/corte-de-luz-y-rafagas-de-variada-intensidad-dejo-el-viento-zonda-en-mendoza\/"},"modified":"2023-12-17T08:57:56","modified_gmt":"2023-12-17T08:57:56","slug":"corte-de-luz-y-rafagas-de-variada-intensidad-dejo-el-viento-zonda-en-mendoza","status":"publish","type":"post","link":"https:\/\/radiofenix.com.ar\/2023\/corte-de-luz-y-rafagas-de-variada-intensidad-dejo-el-viento-zonda-en-mendoza\/","title":{"rendered":"Corte de luz y r\u00e1fagas de variada intensidad dej\u00f3 el viento Zonda en Mendoza"},"content":{"rendered":"<div>\n<figure class=\"mb-3\"><img decoding=\"async\" src=\"https:\/\/www.telam.com.ar\/thumbs\/bluesteel\/advf\/imagenes\/2023\/08\/64d4c87397588_1200.jpg\" class=\" lazy \" width=\"100%\" height=\"100%\" alt=\"Foto Archivo \"\/><figcaption> Foto: Archivo. <\/figcaption><\/figure>\n<p> El viento zonda y el calor causaron esta tarde cortes de luz en varias localidades mendocinas, en las que se percibieron algunas r\u00e1fagas de variada intensidad, mientras rigen las alertas naranja y amarilla para la provincia por el fen\u00f3meno, informaron fuentes oficiales.<\/p>\n<p>Durante la tarde se produjeron cortes preventivos de luz en localidades como Maip\u00fa, Las Heras, Guaymall\u00e9n, y Potrerillos, indic\u00f3 la Empresa Distribuidora de Electricidad de Mendoza Sociedad An\u00f3nima (Edemsa).<\/p>\n<p>\u00abPor el aumento de intensidad del viento en zona de Potrerillos, y por pedido de las autoridades de Ambiente y Defensa Civil, se solicit\u00f3 formalmente el corte preventivo de energ\u00eda en toda la zona, a fin de evitar incendios por ca\u00edda de tendido el\u00e9ctrico\u00bb, comunic\u00f3 la empresa en las redes sociales. Y, apunt\u00f3 que \u00abtambi\u00e9n se han producido cortes por sobrecarga en zonas de Lujan, Maip\u00fa y Gran Mendoza\u00bb.<\/p>\n<blockquote class=\"twitter-tweet\">\n<p lang=\"es\" dir=\"ltr\"><a href=\"https:\/\/twitter.com\/hashtag\/Zonda?src=hash&amp;ref_src=twsrc%5Etfw\">#Zonda<\/a> <a href=\"https:\/\/twitter.com\/hashtag\/OlaDeCalor?src=hash&amp;ref_src=twsrc%5Etfw\">#OlaDeCalor<\/a><\/p>\n<p>Por el aumento de intensidad del viento en zona de <a href=\"https:\/\/twitter.com\/hashtag\/Potrerillos?src=hash&amp;ref_src=twsrc%5Etfw\">#Potrerillos<\/a>, y por pedido de las autoridades de Ambiente y Defensa Civil, se solicit\u00f3 formalmente el corte preventivo de energ\u00eda en toda la zona, a fin de evitar incendios por ca\u00edda de tendido el\u00e9ctrico.<br \/>(+) <a href=\"https:\/\/t.co\/6XWeovAI9d\">pic.twitter.com\/6XWeovAI9d<\/a><\/p>\n<p>\u2014 EDEMSA (@Edemsa) <a href=\"https:\/\/twitter.com\/Edemsa\/status\/1736102861723844890?ref_src=twsrc%5Etfw\">December 16, 2023<\/a><\/p><\/blockquote>\n<p> El viento se sinti\u00f3 luego del mediod\u00eda en algunas localidades y se extendi\u00f3 durante\u00a0 por sectores en los cuales se percibieron r\u00e1fagas de diversas intensidad, al mismo tiempo que el term\u00f3metro ascend\u00eda a los 38 grados y una sensaci\u00f3n t\u00e9rmica, superior a los 43.<\/p>\n<p>Sobre esto \u00faltimo, la provincia de Mendoza a trav\u00e9s de distintas \u00e1reas lanz\u00f3 una serie de recomendaciones a ra\u00edz de las alertas meteorol\u00f3gicas de Zonda para este s\u00e1bado y las altas temperaturas.<\/p>\n<p>\u00abEstamos coordinando operativos preventivos y de control ante los anticipos meteorol\u00f3gicos de Zonda en los que no se descarta ca\u00edda de granizo y una fuerte ola de calor en distintas zonas de la provincia, con alertas amarillas y naranja\u00bb, dijo en las \u00faltimas horas la ministra de Energ\u00eda y Ambiente, Jimena Latorre.<\/p>\n<blockquote class=\"\"><p>El calor se hizo sentir desde temprano en la provincia cuyana, cerca de las 11, la temperatura ya era de unos 28\u00b0C lo que ser\u00eda la antesala de lo que vendr\u00eda con el correr de las horas, es que cerca de las 15 la temperatura ya amagaba sobrepasar los 38\u00b0C<\/p><\/blockquote>\n<p> Por su parte, desde Defensa Civil sostuvo para este s\u00e1bado la alerta naranja por viento Zonda, con intensidad de moderado a fuerte, en las zonas bajas de Malarg\u00fce, San Rafael, Las Heras y Lujan de Cuyo.<\/p>\n<p>En tanto, la alerta amarilla, por condiciones de viento Oeste, fue para precordillera, algunos sectores del Gran Mendoza, Valle de Uco, y por la tarde tormentas con ocasional ca\u00edda de granizos, mayormente en la zona Sur, Este y Valle de Uco.<\/p>\n<p>El calor se hizo sentir desde temprano en la provincia cuyana, cerca de las 11, la temperatura ya era de unos 28\u00b0C lo que ser\u00eda la antesala de lo que vendr\u00eda con el correr de las horas, es que cerca de las 15 la temperatura ya amagaba sobrepasar los 38\u00b0C.<\/p>\n<p>En este escenario tanto turistas, como los \u00ablocales\u00bb buscaron refrescarse en fuentes de agua, la sombra de alg\u00fan \u00e1rbol, una helader\u00eda, todo estaba permitido para combatir el calor que a las 19.30, el mercurio marc\u00f3 42.2\u00b0C., en tanto se espera que las temperaturas bajen a partir de las 21 con la entrada de un frente frio. <\/p>\n<\/div>\n<p><script async src=\"\/\/platform.twitter.com\/widgets.js\" charset=\"utf-8\"><\/script><script async defer crossorigin=\"anonymous\" src=\"https:\/\/connect.facebook.net\/es_LA\/sdk.js#xfbml=1&#038;version=v12.0\" nonce=\"SBlHQzIF\"><\/script><br \/><a href=\"https:\/\/www.telam.com.ar\/notas\/202312\/649772-mendoza-zonda-alerta.html\">source<\/a><\/p>\n","protected":false},"excerpt":{"rendered":"<p>Foto: Archivo. El viento zonda y el calor causaron esta tarde cortes de luz en&#8230;<\/p>\n","protected":false},"author":2,"featured_media":192068,"comment_status":"open","ping_status":"open","sticky":false,"template":"","format":"standard","meta":{"footnotes":""},"categories":[6],"tags":[],"class_list":["post-192067","post","type-post","status-publish","format-standard","has-post-thumbnail","hentry","category-ultimasnoticias"],"featured_image_urls":{"full":["https:\/\/radiofenix.com.ar\/2023\/wp-content\/uploads\/2023\/12\/wp-header-logo-130.png",1200,675,false],"thumbnail":["https:\/\/radiofenix.com.ar\/2023\/wp-content\/uploads\/2023\/12\/wp-header-logo-130-150x150.png",150,150,true],"medium":["https:\/\/radiofenix.com.ar\/2023\/wp-content\/uploads\/2023\/12\/wp-header-logo-130-300x169.png",300,169,true],"medium_large":["https:\/\/radiofenix.com.ar\/2023\/wp-content\/uploads\/2023\/12\/wp-header-logo-130-768x432.png",640,360,true],"large":["https:\/\/radiofenix.com.ar\/2023\/wp-content\/uploads\/2023\/12\/wp-header-logo-130-1024x576.png",640,360,true],"1536x1536":["https:\/\/radiofenix.com.ar\/2023\/wp-content\/uploads\/2023\/12\/wp-header-logo-130.png",1200,675,false],"2048x2048":["https:\/\/radiofenix.com.ar\/2023\/wp-content\/uploads\/2023\/12\/wp-header-logo-130.png",1200,675,false],"newsium-slider-full":["https:\/\/radiofenix.com.ar\/2023\/wp-content\/uploads\/2023\/12\/wp-header-logo-130.png",1200,675,false],"newsium-featured":["https:\/\/radiofenix.com.ar\/2023\/wp-content\/uploads\/2023\/12\/wp-header-logo-130-1024x576.png",1024,576,true],"newsium-medium":["https:\/\/radiofenix.com.ar\/2023\/wp-content\/uploads\/2023\/12\/wp-header-logo-130-720x475.png",720,475,true]},"author_info":{"info":["c1500921"]},"category_info":"<a href=\"https:\/\/radiofenix.com.ar\/2023\/category\/ultimasnoticias\/\" rel=\"category tag\">Ultimas Noticias<\/a>","tag_info":"Ultimas Noticias","comment_count":"0","_links":{"self":[{"href":"https:\/\/radiofenix.com.ar\/2023\/wp-json\/wp\/v2\/posts\/192067","targetHints":{"allow":["GET"]}}],"collection":[{"href":"https:\/\/radiofenix.com.ar\/2023\/wp-json\/wp\/v2\/posts"}],"about":[{"href":"https:\/\/radiofenix.com.ar\/2023\/wp-json\/wp\/v2\/types\/post"}],"author":[{"embeddable":true,"href":"https:\/\/radiofenix.com.ar\/2023\/wp-json\/wp\/v2\/users\/2"}],"replies":[{"embeddable":true,"href":"https:\/\/radiofenix.com.ar\/2023\/wp-json\/wp\/v2\/comments?post=192067"}],"version-history":[{"count":0,"href":"https:\/\/radiofenix.com.ar\/2023\/wp-json\/wp\/v2\/posts\/192067\/revisions"}],"wp:featuredmedia":[{"embeddable":true,"href":"https:\/\/radiofenix.com.ar\/2023\/wp-json\/wp\/v2\/media\/192068"}],"wp:attachment":[{"href":"https:\/\/radiofenix.com.ar\/2023\/wp-json\/wp\/v2\/media?parent=192067"}],"wp:term":[{"taxonomy":"category","embeddable":true,"href":"https:\/\/radiofenix.com.ar\/2023\/wp-json\/wp\/v2\/categories?post=192067"},{"taxonomy":"post_tag","embeddable":true,"href":"https:\/\/radiofenix.com.ar\/2023\/wp-json\/wp\/v2\/tags?post=192067"}],"curies":[{"name":"wp","href":"https:\/\/api.w.org\/{rel}","templated":true}]}}