{"id":192069,"date":"2023-12-18T08:57:40","date_gmt":"2023-12-18T08:57:40","guid":{"rendered":"https:\/\/radiofenix.com.ar\/2023\/el-producto-bruto-interno-bajo-08-en-el-tercer-trimestre-informo-el-indec\/"},"modified":"2023-12-18T08:57:40","modified_gmt":"2023-12-18T08:57:40","slug":"el-producto-bruto-interno-bajo-08-en-el-tercer-trimestre-informo-el-indec","status":"publish","type":"post","link":"https:\/\/radiofenix.com.ar\/2023\/el-producto-bruto-interno-bajo-08-en-el-tercer-trimestre-informo-el-indec\/","title":{"rendered":"El Producto Bruto Interno baj\u00f3 0,8% en el tercer trimestre, inform\u00f3 el Indec"},"content":{"rendered":"<div>\n<figure class=\"mb-3\"><img decoding=\"async\" src=\"https:\/\/www.telam.com.ar\/thumbs\/bluesteel\/advf\/imagenes\/2023\/10\/652056ac663c6_1200.jpg\" class=\" lazy \" width=\"100%\" height=\"100%\" alt=\"Foto Archivo\"\/><figcaption> Foto: Archivo. <\/figcaption><\/figure>\n<p>El Producto Bruto Interno (PBI) baj\u00f3 al t\u00e9rmino del tercer trimestre del a\u00f1o 0,8% , pero subi\u00f3 2,7% en relaci\u00f3n al segundo trimestre, inform\u00f3 el Instituto Nacional de Estad\u00edstica y Censos.<\/p>\n<p>De esta manera, <strong>el PBI entre enero y septiembre acumul\u00f3 un retroceso del 1,6% respeto a igual per\u00edodo del a\u00f1o pasado, inform\u00f3 el organismo<\/strong>.<\/p>\n<p>La formaci\u00f3n bruta de capital fijo, seg\u00fan estimaciones preliminares, <strong>experiment\u00f3 en el tercer trimestre del a\u00f1o 2023 un incremento de 0,8% respecto del mismo per\u00edodo del a\u00f1o anterior<\/strong>.<\/p>\n<p>Este crecimiento se explic\u00f3 por la ca\u00edda de 3 % de la inversi\u00f3n en construcciones, pero que se contrarrest\u00f3 al aumento de 15% en \u201cotras construcciones\u201d relacionadas con la exploraci\u00f3n y explotaci\u00f3n de petr\u00f3leo, al descenso de 2,1% en maquinaria y equipo y al crecimiento de 21,2% en equipo de transporte.<\/p>\n<p>Dentro de maquinaria y equipo, <strong>el componente nacional descendi\u00f3 un 6,4% y importado creci\u00f3 un 0,9%<\/strong>. En equipo de transporte el componente nacional se increment\u00f3 24,7% y el importado tuvo un aumento de 7,1%.<\/p>\n<p>En cuanto a la comparaci\u00f3n por rubros, el tercer trimestre de este con respecto a igual per\u00edodo del 2022, el valor agregado del sector pesca observ\u00f3 un aumento de 2,9%.<\/p>\n<p>En cuanto al sector de Explotaci\u00f3n de minas y canteras ascendi\u00f3 5,9%, fuertemente influenciado por la exploraci\u00f3n y explotaci\u00f3n del yacimiento de Vaca Muerta, y las de litio.<\/p>\n<p>En tanto, la industria manufacturera registr\u00f3 un descenso en el nivel de actividad de 3,7%, al tiempo que la actividad de la construcci\u00f3n tuvo un descenso de 0,1% con un comportamiento dispar, con ca\u00edda en el sector privado, y un aumento en las obras vinculadas con la miner\u00eda.<\/p>\n<p>En ese marco, la distribuci\u00f3n de electricidad, gas y agua creci\u00f3 2,6% durante el tercer trimestre.<\/p>\n<p><figure class=\"mb-3\"><img decoding=\"async\" src=\"https:\/\/www.telam.com.ar\/thumbs\/bluesteel\/advf\/imagenes\/2023\/12\/657cc53821d0c_1200.jpg\" class=\" lazy \" width=\"100%\" height=\"100%\" alt=\"Telam SE\"\/><figcaption\/><\/figure>\n<\/p>\n<p>Por su parte, el sector de comercio mayorista, minorista y reparaciones tuvo un descenso de 0,5%. Habr\u00e1 que recordar que esta variaci\u00f3n se dio en medio de un per\u00edodo de alta inflaci\u00f3n, que alcanz\u00f3 al 6,3%, trep\u00f3 al 12,4% en agosto y al 12,7% en septiembre.<\/p>\n<p>En ese contexto, <strong>el sector transporte, almacenamiento y comunicaciones tuvo un descenso de 0,2%<\/strong>.<\/p>\n<p>Durante el transcurso del tercer trimestre la actividad de intermediaci\u00f3n financiera tuvo una ca\u00edda de 1,0% mientras que la actividad en hoteles y restaurantes registr\u00f3 un aumento de 7,2%.<\/p>\n<p>Seg\u00fan el proyecto de Ley de Presupuesto 2024 enviado al Congreso, y que no ha sido tratado, el PBI retroceder\u00e1 este a\u00f1o 2,5%, fuertemente afectado por la sequ\u00eda que afecto al sector agropecuario.<\/p>\n<p>Para el a\u00f1o pr\u00f3ximo, la gesti\u00f3n del ministro de Econom\u00eda, Sergio Massa, estimaba una recuperaci\u00f3n del 2,75%.<\/p>\n<p>El presidente Javier Milei dijo el domingo en su discurso de asunci\u00f3n que \u201cEn los \u00faltimos 12 a\u00f1os el PBI per c\u00e1pita ha ca\u00eddo un 15%\u201d.<\/p>\n<p>Seg\u00fan la explicaci\u00f3n de los especialistas en los \u00faltimos 12 a\u00f1os el PBI argentino se mantuvo estancado, lo que, ante un crecimiento de 6 millones de personas, se tradujo en una ca\u00edda del PBI per c\u00e1pita.<\/p>\n<\/div>\n<p><script async defer crossorigin=\"anonymous\" src=\"https:\/\/connect.facebook.net\/es_LA\/sdk.js#xfbml=1&#038;version=v12.0\" nonce=\"SBlHQzIF\"><\/script><br \/><a href=\"https:\/\/www.telam.com.ar\/notas\/202312\/649678-pbi-caida-noviembre.html\">source<\/a><\/p>\n","protected":false},"excerpt":{"rendered":"<p>Foto: Archivo. El Producto Bruto Interno (PBI) baj\u00f3 al t\u00e9rmino del tercer trimestre del a\u00f1o&#8230;<\/p>\n","protected":false},"author":0,"featured_media":192070,"comment_status":"open","ping_status":"open","sticky":false,"template":"","format":"standard","meta":{"footnotes":""},"categories":[5],"tags":[],"class_list":["post-192069","post","type-post","status-publish","format-standard","has-post-thumbnail","hentry","category-economia"],"featured_image_urls":{"full":["https:\/\/radiofenix.com.ar\/2023\/wp-content\/uploads\/2023\/12\/wp-header-logo-131.png",1200,675,false],"thumbnail":["https:\/\/radiofenix.com.ar\/2023\/wp-content\/uploads\/2023\/12\/wp-header-logo-131-150x150.png",150,150,true],"medium":["https:\/\/radiofenix.com.ar\/2023\/wp-content\/uploads\/2023\/12\/wp-header-logo-131-300x169.png",300,169,true],"medium_large":["https:\/\/radiofenix.com.ar\/2023\/wp-content\/uploads\/2023\/12\/wp-header-logo-131-768x432.png",640,360,true],"large":["https:\/\/radiofenix.com.ar\/2023\/wp-content\/uploads\/2023\/12\/wp-header-logo-131-1024x576.png",640,360,true],"1536x1536":["https:\/\/radiofenix.com.ar\/2023\/wp-content\/uploads\/2023\/12\/wp-header-logo-131.png",1200,675,false],"2048x2048":["https:\/\/radiofenix.com.ar\/2023\/wp-content\/uploads\/2023\/12\/wp-header-logo-131.png",1200,675,false],"newsium-slider-full":["https:\/\/radiofenix.com.ar\/2023\/wp-content\/uploads\/2023\/12\/wp-header-logo-131.png",1200,675,false],"newsium-featured":["https:\/\/radiofenix.com.ar\/2023\/wp-content\/uploads\/2023\/12\/wp-header-logo-131-1024x576.png",1024,576,true],"newsium-medium":["https:\/\/radiofenix.com.ar\/2023\/wp-content\/uploads\/2023\/12\/wp-header-logo-131-720x475.png",720,475,true]},"author_info":{"info":[""]},"category_info":"<a href=\"https:\/\/radiofenix.com.ar\/2023\/category\/economia\/\" rel=\"category tag\">Economia<\/a>","tag_info":"Economia","comment_count":"0","_links":{"self":[{"href":"https:\/\/radiofenix.com.ar\/2023\/wp-json\/wp\/v2\/posts\/192069","targetHints":{"allow":["GET"]}}],"collection":[{"href":"https:\/\/radiofenix.com.ar\/2023\/wp-json\/wp\/v2\/posts"}],"about":[{"href":"https:\/\/radiofenix.com.ar\/2023\/wp-json\/wp\/v2\/types\/post"}],"replies":[{"embeddable":true,"href":"https:\/\/radiofenix.com.ar\/2023\/wp-json\/wp\/v2\/comments?post=192069"}],"version-history":[{"count":0,"href":"https:\/\/radiofenix.com.ar\/2023\/wp-json\/wp\/v2\/posts\/192069\/revisions"}],"wp:featuredmedia":[{"embeddable":true,"href":"https:\/\/radiofenix.com.ar\/2023\/wp-json\/wp\/v2\/media\/192070"}],"wp:attachment":[{"href":"https:\/\/radiofenix.com.ar\/2023\/wp-json\/wp\/v2\/media?parent=192069"}],"wp:term":[{"taxonomy":"category","embeddable":true,"href":"https:\/\/radiofenix.com.ar\/2023\/wp-json\/wp\/v2\/categories?post=192069"},{"taxonomy":"post_tag","embeddable":true,"href":"https:\/\/radiofenix.com.ar\/2023\/wp-json\/wp\/v2\/tags?post=192069"}],"curies":[{"name":"wp","href":"https:\/\/api.w.org\/{rel}","templated":true}]}}