{"id":192071,"date":"2023-12-18T08:57:42","date_gmt":"2023-12-18T08:57:42","guid":{"rendered":"https:\/\/radiofenix.com.ar\/2023\/mas-de-120-vuelos-cancelados-y-16-naves-de-aerolineas-argentinas-afectadas-por-el-temporal\/"},"modified":"2023-12-18T08:57:42","modified_gmt":"2023-12-18T08:57:42","slug":"mas-de-120-vuelos-cancelados-y-16-naves-de-aerolineas-argentinas-afectadas-por-el-temporal","status":"publish","type":"post","link":"https:\/\/radiofenix.com.ar\/2023\/mas-de-120-vuelos-cancelados-y-16-naves-de-aerolineas-argentinas-afectadas-por-el-temporal\/","title":{"rendered":"M\u00e1s de 120 vuelos cancelados y 16 naves de Aerol\u00edneas Argentinas afectadas por el temporal"},"content":{"rendered":"<div auto_robot_readability=\"128.29513422819\">\n<figure class=\"mb-3\"><img decoding=\"async\" src=\"https:\/\/www.telam.com.ar\/thumbs\/bluesteel\/advf\/imagenes\/2021\/03\/605000a0c43d8_1200.jpg\" class=\" lazy \" width=\"100%\" height=\"100%\" alt=\"En un comunicado Aerolneas destac que a partir de las 15 horas determinados vuelos sern reprogramados pudiendo incluir el traslado desde Aeroparque a Ezeiza Archivo\"\/><figcaption> En un comunicado, Aerol\u00edneas destac\u00f3 que \u00aba partir de las 15 horas determinados vuelos ser\u00e1n reprogramados, pudiendo incluir el traslado desde Aeroparque a Ezeiza\u00bb. (Archivo). <\/figcaption><\/figure>\n<p> M\u00e1s de 120 vuelos fueron cancelados este domingo en el Aeroparque Jorge Newbery y otros tantos registraron demoras y reprogramaciones, como consecuencia del temporal de lluvia y viento que se abati\u00f3 durante la madrugada en la ciudad de Buenos Aires y que provoc\u00f3 destrozos en las instalaciones, desparram\u00f3 objetos sobre la pista de aterrizaje y afect\u00f3, de distinta manera, a 16 aviones de Aerol\u00edneas Argentinas, dej\u00e1ndolos moment\u00e1neamente fuera de servicio.<\/p>\n<p>El temporal se desat\u00f3 poco antes de las 4 de este domingo, con<strong> r\u00e1fagas de viento de hasta 140 km\/h por hora<\/strong>, que provocaron serios destrozos, sobre todo en la zona de pistas, donde hubo aviones que fueron desplazados por la fuerza del viento, se volaron chapas, y se desplazaron escaleras de abordaje y equipos.<\/p>\n<p>La violencia del temporal dej\u00f3 sobre la pista restos de diferentes elementos, como ramas de distintos tama\u00f1os que fueron arrastrados por la fuerza del viento.<\/p>\n<p>Esta situaci\u00f3n llev\u00f3 a que el personal t\u00e9cnico de la empresa concesionaria, realizara <strong>un exhaustivo operativo de limpieza<\/strong> y control de da\u00f1os, tras lo cual se volvieron a habilitar las operaciones.<\/p>\n<p>Seg\u00fan inform\u00f3 el concesionario Aeropuertos Argentina 2000 (AA2000) mediante un comunicado, <strong>el temporal \u00abgener\u00f3 rotura de vidrios, voladura de techos en hangares y da\u00f1os generales en aeronaves estacionadas<\/strong>. Las prontas tareas realizadas permitieron garantizar la operaci\u00f3n, pero hay cancelaciones y demoras\u00bb.<\/p>\n<p>Se\u00f1alaron que <strong>\u00ablas operaciones en la terminal metropolitana se reiniciaron a las 9<\/strong> luego de las tareas de limpieza en la pista para asegurar los despegues y aterrizajes\u00bb.<\/p>\n<p>Y especificaron que \u00ablas operaciones se ir\u00e1n normalizando con las horas, a medida que las distintas l\u00edneas a\u00e9reas vayan haciendo las reprogramaciones. <strong>Actualmente est\u00e1n cancelados 52 arribos y 57 partidas\u00bb.<\/strong><\/p>\n<p>En el comunicado especificaron que <strong>\u00abla terminal en general tiene vidrios y blindex rotos por los fuertes vientos<\/strong>. En el \u00e1rea de Arribos Internacionales, parte del pasillo sufri\u00f3 da\u00f1os\u00bb, aunque aclararon que estos \u00abno impiden la operaci\u00f3n\u00bb.<\/p>\n<p>Adem\u00e1s, \u00aben la zona de Preembarque Dom\u00e9stico, parte del techo qued\u00f3 da\u00f1ado en el sector de puertas 10, 11 y 12, al tiempo que dos puertas quedaron inhabilitadas\u00bb.<\/p>\n<p>Tambi\u00e9n,<strong> \u00abse volaron los techos de varios hangares<\/strong>; hubo da\u00f1os generales en aeronaves que estaban estacionadas; en el Parking: se registraron da\u00f1os en el techo del sexto piso y en las inmediaciones se registraron \u00e1rboles ca\u00eddos sobre la avenida Costanera\u00bb.<\/p>\n<p>Indicaron, por otra parte, que \u00ablos equipos de AA2000 est\u00e1n trabajando en coordinaci\u00f3n con todos los organismos intervinientes en la actividad aerocomercial para que los da\u00f1os causados por el temporal sean reparados lo antes posible\u00bb.<\/p>\n<blockquote class=\"twitter-tweet\" auto_robot_readability=\"7.1188524590164\">\n<p lang=\"es\" dir=\"ltr\"><a href=\"https:\/\/twitter.com\/hashtag\/AEROPARQUE?src=hash&amp;ref_src=twsrc%5Etfw\">#AEROPARQUE<\/a> | Ya se encuentra abierto y operativo. <\/p>\n<p>Para consultar sobre el estado de tu vuelo, por favor comunicate con la l\u00ednea a\u00e9rea con la que viajas. <a href=\"https:\/\/t.co\/9Om4DJjCLk\">https:\/\/t.co\/9Om4DJjCLk<\/a><\/p>\n<p>\u2014 Aeropuertos Argentina 2000 (@aa2000oficial) <a href=\"https:\/\/twitter.com\/aa2000oficial\/status\/1736371253835870683?ref_src=twsrc%5Etfw\">December 17, 2023<\/a><\/p><\/blockquote>\n<p><strong>Las demoras y cancelaciones abarcan a todas las compa\u00f1\u00edas<\/strong> que operan en la estaci\u00f3n a\u00e9rea metropolitana, aunque fuentes de Aerol\u00edneas Argentinas indicaron a T\u00e9lam que los vuelos cancelados llegan a un centenar y un n\u00famero similar se encuentra afectado por demoras y reprogramaciones.<\/p>\n<p>Un comunicado emitido por<strong> Aerol\u00edneas Argentinas se\u00f1ala que \u00abun centenar de vuelos fueron cancelados <\/strong>a ra\u00edz del temporal que afect\u00f3 esta madrugada a la ciudad de Buenos Aires y otros tanto sufrieron demoras y reprogramaciones\u00bb.<\/p>\n<p>La empresa inform\u00f3 que \u00abdebido al fuerte temporal que afect\u00f3 principalmente la operaci\u00f3n de Aeroparque, fueron cancelados, hasta el momento, 100 vuelos, y otros tantos han sufrido demoras y reprogramaciones\u00bb.<\/p>\n<p>En el comunicado, Aerol\u00edneas destac\u00f3 que \u00ab<strong>a partir de las 15 horas determinados vuelos ser\u00e1n reprogramados,<\/strong> pudiendo incluir el traslado desde Aeroparque a Ezeiza\u00bb.<\/p>\n<p>Adicionalmente, la empresa advirti\u00f3 que \u00abpodr\u00edan continuar realizando modificaciones y\/o cancelaciones durante el resto del d\u00eda, producto del impacto que provoc\u00f3 la situaci\u00f3n meteorol\u00f3gica de la madrugada, as\u00ed como tambi\u00e9n por los cierres intermitentes de los aeropuertos debido a la actividad el\u00e9ctrica\u00bb.<\/p>\n<blockquote class=\"twitter-tweet\" auto_robot_readability=\"6.9446366782007\">\n<p lang=\"es\" dir=\"ltr\">Ante la situaci\u00f3n meteorol\u00f3gica te recomendamos que chequees el estado de tu vuelo en &#x1f449;<a href=\"https:\/\/t.co\/qiz0uDzvvb\">https:\/\/t.co\/qiz0uDzvvb<\/a><br \/>Adem\u00e1s, revis\u00e1 tu correo antes de volar, cualquier cambio ser\u00e1 informado v\u00eda mail. <a href=\"https:\/\/t.co\/UNwIMOgDhQ\">pic.twitter.com\/UNwIMOgDhQ<\/a><\/p>\n<p>\u2014 Aerol\u00edneas Argentinas (@Aerolineas_AR) <a href=\"https:\/\/twitter.com\/Aerolineas_AR\/status\/1736397005146996997?ref_src=twsrc%5Etfw\">December 17, 2023<\/a><\/p><\/blockquote>\n<p>A ra\u00edz de esta situaci\u00f3n, <strong>la compa\u00f1\u00eda le solicit\u00f3 a los pasajeros \u00abestar atentos a las alertas y notificaciones <\/strong>que puedan recibir en sus dispositivos\u00bb y recomend\u00f3 chequear \u00abde manera proactiva el estado de los vuelos ingresando a aerolineas.com.ar y\/o a trav\u00e9s del siguiente enlace:<\/p>\n<p><a .fuentes=\"\" a=\"\" activetab=\"flightStatus\" adecuen=\"\" br=\"\" cambios=\"\" darles=\"\" de=\"\" decidido=\"\" desde=\"\" empresa=\"\" eventuales=\"\" ha=\"\" indicaron=\"\" la=\"\" lam=\"\" las=\"\" los=\"\" modificaciones=\"\" n=\"\" para=\"\" puedan=\"\" que=\"\" registrar=\"\" se=\"\" tiempo=\"\" todos=\"\" y=\"\">Si bien se han registrado en otras ocasiones fuertes temporales de lluvia y viento que afectaron particularmente a Aeroparque, en algunos casos provocando el desplazamiento de las escaleras de abordaje y de los carros en los que se transportan los equipajes,\u00a0<strong>es la primera vez que 16 aeronaves sufren las consecuencias de manera simult\u00e1nea.<\/strong><\/a><\/p>\n<p>En este caso<strong> los 16 aviones pertenecen a Aerol\u00edneas Argentinas<\/strong>, ya que son los equipos con un mayor n\u00famero de pernoctes en Aeroparque, mientras que tanto JetSmart con Flybondi solamente cuentan con entre tres y cuatro aeronaves cada uno que \u00abduermen\u00bb en la estaci\u00f3n a\u00e9rea metropolitana.<\/p>\n<h2 class=\"\">La situaci\u00f3n en Ezeiza<\/h2>\n<p> En el aeropuerto internacional de Ezeiza Ministro Pistarini la situaci\u00f3n era menos comprometida, ya que los vuelos cancelados ascendieron a cuatro y las consecuencias del fuerte temporal fueron m\u00e1s leves que en Aeroparque.<\/p>\n<p>Las fuentes indicaron que hay vuelos demorados, pero<strong> el aeropuerto de Ezeiza se encuentra operando con normalidad desde las 8.<\/strong><\/p>\n<\/div>\n<p><script async src=\"\/\/platform.twitter.com\/widgets.js\" charset=\"utf-8\"><\/script><script async defer crossorigin=\"anonymous\" src=\"https:\/\/connect.facebook.net\/es_LA\/sdk.js#xfbml=1&#038;version=v12.0\" nonce=\"SBlHQzIF\"><\/script><br \/><a href=\"https:\/\/www.telam.com.ar\/notas\/202312\/649815-vuelos-cancelados-aeroparque-temporal.html\">source<\/a><\/p>\n","protected":false},"excerpt":{"rendered":"<p>En un comunicado, Aerol\u00edneas destac\u00f3 que \u00aba partir de las 15 horas determinados vuelos ser\u00e1n&#8230;<\/p>\n","protected":false},"author":0,"featured_media":192072,"comment_status":"open","ping_status":"open","sticky":false,"template":"","format":"standard","meta":{"footnotes":""},"categories":[7],"tags":[],"class_list":["post-192071","post","type-post","status-publish","format-standard","has-post-thumbnail","hentry","category-sociedad"],"featured_image_urls":{"full":["https:\/\/radiofenix.com.ar\/2023\/wp-content\/uploads\/2023\/12\/wp-header-logo-132.png",1200,675,false],"thumbnail":["https:\/\/radiofenix.com.ar\/2023\/wp-content\/uploads\/2023\/12\/wp-header-logo-132-150x150.png",150,150,true],"medium":["https:\/\/radiofenix.com.ar\/2023\/wp-content\/uploads\/2023\/12\/wp-header-logo-132-300x169.png",300,169,true],"medium_large":["https:\/\/radiofenix.com.ar\/2023\/wp-content\/uploads\/2023\/12\/wp-header-logo-132-768x432.png",640,360,true],"large":["https:\/\/radiofenix.com.ar\/2023\/wp-content\/uploads\/2023\/12\/wp-header-logo-132-1024x576.png",640,360,true],"1536x1536":["https:\/\/radiofenix.com.ar\/2023\/wp-content\/uploads\/2023\/12\/wp-header-logo-132.png",1200,675,false],"2048x2048":["https:\/\/radiofenix.com.ar\/2023\/wp-content\/uploads\/2023\/12\/wp-header-logo-132.png",1200,675,false],"newsium-slider-full":["https:\/\/radiofenix.com.ar\/2023\/wp-content\/uploads\/2023\/12\/wp-header-logo-132.png",1200,675,false],"newsium-featured":["https:\/\/radiofenix.com.ar\/2023\/wp-content\/uploads\/2023\/12\/wp-header-logo-132-1024x576.png",1024,576,true],"newsium-medium":["https:\/\/radiofenix.com.ar\/2023\/wp-content\/uploads\/2023\/12\/wp-header-logo-132-720x475.png",720,475,true]},"author_info":{"info":[""]},"category_info":"<a href=\"https:\/\/radiofenix.com.ar\/2023\/category\/sociedad\/\" rel=\"category tag\">Sociedad<\/a>","tag_info":"Sociedad","comment_count":"0","_links":{"self":[{"href":"https:\/\/radiofenix.com.ar\/2023\/wp-json\/wp\/v2\/posts\/192071","targetHints":{"allow":["GET"]}}],"collection":[{"href":"https:\/\/radiofenix.com.ar\/2023\/wp-json\/wp\/v2\/posts"}],"about":[{"href":"https:\/\/radiofenix.com.ar\/2023\/wp-json\/wp\/v2\/types\/post"}],"replies":[{"embeddable":true,"href":"https:\/\/radiofenix.com.ar\/2023\/wp-json\/wp\/v2\/comments?post=192071"}],"version-history":[{"count":0,"href":"https:\/\/radiofenix.com.ar\/2023\/wp-json\/wp\/v2\/posts\/192071\/revisions"}],"wp:featuredmedia":[{"embeddable":true,"href":"https:\/\/radiofenix.com.ar\/2023\/wp-json\/wp\/v2\/media\/192072"}],"wp:attachment":[{"href":"https:\/\/radiofenix.com.ar\/2023\/wp-json\/wp\/v2\/media?parent=192071"}],"wp:term":[{"taxonomy":"category","embeddable":true,"href":"https:\/\/radiofenix.com.ar\/2023\/wp-json\/wp\/v2\/categories?post=192071"},{"taxonomy":"post_tag","embeddable":true,"href":"https:\/\/radiofenix.com.ar\/2023\/wp-json\/wp\/v2\/tags?post=192071"}],"curies":[{"name":"wp","href":"https:\/\/api.w.org\/{rel}","templated":true}]}}