{"id":192073,"date":"2023-12-18T08:57:44","date_gmt":"2023-12-18T08:57:44","guid":{"rendered":"https:\/\/radiofenix.com.ar\/2023\/rosario-central-campeon-vencio-a-platense-y-festejo-en-santiago-del-estero\/"},"modified":"2023-12-18T08:57:44","modified_gmt":"2023-12-18T08:57:44","slug":"rosario-central-campeon-vencio-a-platense-y-festejo-en-santiago-del-estero","status":"publish","type":"post","link":"https:\/\/radiofenix.com.ar\/2023\/rosario-central-campeon-vencio-a-platense-y-festejo-en-santiago-del-estero\/","title":{"rendered":"Rosario Central campe\u00f3n: venci\u00f3 a Platense y festej\u00f3 en Santiago del Estero"},"content":{"rendered":"<div>\n<h3>Rosario Central lleg\u00f3 a la docena de t\u00edtulos y se distanci\u00f3 a tres de Newell\u2019s<\/h3>\n<p>(Miguel Pisano-Enviado Especial)<br \/>Rosario Central logr\u00f3 esta noche su duod\u00e9cimo t\u00edtulo nacional al vencer a Platense por 1 a 0 en Santiago del Estero y quedarse con la Copa de la Liga Profesional 2023.<\/p>\n<p>El \u2018Canalla\u2019 se hab\u00eda consagrado por \u00faltima vez en la Copa Argentina 2018, con direcci\u00f3n t\u00e9cnica de Edgardo Bauza, y con victoria por penales 4-1 sobre Gimnasia La Plata, tras igualar 1 a 1 en tiempo regular.<\/p>\n<p>El primer trofeo nacional del conjunto rosarino tambi\u00e9n fue una copa, disputada en 1913 bajo el nombre de Copa de Competencia La Naci\u00f3n, donde se impuso en la final sobre Argentino de Quilmes por 3 a 2.<\/p>\n<p>En 1915, se qued\u00f3 con la tercera edici\u00f3n de la Copa Doctor Carlos Ibarguren, que enfrentaba al campe\u00f3n de liga de Buenos Aires con el de las ligas m\u00e1s fuertes del interior.<\/p>\n<p>Representante, del certamen rosarino, el \u2018Canalla\u2019 venci\u00f3 a Racing Club por 3 a 1 en la segunda final, tras igualar sin goles en la ida.<\/p>\n<p>El a\u00f1o 1916 lleg\u00f3 con doble t\u00edtulo para la \u2018Academia\u2019: por un lado, la Copa de Competencia Jockey Club, donde venci\u00f3 en la final a Independiente; por el otro, Copa de Honor, en la que impuso sobre Racing.<\/p>\n<p>La \u00faltima estrella auriazul en la era amateur fue en 1920, cuando conquist\u00f3 otra vez la Copa de Competencia, ahora llamada \u201cAsociaci\u00f3n Amateurs\u201d, en la que derrot\u00f3 a Sportivo Almagro por 2 a 0 en la final.<\/p>\n<p>El conjunto rosarino tuvo que esperar 51 a\u00f1os para volver a gritar campe\u00f3n, esta vez en la era profesional al obtener su primer t\u00edtulo Nacional en 1971, con la recordada palomita de Aldo Pedro Poy para vencer en semifinales a Newell\u2019s por 1 a 0, y luego triunfar sobre San Lorenzo en la final por 2 a 1.<\/p>\n<p>Dos a\u00f1os despu\u00e9s, Rosario Central se impuso tambi\u00e9n en el Nacional tras quedar primero en la fase final, donde tambi\u00e9n se encontraban River Plate, Atlanta y San Lorenzo.<\/p>\n<p>Los Nacionales restantes (1980 y 86-87), los consigui\u00f3 bajo la direcci\u00f3n t\u00e9cnica del \u00eddolo \u00c1ngel Tulio Zof, el primero con un 5-3 global en la final ante Racing de C\u00f3rdoba, y el segundo al imponerse por un punto sobre su cl\u00e1sico rival en la tabla general, a\u00f1o en que adem\u00e1s logr\u00f3 el hito in\u00e9dito de salir campe\u00f3n reci\u00e9n ascendido.<\/p>\n<p><img decoding=\"async\" alt=\"Los cambios del 2017\" src=\" https:\/\/www.telam.com.ar\/advf\/imagenes\/2023\/12\/657e5e8422681.jpg\"\/> Adem\u00e1s, el \u2018Canalla\u2019 gan\u00f3 la Copa Conmebol 1995, hasta ahora su \u00fanico galard\u00f3n internacional, tras vencer a Atl\u00e9tico Mineiro de Brasil en la final 4-3 por penales, luego de remontar un 0-4 en el global.<\/p>\n<p>Esta noche, Rosario Central alcanz\u00f3 su 12va estrella y se alej\u00f3 un poco m\u00e1s de su cl\u00e1sico rival, Newell\u2019s Old Boys, que acumula 9, en tanto que qued\u00f3 a un t\u00edtulo de Hurac\u00e1n, el siguiente en la tabla general de campeones.<\/p>\n<\/p><\/div>\n<p><script async defer crossorigin=\"anonymous\" src=\"https:\/\/connect.facebook.net\/es_LA\/sdk.js#xfbml=1&#038;version=v12.0\" nonce=\"SBlHQzIF\"><\/script><br \/><a href=\"https:\/\/www.telam.com.ar\/notas\/202312\/649780-rosario-central-platense-final-campeon-copa-de-la-liga-santiago-del-estero.html\">source<\/a><\/p>\n","protected":false},"excerpt":{"rendered":"<p>Rosario Central lleg\u00f3 a la docena de t\u00edtulos y se distanci\u00f3 a tres de Newell\u2019s&#8230;<\/p>\n","protected":false},"author":0,"featured_media":192074,"comment_status":"open","ping_status":"open","sticky":false,"template":"","format":"standard","meta":{"footnotes":""},"categories":[3],"tags":[],"class_list":["post-192073","post","type-post","status-publish","format-standard","has-post-thumbnail","hentry","category-deportes"],"featured_image_urls":{"full":["https:\/\/radiofenix.com.ar\/2023\/wp-content\/uploads\/2023\/12\/wp-header-logo-133.png",0,0,false],"thumbnail":["https:\/\/radiofenix.com.ar\/2023\/wp-content\/uploads\/2023\/12\/wp-header-logo-133.png",1,1,false],"medium":["https:\/\/radiofenix.com.ar\/2023\/wp-content\/uploads\/2023\/12\/wp-header-logo-133.png",1,1,false],"medium_large":["https:\/\/radiofenix.com.ar\/2023\/wp-content\/uploads\/2023\/12\/wp-header-logo-133.png",1,1,false],"large":["https:\/\/radiofenix.com.ar\/2023\/wp-content\/uploads\/2023\/12\/wp-header-logo-133.png",1,1,false],"1536x1536":["https:\/\/radiofenix.com.ar\/2023\/wp-content\/uploads\/2023\/12\/wp-header-logo-133.png",1,1,false],"2048x2048":["https:\/\/radiofenix.com.ar\/2023\/wp-content\/uploads\/2023\/12\/wp-header-logo-133.png",1,1,false],"newsium-slider-full":["https:\/\/radiofenix.com.ar\/2023\/wp-content\/uploads\/2023\/12\/wp-header-logo-133.png",1,1,false],"newsium-featured":["https:\/\/radiofenix.com.ar\/2023\/wp-content\/uploads\/2023\/12\/wp-header-logo-133.png",1,1,false],"newsium-medium":["https:\/\/radiofenix.com.ar\/2023\/wp-content\/uploads\/2023\/12\/wp-header-logo-133.png",1,1,false]},"author_info":{"info":[""]},"category_info":"<a href=\"https:\/\/radiofenix.com.ar\/2023\/category\/deportes\/\" rel=\"category tag\">Deportes<\/a>","tag_info":"Deportes","comment_count":"0","_links":{"self":[{"href":"https:\/\/radiofenix.com.ar\/2023\/wp-json\/wp\/v2\/posts\/192073","targetHints":{"allow":["GET"]}}],"collection":[{"href":"https:\/\/radiofenix.com.ar\/2023\/wp-json\/wp\/v2\/posts"}],"about":[{"href":"https:\/\/radiofenix.com.ar\/2023\/wp-json\/wp\/v2\/types\/post"}],"replies":[{"embeddable":true,"href":"https:\/\/radiofenix.com.ar\/2023\/wp-json\/wp\/v2\/comments?post=192073"}],"version-history":[{"count":0,"href":"https:\/\/radiofenix.com.ar\/2023\/wp-json\/wp\/v2\/posts\/192073\/revisions"}],"wp:featuredmedia":[{"embeddable":true,"href":"https:\/\/radiofenix.com.ar\/2023\/wp-json\/wp\/v2\/media\/192074"}],"wp:attachment":[{"href":"https:\/\/radiofenix.com.ar\/2023\/wp-json\/wp\/v2\/media?parent=192073"}],"wp:term":[{"taxonomy":"category","embeddable":true,"href":"https:\/\/radiofenix.com.ar\/2023\/wp-json\/wp\/v2\/categories?post=192073"},{"taxonomy":"post_tag","embeddable":true,"href":"https:\/\/radiofenix.com.ar\/2023\/wp-json\/wp\/v2\/tags?post=192073"}],"curies":[{"name":"wp","href":"https:\/\/api.w.org\/{rel}","templated":true}]}}