{"id":192075,"date":"2023-12-18T08:57:45","date_gmt":"2023-12-18T08:57:45","guid":{"rendered":"https:\/\/radiofenix.com.ar\/2023\/el-acuerdo-de-cop28-dejo-en-claro-que-los-combustibles-fosiles-no-son-el-camino\/"},"modified":"2023-12-18T08:57:45","modified_gmt":"2023-12-18T08:57:45","slug":"el-acuerdo-de-cop28-dejo-en-claro-que-los-combustibles-fosiles-no-son-el-camino","status":"publish","type":"post","link":"https:\/\/radiofenix.com.ar\/2023\/el-acuerdo-de-cop28-dejo-en-claro-que-los-combustibles-fosiles-no-son-el-camino\/","title":{"rendered":"El acuerdo de COP28 dej\u00f3 en claro que los combustibles f\u00f3siles &quot;no son el camino&quot;"},"content":{"rendered":"<div>\n<figure class=\"mb-3\"><img decoding=\"async\" src=\"https:\/\/www.telam.com.ar\/thumbs\/bluesteel\/advf\/imagenes\/2023\/12\/657722ee2ae05_1200.jpg\" class=\" lazy \" width=\"100%\" height=\"100%\" alt=\"La cumbre convoc a acelerar la transicin energtica Foto AFP \"\/><figcaption> La cumbre convoc\u00f3 a acelerar la transici\u00f3n energ\u00e9tica. \/Foto: AFP. <\/figcaption><\/figure>\n<p><strong>La Conferencia de las Partes (COP28) sobre cambio clim\u00e1tico cerr\u00f3 esta semana en Dubai<\/strong> con un acuerdo que, aunque no cumpli\u00f3 con las expectativas planteadas al comienzo, <strong>sent\u00f3 las bases para iniciar una transici\u00f3n hacia las energ\u00edas renovables<\/strong> y dej\u00f3 en claro que los combustibles f\u00f3siles \u00abno son el camino\u00bb, seg\u00fan especialistas consultados por T\u00e9lam.<\/p>\n<p>El gran logro de esta conferencia es que en casi 30 a\u00f1os de debate en el marco de la ONU es la primera vez que un texto final incluye este vocablo: hasta ahora se hab\u00eda hablado de reducir las emisiones de gases de efecto invernadero (GEI), pero siempre evitando mencionar a los combustibles f\u00f3siles.<\/p>\n<p>Un borrador del texto, que no consigui\u00f3 los avales necesarios y empantan\u00f3 las negociaciones en la previa del cierre, hablaba de la <strong>\u00abeliminaci\u00f3n progresiva de los combustibles f\u00f3siles\u00bb,<\/strong> algo que s\u00f3lo ten\u00eda apoyo de la Alianza de Peque\u00f1os Estados Insulares (Aosis), pero que era rechazado de plano por los pa\u00edses productores de petr\u00f3leo, con Arabia Saudita a la cabeza.<\/p>\n<p>La brecha entre los negociadores se cerr\u00f3 con un texto m\u00e1s lavado que llama a \u00abhacer una transici\u00f3n que deje atr\u00e1s los combustibles f\u00f3siles\u00bb para alcanzar la neutralidad de carbono en 2050.<\/p>\n<h2 class=\"\">Las crt\u00edticas<\/h2>\n<p><strong> Samoa, que este a\u00f1o lider\u00f3 Aosis, se quej\u00f3 en la sesi\u00f3n plenaria de que ni siquiera estaba en la sala cuando la Presidencia emirat\u00ed<\/strong> de la COP28 hizo una breve pausa para pedir objeciones al texto.<\/p>\n<p>\u00abLos peque\u00f1os pa\u00edses insulares del Pac\u00edfico ya est\u00e1n sufriendo el aumento del nivel del mar, y la \u00fanica esperanza que les queda es abandonar los combustibles f\u00f3siles y garantizar la transici\u00f3n energ\u00e9tica hacia energ\u00edas renovables\u00bb, subray\u00f3 en declaraciones a T\u00e9lam Mar\u00eda Cecilia Quaglino, activista y joven negociadora clim\u00e1tica de Youth Negotiators Academy.<\/p>\n<p>Por su parte, <strong>la espa\u00f1ola Mar\u00eda Botella, vocera de Greenpeace,<\/strong> dijo a esta agencia que, aunque el texto \u00abdeja en claro que no se han conseguido los objetivos hasta el momento, por primera vez<strong> se est\u00e1 mandando una se\u00f1al clara al mundo de que los combustibles f\u00f3siles no son el camino<\/strong>, que no se pueden reducir las emisiones sin dejar atr\u00e1s dichos combustibles, que es incompatible\u00bb.<\/p>\n<p>\u00abEso es m\u00e1s que interesante, es un avance significativo\u00bb, analiz\u00f3, por su parte, el director general de Vida Silvestre Argentina, Manuel Jaramillo, antes de admitir que el acuerdo tiene lagunas.<\/p>\n<p><strong>\u00abFalt\u00f3 definir un compromiso para el abandono completo de los combustibles f\u00f3siles y definir tiempos y recursos para que eso ocurra. <\/strong>Compromisos m\u00e1s medibles, m\u00e1s monitoreables y m\u00e1s vinculantes\u00bb, enumer\u00f3 Jaramillo, a su regreso de Emiratos \u00c1rabes Unidos.<\/p>\n<p>Asimismo, Botella subray\u00f3 que \u00abel acuerdo dista mucho de lo que deber\u00eda ser para garantizar la meta de no superar los 1,5 \u00b0C\u00bb de aumento de la temperatura global con respecto a la era preindustrial, establecido en el Acuerdo de Par\u00eds de 2015.<\/p>\n<p>Adem\u00e1s, \u00abincluye una serie de falsas soluciones como el gas, la energ\u00eda nuclear y la captura de carbono que nos distraen del objetivo de una descarbonizaci\u00f3n r\u00e1pida, completa y justa con las personas y el planeta\u00bb, se\u00f1al\u00f3 la experta.<\/p>\n<p><figure class=\"mb-3\"><img decoding=\"async\" src=\"https:\/\/www.telam.com.ar\/thumbs\/bluesteel\/advf\/imagenes\/2023\/12\/6569f2caf0d45_1200.jpg\" class=\" lazy \" width=\"100%\" height=\"100%\" alt=\"Algunos de los mandatarios presentes Foto AFP\"\/><figcaption> Algunos de los mandatarios presentes. \/Foto: AFP. <\/figcaption><\/figure>\n<p><strong>El gas natural es considerado una energ\u00eda de transici\u00f3n<\/strong>, en el sentido de que produce menos emisiones contaminantes que el carb\u00f3n y el petr\u00f3leo, los otros dos combustibles f\u00f3siles.<\/p>\n<p>\u00abSe supone que tiene emisiones un 40% menores que el propio carb\u00f3n y un 25% menores que el di\u00e9sel. Lo que ocurre con este combustible de transici\u00f3n es que para poder extraerlo es necesario desarrollar infraestructura y las inversiones y los costos de esa infraestructura atentan contra las inversiones de infraestructura en renovables\u00bb, explic\u00f3 Jaramillo.<\/p>\n<p>Adem\u00e1s, no se conoce con certeza el nivel de fuga de metano que generan esos yacimientos, por lo que si bien es una posibilidad usar el gas natural para sustituir carb\u00f3n y di\u00e9sel, tambi\u00e9n se podr\u00edan usar las inversiones directamente en las renovables.<\/p>\n<h2 class=\"\">La financiaci\u00f3n<\/h2>\n<p>\u00a0<strong>El acuerdo \u00ababre la puerta a que la industria del gas sea una de las grandes beneficiarias del proceso de transici\u00f3n<\/strong>, desviando flujos de financiaci\u00f3n de las verdaderas soluciones: el sol, el viento, la electrificaci\u00f3n (de las actividades residenciales, comerciales y de movilidad), la eficiencia y la reducci\u00f3n de nuestros consumos energ\u00e9ticos\u00bb, subray\u00f3 Botella.<\/p>\n<p>Las medidas acordadas para intentar no sobrepasar el umbral de 1,5 \u00b0C de temperatura por encima de la media de la era preindustrial -triplicar la capacidad renovable y duplicar la tasa de eficiencia energ\u00e9tica-dependen de un acuerdo de financiaci\u00f3n para los pa\u00edses en desarrollo, algo sobre lo que la COP28 no tuvo mucho para decir.<\/p>\n<p><strong>El texto se limita a mencionar que la brecha para financiamiento se est\u00e1 ampliando.<\/strong><\/p>\n<p>Un informe de la ONU sostiene que los pa\u00edses en desarrollo necesitar\u00edan 2,4 billones de d\u00f3lares al a\u00f1o para la transici\u00f3n energ\u00e9tica, pero ning\u00fan pa\u00eds parece estar dispuesto a pagarlo.<\/p>\n<p>\u00abEspa\u00f1a, la Uni\u00f3n Europea y el resto de pa\u00edses del Norte Global deben hacer una transici\u00f3n justa hacia las renovables, y no solo dejar de financiar la industria f\u00f3sil, sino introducir nuevos impuestos a este sector basados en el principio de que quien contamina debe pagar para contribuir a la financiaci\u00f3n que necesitan los pa\u00edses del Sur Global para que puedan afrontar la transici\u00f3n justa que se merecen\u00bb, proclam\u00f3 Botella.<\/p>\n<p>La brecha tecnol\u00f3gica es todav\u00eda muy compleja; hace falta mayor innovaci\u00f3n, mayor tecnolog\u00eda, mayor inversi\u00f3n, destac\u00f3 Jaramillo, quien afirm\u00f3 que esto no suceder\u00e1 en tanto \u00abno sea obligado por el abandono de los combustibles f\u00f3siles\u00bb, los cuales deber\u00edan empezar \u00aba tributar impuestos especiales que favorezcan la transici\u00f3n energ\u00e9tica\u00bb.<\/p>\n<p>Por otro lado, alertaron los expertos, la falta de financiaci\u00f3n para la transici\u00f3n redundar\u00e1 en la necesidad de un <strong>mayor aporte para el Fondo de P\u00e9rdidas y Da\u00f1os que se puso en marcha el primer d\u00eda del evento<\/strong>, un a\u00f1o despu\u00e9s de su establecimiento en la COP27.<\/p>\n<p>El fondo, que necesita movilizar 100.000 millones de d\u00f3lares anuales y busca compensar a los pa\u00edses m\u00e1s vulnerables al cambio clim\u00e1tico, junt\u00f3 en Dubai 792 millones, menos del 0,8% de lo que se hab\u00eda propuesto.<\/p>\n<p>Estados Unidos, el pa\u00eds m\u00e1s rico del planeta, aport\u00f3 17,5 millones y, lejos de querer abandonar combustibles f\u00f3siles, sigue expandiendo sus extracciones de petr\u00f3leo.<\/p>\n<p><strong>Al cierre de la COP28, el jefe clim\u00e1tico de la ONU, Simon Stiell,<\/strong> se sincer\u00f3: \u00abLa COP28 necesitaba se\u00f1alar un duro freno a los combustibles f\u00f3siles y su contaminaci\u00f3n que quema el planeta. No hemos pasado la p\u00e1gina de la era de los combustibles f\u00f3siles, pero este es claramente el principio del fin\u00bb. Asimismo, las lagunas que contiene el acuerdo \u00abnos dejan vulnerables a los intereses creados de los combustibles f\u00f3siles\u00bb, alert\u00f3.<\/p>\n<p>Por su parte, <strong>el secretario general de la ONU, Ant\u00f3nio Guterres,<\/strong> envi\u00f3 un mensaje a los estados productores de petr\u00f3leo y a las empresas del ramo: \u00abA quienes se opusieron a una referencia clara a una eliminaci\u00f3n gradual de los combustibles f\u00f3siles en el texto de la COP28, quiero decirles que la eliminaci\u00f3n gradual de los combustibles f\u00f3siles es inevitable, les guste o no. Esperemos que no llegue demasiado tarde\u00bb. <\/p>\n<\/div>\n<p><script async defer crossorigin=\"anonymous\" src=\"https:\/\/connect.facebook.net\/es_LA\/sdk.js#xfbml=1&#038;version=v12.0\" nonce=\"SBlHQzIF\"><\/script><br \/><a href=\"https:\/\/www.telam.com.ar\/notas\/202312\/649796-cop28--combustibles-fosiles.html\">source<\/a><\/p>\n","protected":false},"excerpt":{"rendered":"<p>La cumbre convoc\u00f3 a acelerar la transici\u00f3n energ\u00e9tica. \/Foto: AFP. La Conferencia de las Partes&#8230;<\/p>\n","protected":false},"author":0,"featured_media":192076,"comment_status":"open","ping_status":"open","sticky":false,"template":"","format":"standard","meta":{"footnotes":""},"categories":[60],"tags":[],"class_list":["post-192075","post","type-post","status-publish","format-standard","has-post-thumbnail","hentry","category-internacional"],"featured_image_urls":{"full":["https:\/\/radiofenix.com.ar\/2023\/wp-content\/uploads\/2023\/12\/wp-header-logo-134.png",1200,675,false],"thumbnail":["https:\/\/radiofenix.com.ar\/2023\/wp-content\/uploads\/2023\/12\/wp-header-logo-134-150x150.png",150,150,true],"medium":["https:\/\/radiofenix.com.ar\/2023\/wp-content\/uploads\/2023\/12\/wp-header-logo-134-300x169.png",300,169,true],"medium_large":["https:\/\/radiofenix.com.ar\/2023\/wp-content\/uploads\/2023\/12\/wp-header-logo-134-768x432.png",640,360,true],"large":["https:\/\/radiofenix.com.ar\/2023\/wp-content\/uploads\/2023\/12\/wp-header-logo-134-1024x576.png",640,360,true],"1536x1536":["https:\/\/radiofenix.com.ar\/2023\/wp-content\/uploads\/2023\/12\/wp-header-logo-134.png",1200,675,false],"2048x2048":["https:\/\/radiofenix.com.ar\/2023\/wp-content\/uploads\/2023\/12\/wp-header-logo-134.png",1200,675,false],"newsium-slider-full":["https:\/\/radiofenix.com.ar\/2023\/wp-content\/uploads\/2023\/12\/wp-header-logo-134.png",1200,675,false],"newsium-featured":["https:\/\/radiofenix.com.ar\/2023\/wp-content\/uploads\/2023\/12\/wp-header-logo-134-1024x576.png",1024,576,true],"newsium-medium":["https:\/\/radiofenix.com.ar\/2023\/wp-content\/uploads\/2023\/12\/wp-header-logo-134-720x475.png",720,475,true]},"author_info":{"info":[""]},"category_info":"<a href=\"https:\/\/radiofenix.com.ar\/2023\/category\/internacional\/\" rel=\"category tag\">Internacional<\/a>","tag_info":"Internacional","comment_count":"0","_links":{"self":[{"href":"https:\/\/radiofenix.com.ar\/2023\/wp-json\/wp\/v2\/posts\/192075","targetHints":{"allow":["GET"]}}],"collection":[{"href":"https:\/\/radiofenix.com.ar\/2023\/wp-json\/wp\/v2\/posts"}],"about":[{"href":"https:\/\/radiofenix.com.ar\/2023\/wp-json\/wp\/v2\/types\/post"}],"replies":[{"embeddable":true,"href":"https:\/\/radiofenix.com.ar\/2023\/wp-json\/wp\/v2\/comments?post=192075"}],"version-history":[{"count":0,"href":"https:\/\/radiofenix.com.ar\/2023\/wp-json\/wp\/v2\/posts\/192075\/revisions"}],"wp:featuredmedia":[{"embeddable":true,"href":"https:\/\/radiofenix.com.ar\/2023\/wp-json\/wp\/v2\/media\/192076"}],"wp:attachment":[{"href":"https:\/\/radiofenix.com.ar\/2023\/wp-json\/wp\/v2\/media?parent=192075"}],"wp:term":[{"taxonomy":"category","embeddable":true,"href":"https:\/\/radiofenix.com.ar\/2023\/wp-json\/wp\/v2\/categories?post=192075"},{"taxonomy":"post_tag","embeddable":true,"href":"https:\/\/radiofenix.com.ar\/2023\/wp-json\/wp\/v2\/tags?post=192075"}],"curies":[{"name":"wp","href":"https:\/\/api.w.org\/{rel}","templated":true}]}}