{"id":192099,"date":"2023-12-19T08:57:57","date_gmt":"2023-12-19T08:57:57","guid":{"rendered":"https:\/\/radiofenix.com.ar\/2023\/organizaciones-sociales-convocaron-a-una-conferencia-de-prensa-frente-al-congreso\/"},"modified":"2023-12-19T08:57:57","modified_gmt":"2023-12-19T08:57:57","slug":"organizaciones-sociales-convocaron-a-una-conferencia-de-prensa-frente-al-congreso","status":"publish","type":"post","link":"https:\/\/radiofenix.com.ar\/2023\/organizaciones-sociales-convocaron-a-una-conferencia-de-prensa-frente-al-congreso\/","title":{"rendered":"Organizaciones sociales convocaron a una conferencia de prensa frente al Congreso"},"content":{"rendered":"<div>\n<figure class=\"mb-3\"><img decoding=\"async\" src=\"https:\/\/www.telam.com.ar\/thumbs\/bluesteel\/advf\/imagenes\/2023\/07\/64b026335745c_1200.jpg\" class=\" lazy \" width=\"100%\" height=\"100%\" alt=\"Ms de 100 organizaciones sociales llamaron a una conferencia de prensa para explicar los alcances de la movilizacin del mircoles Foto Pablo Aeli\"\/><figcaption> M\u00e1s de 100 organizaciones sociales llamaron a una conferencia de prensa para explicar los alcances de la movilizaci\u00f3n del mi\u00e9rcoles \/ Foto: Pablo A\u00f1eli. <\/figcaption><\/figure>\n<p><strong>Organizaciones sociales convocaron a una conferencia de prensa para este martes a las 15 frente al Congreso de la Naci\u00f3n <\/strong>con el fin de \u00abexplicar las caracter\u00edsticas de la movilizaci\u00f3n\u00bb que programaron para el 20 de diciembre a Plaza de Mayo.<\/p>\n<p><strong>\u00abM\u00e1s de 100 organizaciones convocamos a una conferencia de prensa\u00bb,<\/strong> indicaron los organizadores sociales en un comunicado sobre la actividad que tendr\u00e1 lugar este martes a las 15 \u00abfrente al Congreso Nacional\u00bb, en las intersecci\u00f3n de la calle Entre R\u00edos con Rivadavia e Hip\u00f3lito Yrigoyen.<\/p>\n<p><strong>\u00abLos convocantes de la movilizaci\u00f3n del 20 de diciembre realizaremos una conferencia de prensa en las escalinatas frente al Congreso <\/strong>para explicar las caracter\u00edsticas de la movilizaci\u00f3n\u00bb, agregaron y anticiparon que expondr\u00e1n sobre \u00ablas caracter\u00edsticas de las denuncias\u00bb que hicieron \u00abpor amenazas y el intento de recortar la libertad de expresi\u00f3n garantizada por la ley\u00bb contra el presidente Javier Milei; la ministra de Seguridad, Patricia Bullrich; su par de Capital Humano, Sandra Pettovello; y el titular de Econom\u00eda, Luis Caputo.<\/p>\n<p>Las organizaciones consideraron que <strong>el Gobierno busca \u00abimpedir una movilizaci\u00f3n popular<\/strong> contra el brutal ajuste que lleva adelante\u00bb esa administraci\u00f3n.<\/p>\n<p><strong>En la conferencia de prensa estar\u00e1n presente organismos de derechos humanos, dirigentes sindicales, estudiantiles, diputados, partidos pol\u00edticos y dirigentes piqueteros, <\/strong>quienes el 20 de diciembre encabezar\u00e1n una marcha desde el Congreso nacional a la Plaza de Mayo con motivo de un nuevo aniversario del estallido social que en 2001 deriv\u00f3 en la renuncia del entonces presidente Fernando de la R\u00faa.<\/p>\n<blockquote class=\"twitter-tweet\">\n<p lang=\"es\" dir=\"ltr\">En un nuevo aniversario del estallido social que en 2001 este <a href=\"https:\/\/twitter.com\/hashtag\/20D?src=hash&amp;ref_src=twsrc%5Etfw\">#20D<\/a> movilizamos.<br \/>Les comparto la nota de <a href=\"https:\/\/twitter.com\/filonewsOK?ref_src=twsrc%5Etfw\">@filonewsOK<\/a> <a href=\"https:\/\/t.co\/s1SaM6nOCO\">https:\/\/t.co\/s1SaM6nOCO<\/a><\/p>\n<p>\u2014 Gabriel Solano (@Solanopo) <a href=\"https:\/\/twitter.com\/Solanopo\/status\/1736772354011795727?ref_src=twsrc%5Etfw\">December 18, 2023<\/a><\/p><\/blockquote>\n<p><strong>En tanto, este martes tambi\u00e9n el Frente de Izquierda-Unidad (FIT-U) llam\u00f3 a una audiencia p\u00fablica para las 16 en la C\u00e1mara de Diputados <\/strong>contra el protocolo \u00abque quiere imponer Bullrich\u00bb, al que se consider\u00f3 \u00abcompletamente ilegal e inconstitucional, que cercena el derecho a la protesta social\u00bb.<\/p>\n<p>En su cuenta de la red social X, la diputada nacional del FIT-U Romina del Pl\u00e1 comparti\u00f3 un comunicado con el t\u00edtulo \u00abNo al protocolo que cercena el derecho a la protesta\u00bb en el que inform\u00f3 sobre la actividad.<\/p>\n<p>\u00abAnte los anuncios de la ministra de Seguridad, Patricia Bullrich, quien inform\u00f3 que desde el gobierno nacional intentar\u00e1n cercenar todos los derechos y garant\u00edas constitucionales para que nuestro pueblo pueda manifestarse para defender sus derechos; las y los diputados nacionales del FIT-U invitamos a participar de una audiencia p\u00fablica el martes 19 de diciembre a las 16, en la sala 1 del anexo C de la C\u00e1mara de Diputados de la Naci\u00f3n\u00bb, agregaron.<\/p>\n<p>Adem\u00e1s de Del Pl\u00e1, firmaron el comunicado los diputados nacionales de esa fuerza Myriam Bregman, Nicol\u00e1s del Ca\u00f1o, Christian Castillo y Alejandro Vilca. <\/p>\n<\/div>\n<p><script async src=\"\/\/platform.twitter.com\/widgets.js\" charset=\"utf-8\"><\/script><script async defer crossorigin=\"anonymous\" src=\"https:\/\/connect.facebook.net\/es_LA\/sdk.js#xfbml=1&#038;version=v12.0\" nonce=\"SBlHQzIF\"><\/script><br \/><a href=\"https:\/\/www.telam.com.ar\/notas\/202312\/649933-organizaciones-sociales-conferencia-prensa.html\">source<\/a><\/p>\n","protected":false},"excerpt":{"rendered":"<p>M\u00e1s de 100 organizaciones sociales llamaron a una conferencia de prensa para explicar los alcances&#8230;<\/p>\n","protected":false},"author":0,"featured_media":192100,"comment_status":"open","ping_status":"open","sticky":false,"template":"","format":"standard","meta":{"footnotes":""},"categories":[2],"tags":[],"class_list":["post-192099","post","type-post","status-publish","format-standard","has-post-thumbnail","hentry","category-politica"],"featured_image_urls":{"full":["https:\/\/radiofenix.com.ar\/2023\/wp-content\/uploads\/2023\/12\/wp-header-logo-144.png",1200,675,false],"thumbnail":["https:\/\/radiofenix.com.ar\/2023\/wp-content\/uploads\/2023\/12\/wp-header-logo-144-150x150.png",150,150,true],"medium":["https:\/\/radiofenix.com.ar\/2023\/wp-content\/uploads\/2023\/12\/wp-header-logo-144-300x169.png",300,169,true],"medium_large":["https:\/\/radiofenix.com.ar\/2023\/wp-content\/uploads\/2023\/12\/wp-header-logo-144-768x432.png",640,360,true],"large":["https:\/\/radiofenix.com.ar\/2023\/wp-content\/uploads\/2023\/12\/wp-header-logo-144-1024x576.png",640,360,true],"1536x1536":["https:\/\/radiofenix.com.ar\/2023\/wp-content\/uploads\/2023\/12\/wp-header-logo-144.png",1200,675,false],"2048x2048":["https:\/\/radiofenix.com.ar\/2023\/wp-content\/uploads\/2023\/12\/wp-header-logo-144.png",1200,675,false],"newsium-slider-full":["https:\/\/radiofenix.com.ar\/2023\/wp-content\/uploads\/2023\/12\/wp-header-logo-144.png",1200,675,false],"newsium-featured":["https:\/\/radiofenix.com.ar\/2023\/wp-content\/uploads\/2023\/12\/wp-header-logo-144-1024x576.png",1024,576,true],"newsium-medium":["https:\/\/radiofenix.com.ar\/2023\/wp-content\/uploads\/2023\/12\/wp-header-logo-144-720x475.png",720,475,true]},"author_info":{"info":[""]},"category_info":"<a href=\"https:\/\/radiofenix.com.ar\/2023\/category\/politica\/\" rel=\"category tag\">Pol\u00edtica<\/a>","tag_info":"Pol\u00edtica","comment_count":"0","_links":{"self":[{"href":"https:\/\/radiofenix.com.ar\/2023\/wp-json\/wp\/v2\/posts\/192099","targetHints":{"allow":["GET"]}}],"collection":[{"href":"https:\/\/radiofenix.com.ar\/2023\/wp-json\/wp\/v2\/posts"}],"about":[{"href":"https:\/\/radiofenix.com.ar\/2023\/wp-json\/wp\/v2\/types\/post"}],"replies":[{"embeddable":true,"href":"https:\/\/radiofenix.com.ar\/2023\/wp-json\/wp\/v2\/comments?post=192099"}],"version-history":[{"count":0,"href":"https:\/\/radiofenix.com.ar\/2023\/wp-json\/wp\/v2\/posts\/192099\/revisions"}],"wp:featuredmedia":[{"embeddable":true,"href":"https:\/\/radiofenix.com.ar\/2023\/wp-json\/wp\/v2\/media\/192100"}],"wp:attachment":[{"href":"https:\/\/radiofenix.com.ar\/2023\/wp-json\/wp\/v2\/media?parent=192099"}],"wp:term":[{"taxonomy":"category","embeddable":true,"href":"https:\/\/radiofenix.com.ar\/2023\/wp-json\/wp\/v2\/categories?post=192099"},{"taxonomy":"post_tag","embeddable":true,"href":"https:\/\/radiofenix.com.ar\/2023\/wp-json\/wp\/v2\/tags?post=192099"}],"curies":[{"name":"wp","href":"https:\/\/api.w.org\/{rel}","templated":true}]}}