{"id":192101,"date":"2023-12-19T08:57:59","date_gmt":"2023-12-19T08:57:59","guid":{"rendered":"https:\/\/radiofenix.com.ar\/2023\/maria-becerra-agrego-un-segundo-show-a-su-historica-llegada-a-river\/"},"modified":"2023-12-19T08:57:59","modified_gmt":"2023-12-19T08:57:59","slug":"maria-becerra-agrego-un-segundo-show-a-su-historica-llegada-a-river","status":"publish","type":"post","link":"https:\/\/radiofenix.com.ar\/2023\/maria-becerra-agrego-un-segundo-show-a-su-historica-llegada-a-river\/","title":{"rendered":"Mar\u00eda Becerra agreg\u00f3 un segundo show a su hist\u00f3rica llegada a River"},"content":{"rendered":"<div>\n<figure class=\"mb-3\"><img decoding=\"async\" src=\"https:\/\/www.telam.com.ar\/thumbs\/bluesteel\/advf\/imagenes\/2023\/01\/63b5dad17ff61_1200.jpg\" class=\" lazy \" width=\"100%\" height=\"100%\" alt=\"Foto Eliana Obregn\"\/><figcaption> Foto: Eliana Obreg\u00f3n. <\/figcaption><\/figure>\n<p> Mar\u00eda Becerra, que a mediados de octubre pasado anunci\u00f3 que se presentar\u00e1 el pr\u00f3ximo 23 de marzo en River, convirti\u00e9ndose en la primera artista mujer argentina en protagonizar un show en ese estadio, agreg\u00f3 una segunda fecha en redes sociales para el 22 de ese mes luego de que las localidades se agotaran en s\u00f3lo 90 minutos.<\/p>\n<p>La joven cantante de 23 a\u00f1os, bautizada \u00abLa Nena de Argentina\u00bb, dio a conocer la noticia en medio de su marat\u00f3nico ascenso en la escena de la m\u00fasica urbana, que ya le vali\u00f3 varias nominaciones a los Grammy Latinos, millones de reproducciones en plataformas y multitudinarios conciertos a lo largo y ancho del pa\u00eds.<\/p>\n<p>Becerra hab\u00eda dado una primera pista de este gran paso en su carrera cuando en junio \u00faltimo estren\u00f3 su hit \u00abCoraz\u00f3n vac\u00edo\u00bb ante fans en un shopping porte\u00f1o y, al finalizar, sugiri\u00f3 que comenzaba a prepararse para \u00abun show muy grande\u00bb.<\/p>\n<blockquote class=\"instagram-media\" data-instgrm-permalink=\"https:\/\/www.instagram.com\/reel\/C02_c9gtZrL\/?utm_source=ig_embed&amp;utm_campaign=loading\" data-instgrm-version=\"14\" style=\" background:#FFF; border:0; border-radius:3px; box-shadow:0 0 1px 0 rgba(0,0,0,0.5),0 1px 10px 0 rgba(0,0,0,0.15); margin: 1px; max-width:540px; min-width:326px; padding:0; width:99.375%; width:-webkit-calc(100% - 2px); width:calc(100% - 2px);\"\/><p> Cuando sus seguidores comenzaron a corear \u00abRiver, River\u00bb, la artista pregunt\u00f3 con picard\u00eda: \u00abSi hago un River, \u00bfustedes van?\u00bb, lo que convenci\u00f3 a muchos que ese ser\u00eda su pr\u00f3ximo gran objetivo.<\/p>\n<p>Finalmente, acompa\u00f1ado de un video, Mar\u00eda Becerra confirm\u00f3 el 12 de octubre su -entonces \u00fanico- show en el Monumental para marzo de 2024, en el que repasar\u00e1 los \u00e9xitos de sus dos discos de estudio, como \u00abAutom\u00e1tico\u00bb y \u00abOjal\u00e1\u00bb, e incorporar\u00e1 algunas novedades, entre las que se espera la participaci\u00f3n de invitados especiales de renombre que ya colaboraron con ella durante los \u00faltimos tiempos.<\/p>\n<p>Los tickets para esta segunda fecha se pondr\u00e1n a la venta el pr\u00f3ximo lunes 18 de diciembre a trav\u00e9s del sitio web de All Access. <\/p>\n<\/div>\n<p><script async defer crossorigin=\"anonymous\" src=\"https:\/\/connect.facebook.net\/es_LA\/sdk.js#xfbml=1&#038;version=v12.0\" nonce=\"SBlHQzIF\"><\/script><br \/><a href=\"https:\/\/www.telam.com.ar\/notas\/202312\/649691-maria-becerra-river-show.html\">source<\/a><\/p>\n","protected":false},"excerpt":{"rendered":"<p>Foto: Eliana Obreg\u00f3n. Mar\u00eda Becerra, que a mediados de octubre pasado anunci\u00f3 que se presentar\u00e1&#8230;<\/p>\n","protected":false},"author":0,"featured_media":192102,"comment_status":"open","ping_status":"open","sticky":false,"template":"","format":"standard","meta":{"footnotes":""},"categories":[4],"tags":[],"class_list":["post-192101","post","type-post","status-publish","format-standard","has-post-thumbnail","hentry","category-espectaculos"],"featured_image_urls":{"full":["https:\/\/radiofenix.com.ar\/2023\/wp-content\/uploads\/2023\/12\/wp-header-logo-145.png",1200,675,false],"thumbnail":["https:\/\/radiofenix.com.ar\/2023\/wp-content\/uploads\/2023\/12\/wp-header-logo-145-150x150.png",150,150,true],"medium":["https:\/\/radiofenix.com.ar\/2023\/wp-content\/uploads\/2023\/12\/wp-header-logo-145-300x169.png",300,169,true],"medium_large":["https:\/\/radiofenix.com.ar\/2023\/wp-content\/uploads\/2023\/12\/wp-header-logo-145-768x432.png",640,360,true],"large":["https:\/\/radiofenix.com.ar\/2023\/wp-content\/uploads\/2023\/12\/wp-header-logo-145-1024x576.png",640,360,true],"1536x1536":["https:\/\/radiofenix.com.ar\/2023\/wp-content\/uploads\/2023\/12\/wp-header-logo-145.png",1200,675,false],"2048x2048":["https:\/\/radiofenix.com.ar\/2023\/wp-content\/uploads\/2023\/12\/wp-header-logo-145.png",1200,675,false],"newsium-slider-full":["https:\/\/radiofenix.com.ar\/2023\/wp-content\/uploads\/2023\/12\/wp-header-logo-145.png",1200,675,false],"newsium-featured":["https:\/\/radiofenix.com.ar\/2023\/wp-content\/uploads\/2023\/12\/wp-header-logo-145-1024x576.png",1024,576,true],"newsium-medium":["https:\/\/radiofenix.com.ar\/2023\/wp-content\/uploads\/2023\/12\/wp-header-logo-145-720x475.png",720,475,true]},"author_info":{"info":[""]},"category_info":"<a href=\"https:\/\/radiofenix.com.ar\/2023\/category\/espectaculos\/\" rel=\"category tag\">Espectaculos<\/a>","tag_info":"Espectaculos","comment_count":"0","_links":{"self":[{"href":"https:\/\/radiofenix.com.ar\/2023\/wp-json\/wp\/v2\/posts\/192101","targetHints":{"allow":["GET"]}}],"collection":[{"href":"https:\/\/radiofenix.com.ar\/2023\/wp-json\/wp\/v2\/posts"}],"about":[{"href":"https:\/\/radiofenix.com.ar\/2023\/wp-json\/wp\/v2\/types\/post"}],"replies":[{"embeddable":true,"href":"https:\/\/radiofenix.com.ar\/2023\/wp-json\/wp\/v2\/comments?post=192101"}],"version-history":[{"count":0,"href":"https:\/\/radiofenix.com.ar\/2023\/wp-json\/wp\/v2\/posts\/192101\/revisions"}],"wp:featuredmedia":[{"embeddable":true,"href":"https:\/\/radiofenix.com.ar\/2023\/wp-json\/wp\/v2\/media\/192102"}],"wp:attachment":[{"href":"https:\/\/radiofenix.com.ar\/2023\/wp-json\/wp\/v2\/media?parent=192101"}],"wp:term":[{"taxonomy":"category","embeddable":true,"href":"https:\/\/radiofenix.com.ar\/2023\/wp-json\/wp\/v2\/categories?post=192101"},{"taxonomy":"post_tag","embeddable":true,"href":"https:\/\/radiofenix.com.ar\/2023\/wp-json\/wp\/v2\/tags?post=192101"}],"curies":[{"name":"wp","href":"https:\/\/api.w.org\/{rel}","templated":true}]}}