{"id":192103,"date":"2023-12-19T08:58:01","date_gmt":"2023-12-19T08:58:01","guid":{"rendered":"https:\/\/radiofenix.com.ar\/2023\/milei-recibira-los-pedidos-de-auxilio-economico-de-los-gobernadores\/"},"modified":"2023-12-19T08:58:01","modified_gmt":"2023-12-19T08:58:01","slug":"milei-recibira-los-pedidos-de-auxilio-economico-de-los-gobernadores","status":"publish","type":"post","link":"https:\/\/radiofenix.com.ar\/2023\/milei-recibira-los-pedidos-de-auxilio-economico-de-los-gobernadores\/","title":{"rendered":"Milei recibir\u00e1 los pedidos de auxilio econ\u00f3mico de los gobernadores"},"content":{"rendered":"<div>\n<figure class=\"mb-3\"><img decoding=\"async\" src=\"https:\/\/www.telam.com.ar\/thumbs\/bluesteel\/advf\/imagenes\/2023\/12\/657cf148851b0_1200.jpg\" class=\" lazy \" width=\"100%\" height=\"100%\" alt=\"El de este martes ser el primer encuentro institucional que el Presidente celebrar con los mandatarios provinciales exactamente nueve das despus del inicio de su mandato Foto Presidencia\"\/><figcaption> El de este martes ser\u00e1 el primer encuentro institucional que el Presidente celebrar\u00e1 con los mandatarios provinciales, exactamente nueve d\u00edas despu\u00e9s del inicio de su mandato \/ Foto: Presidencia. <\/figcaption><\/figure>\n<p> El presidente Javier Milei convoc\u00f3 para este martes a los gobernadores a una reuni\u00f3n en la Casa Rosada, que <strong>ser\u00e1 a agenda abierta<\/strong> y en la cual se espera que el jefe de Estado brinde a los mandatarios un detalle de la situaci\u00f3n en la que encontr\u00f3 el pa\u00eds, que fundamente las medidas que adopt\u00f3 hasta el momento y por qu\u00e9 pide un esfuerzo conjunto para que la Argentina pueda superar la actual situaci\u00f3n, seg\u00fan comentaron fuentes oficiales.<\/p>\n<p>Durante el encuentro, <strong>previsto para el mediod\u00eda en el Sal\u00f3n \u201cEva Per\u00f3n\u201d de la Casa de Gobierno<\/strong>, se aguarda que Milei se refiera a la importancia de que las provincias busquen controlar el d\u00e9ficit fiscal, y que explique las medidas legislativas que enviar\u00e1 en las pr\u00f3ximas horas al Congreso, sobre las que pedir\u00e1 \u201capoyo y acompa\u00f1amiento\u201d frente al panorama nacional, a\u00f1adieron las fuentes.<\/p>\n<blockquote class=\"\"><p>Se espera que\u00a0Milei se refiera a la importancia de que las provincias busquen controlar el d\u00e9ficit fiscal, y que explique las medidas legislativas que enviar\u00e1 en las pr\u00f3ximas horas al Congreso.<\/p><\/blockquote>\n<p> Otro de los temas que podr\u00eda abordar Milei ante los gobernadores es el de la <strong>reforma pol\u00edtica<\/strong>, teniendo en cuenta que podr\u00eda enviar al Parlamento la eliminaci\u00f3n de las elecciones Primarias, Abiertas, Simult\u00e1neas y Obligatorias (PASO) y la adopci\u00f3n de la boleta \u00fanica, en l\u00ednea con lo que ya plante\u00f3 el ministro del Interior, Guillermo Francos.<\/p>\n<p>El Presidente<strong> estar\u00e1 acompa\u00f1ado por el jefe de Gabinete, Nicol\u00e1s Posse y el ministro Francos<\/strong>, en una reuni\u00f3n que contar\u00e1 con la presencia de todos los gobernadores, quienes comprometieron su asistencia, aseguraron las fuentes.<\/p>\n<p>All\u00ed, los mandatarios provinciales <strong>coincidir\u00e1n en poner sobre la mesa de di\u00e1logo el impacto econ\u00f3mico y financiero en sus distritos generado por la eliminaci\u00f3n del Impuesto a las Ganancias<\/strong> y solicitar\u00e1n una compensaci\u00f3n o sustituci\u00f3n de ese tributo, m\u00e1s all\u00e1 de exponer sobre sus necesidades sectoriales.<\/p>\n<p>Varios de los gobernadores, seg\u00fan anticiparon personalmente o a trav\u00e9s de voceros, se mostraron proclives a mantener la exenci\u00f3n de Ganancias para la cuarta categor\u00eda, tal como lo dispuso el Gobierno anterior, pero reclamar\u00e1n una contrapartida a trav\u00e9s de los otros tributos en vigencia.<\/p>\n<p>Esta ser\u00e1<strong> la primera reuni\u00f3n oficial que mantendr\u00e1 el Jefe de Estado con los gobernadores, a nueve d\u00edas de su asunci\u00f3n<\/strong>, invitaci\u00f3n que transmiti\u00f3 Francos, el viernes pasado, en un contacto virtual con la mayor\u00eda de los mandatarios.<\/p>\n<p>Francos ya hab\u00eda recibido al gobernador de C\u00f3rdoba, Mart\u00edn Llaryora, y el viernes dialog\u00f3 presencialmente con cuatro gobernadores de Juntos por el Cambio en la sede de su cartera: Gustavo Vald\u00e9s (Corrientes), Alfredo Cornejo (Mendoza), Leandro Zdero (Chaco) y Maximiliano Pullaro (Santa Fe).<\/p>\n<h2 class=\"\">Responsabilidad fiscal<\/h2>\n<p>En su habitual conferencia de prensa diaria, el vocero presidencial, Manuel Adorni, apel\u00f3 este lunes a la \u00abresponsabilidad fiscal\u00bb de los gobernadores, luego de que circularan <strong>versiones de posibles emisiones de cuasimonedas provinciales<\/strong>, y les pidi\u00f3 que adopten la postura del Gobierno nacional de \u00abno gastar m\u00e1s de lo que se tiene\u00bb.<\/p>\n<p>Reconoci\u00f3 que \u00ablas provincias tienen el derecho a actuar como mejor les parezca\u00bb, y tras indicar que \u00abtenemos que entender de una buena vez que los argentinos no podemos gastar m\u00e1s de lo que nos ingresa, el d\u00e9ficit cero es uno de nuestros grandes nortes, tenemos que finalmente poner la caja en orden\u00bb, <strong>enfatiz\u00f3 que \u00abfinanciar d\u00e9ficits significa generar inflaci\u00f3n o endeudarnos hasta colapsar\u00bb.<\/strong><\/p>\n<p><figure class=\"mb-3\"><img decoding=\"async\" src=\"https:\/\/www.telam.com.ar\/thumbs\/bluesteel\/advf\/imagenes\/2023\/12\/65806249cfe1a_1200.jpg\" class=\" lazy \" width=\"100%\" height=\"100%\" alt=\"Foto Leo Vaca\"\/><figcaption> Foto: Leo Vaca <\/figcaption><\/figure>\n<\/p>\n<h2 class=\"\">La voz de los gobernadores<\/h2>\n<p>El gobernador bonaerense,<strong> Axel Kicillof<\/strong> (Uni\u00f3n por la Patria), afirm\u00f3 en declaraciones radiales que los mandatarios provinciales no pidieron reinstalar el Impuesto a las Ganancias sino \u00absustituir o compensar\u00bb el impacto que tuvo esa medida en la masa de la coparticipaci\u00f3n con otros instrumentos.<\/p>\n<p>Dijo que la devaluaci\u00f3n \u00abimplica una transferencia de recursos. Var\u00edan los patrimonios y recursos. Unos ganan y otros pierden. Todo el esquema es sacudido. En este nuevo escenario es l\u00f3gico hablar. La ecuaci\u00f3n cambi\u00f3 y, en base a eso, tenemos que hablar de una compensaci\u00f3n\u00bb.<\/p>\n<p>Fuentes de la gobernaci\u00f3n bonaerense ratificaron luego que <a href=\"https:\/\/www.telam.com.ar\/notas\/202312\/649925-kicillof-milei-obra-publica-gobernadores.html\" target=\"_blank\" rel=\"noopener\">Kicillof le pedir\u00e1 a Milei \u00ablos fondos para continuar con las obras p\u00fablicas en marcha en territorio bonaerense<\/a>, que mantenga los giros complementarios a la coparticipaci\u00f3n federal de impuestos y ayuda para los municipios afectados por el temporal\u00bb.<\/p>\n<p>Mientras, el correntino <strong>Vald\u00e9s <\/strong>(UCR) se\u00f1al\u00f3 que \u00abvamos a ir a escuchar, es una reuni\u00f3n convocada por el presidente\u00bb, y su par cordob\u00e9s, el \u00abschiarettista\u00bb Mart\u00edn Llaryora, plantear\u00e1 entre otros temas, la deuda de la Naci\u00f3n con la Caja de Jubilaciones de la provincia; pedido de fondos para obras p\u00fablicas comprometidos por convenios anteriores y la aplicaci\u00f3n de las retenciones a las econom\u00edas regionales.<\/p>\n<p>El mandatario sanjuanino, <strong>Marcelo Orrego <\/strong>(JxC), calific\u00f3 al encuentro como \u00abmuy importante\u00bb y coment\u00f3 que \u00aben San Juan somos Naci\u00f3n-dependientes, siempre se habla de que dependemos en un 80%, pero yo dir\u00eda que es m\u00e1s, porque si se suman los programas internacionales, la cifra llega al 86%. Los sanjuaninos solo recaudamos el 14% de lo que utilizamos\u00bb.<\/p>\n<p>Su colega de R\u00edo Negro, el peronista<strong> Alberto Weretilneck<\/strong>, afirm\u00f3 que <a href=\"https:\/\/www.telam.com.ar\/notas\/202312\/649912-weretilneck-gobernador-rio-negro--impuesto-ganancias.html\" target=\"_blank\" rel=\"noopener\">no est\u00e1 de acuerdo con la restituci\u00f3n de Impuesto a las Ganancias para reforzar los fondos de las provincias<\/a> y propuso en cambio que la compensaci\u00f3n se haga v\u00eda del impuesto al cheque o el impuesto PAIS.<\/p>\n<p>\u00abNuestra posici\u00f3n es muy clara: se tard\u00f3 100 a\u00f1os en derogar ese impuesto (Ganancias) y nosotros no estamos de acuerdo en que se vuelva a imponer\u00bb, advirti\u00f3.<\/p>\n<p>Mientras, el santafesino <strong>Pullaro <\/strong>(UCR) pedir\u00e1 precisiones sobre los alcances de los recortes anunciados por al Gobierno central, y se inclinar\u00e1 por una compensaci\u00f3n frente a la derogaci\u00f3n del Impuesto a las Ganancias, al tiempo que pedir\u00e1 que Naci\u00f3n contin\u00fae financiando el d\u00e9ficit de la Caja de Jubilaciones local, seg\u00fan indicaron fuentes provinciales.<\/p>\n<p>El gobernador de Entre R\u00edos, <strong>Rogelio Frigerio<\/strong> (PRO), gestionar\u00e1 \u00abun ATN o una ayuda econ\u00f3mica\u00bb para paliar los efectos del temporal y las fuertes lluvias que afectaron a casi la mitad de los 83 municipios provinciales, seg\u00fan dijo el ministro de Justicia y Seguridad entrerriano, N\u00e9stor Roncaglia.<\/p>\n<p>El gobernador del Chubut,<strong> Ignacio Torres<\/strong> (PRO), dijo a T\u00e9lam que \u00abpediremos la coparticipaci\u00f3n del 50% del impuesto a los cr\u00e9ditos y d\u00e9bitos bancarios que conocemos como impuesto al cheque, de manera que compense la p\u00e9rdida que tuvimos por la eliminaci\u00f3n del impuesto a las ganancias\u00bb.<\/p>\n<p>Adem\u00e1s, \u00abque se contemple la situaci\u00f3n de algunas actividades de la econom\u00eda local para que no queden atrapadas en las retenciones, como la ganader\u00eda ovina\u00bb, as\u00ed como \u00absostener obras estrat\u00e9gicas para la Naci\u00f3n, como por ejemplo las rutas que atraviesan nuestra provincia y que est\u00e1n en muy malas condiciones, que son nacionales\u00bb, y \u00abque se atienda la diferencia del valor de la exportaci\u00f3n del petr\u00f3leo con el precio interno\u00bb conocido como el \u00abbarril criollo\u00bb.<\/p>\n<p>En tanto, el mendocino <strong>Cornejo <\/strong>pedir\u00e1, como varios de sus colegas, que se redistribuya el impuesto al cheque, anticiparon fuentes cercanas al mandatario cuyano.<\/p>\n<\/div>\n<p><script async defer crossorigin=\"anonymous\" src=\"https:\/\/connect.facebook.net\/es_LA\/sdk.js#xfbml=1&#038;version=v12.0\" nonce=\"SBlHQzIF\"><\/script><br \/><a href=\"https:\/\/www.telam.com.ar\/notas\/202312\/649858-milei-gobernadores.html\">source<\/a><\/p>\n","protected":false},"excerpt":{"rendered":"<p>El de este martes ser\u00e1 el primer encuentro institucional que el Presidente celebrar\u00e1 con los&#8230;<\/p>\n","protected":false},"author":2,"featured_media":192104,"comment_status":"open","ping_status":"open","sticky":false,"template":"","format":"standard","meta":{"footnotes":""},"categories":[6],"tags":[],"class_list":["post-192103","post","type-post","status-publish","format-standard","has-post-thumbnail","hentry","category-ultimasnoticias"],"featured_image_urls":{"full":["https:\/\/radiofenix.com.ar\/2023\/wp-content\/uploads\/2023\/12\/wp-header-logo-146.png",1200,675,false],"thumbnail":["https:\/\/radiofenix.com.ar\/2023\/wp-content\/uploads\/2023\/12\/wp-header-logo-146-150x150.png",150,150,true],"medium":["https:\/\/radiofenix.com.ar\/2023\/wp-content\/uploads\/2023\/12\/wp-header-logo-146-300x169.png",300,169,true],"medium_large":["https:\/\/radiofenix.com.ar\/2023\/wp-content\/uploads\/2023\/12\/wp-header-logo-146-768x432.png",640,360,true],"large":["https:\/\/radiofenix.com.ar\/2023\/wp-content\/uploads\/2023\/12\/wp-header-logo-146-1024x576.png",640,360,true],"1536x1536":["https:\/\/radiofenix.com.ar\/2023\/wp-content\/uploads\/2023\/12\/wp-header-logo-146.png",1200,675,false],"2048x2048":["https:\/\/radiofenix.com.ar\/2023\/wp-content\/uploads\/2023\/12\/wp-header-logo-146.png",1200,675,false],"newsium-slider-full":["https:\/\/radiofenix.com.ar\/2023\/wp-content\/uploads\/2023\/12\/wp-header-logo-146.png",1200,675,false],"newsium-featured":["https:\/\/radiofenix.com.ar\/2023\/wp-content\/uploads\/2023\/12\/wp-header-logo-146-1024x576.png",1024,576,true],"newsium-medium":["https:\/\/radiofenix.com.ar\/2023\/wp-content\/uploads\/2023\/12\/wp-header-logo-146-720x475.png",720,475,true]},"author_info":{"info":["c1500921"]},"category_info":"<a href=\"https:\/\/radiofenix.com.ar\/2023\/category\/ultimasnoticias\/\" rel=\"category tag\">Ultimas Noticias<\/a>","tag_info":"Ultimas Noticias","comment_count":"0","_links":{"self":[{"href":"https:\/\/radiofenix.com.ar\/2023\/wp-json\/wp\/v2\/posts\/192103","targetHints":{"allow":["GET"]}}],"collection":[{"href":"https:\/\/radiofenix.com.ar\/2023\/wp-json\/wp\/v2\/posts"}],"about":[{"href":"https:\/\/radiofenix.com.ar\/2023\/wp-json\/wp\/v2\/types\/post"}],"author":[{"embeddable":true,"href":"https:\/\/radiofenix.com.ar\/2023\/wp-json\/wp\/v2\/users\/2"}],"replies":[{"embeddable":true,"href":"https:\/\/radiofenix.com.ar\/2023\/wp-json\/wp\/v2\/comments?post=192103"}],"version-history":[{"count":0,"href":"https:\/\/radiofenix.com.ar\/2023\/wp-json\/wp\/v2\/posts\/192103\/revisions"}],"wp:featuredmedia":[{"embeddable":true,"href":"https:\/\/radiofenix.com.ar\/2023\/wp-json\/wp\/v2\/media\/192104"}],"wp:attachment":[{"href":"https:\/\/radiofenix.com.ar\/2023\/wp-json\/wp\/v2\/media?parent=192103"}],"wp:term":[{"taxonomy":"category","embeddable":true,"href":"https:\/\/radiofenix.com.ar\/2023\/wp-json\/wp\/v2\/categories?post=192103"},{"taxonomy":"post_tag","embeddable":true,"href":"https:\/\/radiofenix.com.ar\/2023\/wp-json\/wp\/v2\/tags?post=192103"}],"curies":[{"name":"wp","href":"https:\/\/api.w.org\/{rel}","templated":true}]}}