{"id":192119,"date":"2023-12-20T08:57:46","date_gmt":"2023-12-20T08:57:46","guid":{"rendered":"https:\/\/radiofenix.com.ar\/2023\/el-gobierno-bonaerense-no-aplicara-el-protocolo-anunciado-por-patricia-bullrich\/"},"modified":"2023-12-20T08:57:46","modified_gmt":"2023-12-20T08:57:46","slug":"el-gobierno-bonaerense-no-aplicara-el-protocolo-anunciado-por-patricia-bullrich","status":"publish","type":"post","link":"https:\/\/radiofenix.com.ar\/2023\/el-gobierno-bonaerense-no-aplicara-el-protocolo-anunciado-por-patricia-bullrich\/","title":{"rendered":"El gobierno bonaerense no aplicar\u00e1 el protocolo anunciado por Patricia Bullrich"},"content":{"rendered":"<div>\n<figure class=\"mb-3\"><img decoding=\"async\" src=\"https:\/\/www.telam.com.ar\/thumbs\/bluesteel\/advf\/imagenes\/2022\/07\/62cff5bbdba59_1200.jpg\" class=\" lazy \" width=\"100%\" height=\"100%\" alt=\"Foto prensa\"\/><figcaption> Foto: prensa <\/figcaption><\/figure>\n<p> El Gobierno bonaerense no aplicar\u00e1 el protocolo de mantenimiento del orden p\u00fablico para evitar cortes de calles anunciado por la ministra de Seguridad, Patricia Bullrich, anunci\u00f3 el ministro de Gobierno de la provincia de Buenos Aires, Carlos Bianco, quien consider\u00f3 que la medida \u00abcriminaliza la protesta\u00bb.<\/p>\n<p><strong>\u00abS\u00e9 que hay contactos entre la ministra de Seguridad de Naci\u00f3n y el ministro de Seguridad de la provincia (Javier Alonso). Es algo que corresponde y tiene un car\u00e1cter operativo, institucional\u00bb<\/strong>, dijo el funcionario a radio La Red.<\/p>\n<p>No obstante, aclar\u00f3: \u00abA nosotros no nos han solicitado que apliquemos el protocolo de orden p\u00fablico. Creemos que criminaliza la protesta\u00bb.<\/p>\n<blockquote class=\"\"><p>\u00abA nosotros no nos han solicitado que apliquemos el protocolo de orden p\u00fablico. Creemos que criminaliza la protesta\u00bb<\/p><\/blockquote>\n<p> Adem\u00e1s, si bien reconoci\u00f3 que las movilizaciones tiene que tener \u00abcierto orden\u00bb, dijo que el conjunto de disposiciones anunciado por el Ejecutivo nacional \u00absobrepasa un l\u00edmite establecido durante todos estos a\u00f1os de democracia\u00bb.<\/p>\n<p>Consultado respecto de la decisi\u00f3n del Gobierno de Javier Milei de quitar los planes sociales a quienes cortan calles, Bianco respondi\u00f3 que esas prestaciones se deben hacer efectivas si los beneficiarios de los programas \u00abcumplen con sus obligaciones\u00bb.<\/p>\n<p>\u00abNosotros junto con los municipios y las cooperativas siempre trabajamos con estos programas que tienen un objetivo darle un ingreso a aquellas personas que cumplen una funci\u00f3n reciban lo que corresponde\u00bb, a\u00f1adi\u00f3.<\/p>\n<h2 class=\"\">Las causas detr\u00e1s del conflicto<\/h2>\n<p> Por su parte, el ministro de Seguridad bonaerense, Javier Alonso, consider\u00f3 que el Gobierno de la provincia de Buenos Aires sabe \u00abc\u00f3mo restaurar el orden en el marco del estado de derecho\u00bb sin necesidad de apelar al protocolo de mantenimiento del orden p\u00fablico dispuesto por la cartera de Seguridad nacional.<\/p>\n<p>En declaraciones formuladas a Radio 10, el funcionario explic\u00f3 que \u00aben los \u00faltimos cuatro a\u00f1os la gesti\u00f3n trabaja con un m\u00e9todo muy espec\u00edfico que dio resultados\u00bb.<\/p>\n<p>\u00abRecordemos que el exministro Sergio Berni supo c\u00f3mo despejar la autopista Buenos Aires-La Plata con nuestra forma de trabajar. El protocolo ata\u00f1e a las fuerzas federales y es una decisi\u00f3n de otro \u00e1mbito de competencia\u00bb, remarc\u00f3 Alonso.<\/p>\n<p>Cuando se le consult\u00f3 en la entrevista sobre cu\u00e1l era su opini\u00f3n sobre el protocolo de orden p\u00fablico, el ministro respondi\u00f3 que primero se debe \u00abesperar a ver qu\u00e9 ocurre\u00bb.<\/p>\n<p><strong>\u00abNosotros nos subordinamos a las \u00f3rdenes de la Justicia. Cuando tenemos que despejar y actuar, la polic\u00eda trabaja, llama al fiscal e informa. Somos auxiliares de la Justicia. El protocolo es un curso de acci\u00f3n, un conjunto de reglas que establece reglas de actuaci\u00f3n para aplicar en situaciones concretas\u00bb<\/strong>, describi\u00f3.<\/p>\n<p>Luego, dijo que a su modo de ver \u00abel orden surge de la gesti\u00f3n del conflicto\u00bb y fundament\u00f3: \u00abPara nosotros el orden es importante, pero resolver las causas que est\u00e1n detr\u00e1s del conflicto tambi\u00e9n lo es\u00bb.<\/p>\n<p>Posteriormente, Alonso cont\u00f3 que convers\u00f3 \u00abcon las autoridades del Ministerio de Seguridad\u00bb de la Naci\u00f3n, con quienes coincidieron \u00aben que el punto m\u00e1s cr\u00edtico\u00bb de la problem\u00e1tica del delito tiene que ver con lucha contra el narcotr\u00e1fico y con la prevenci\u00f3n, para evitar que maten a una persona por un celular o una cartera\u00bb.<\/p>\n<p>Al respecto, sostuvo que \u00abla preocupaci\u00f3n de los bonaerenses pasa por la violencia que genera el narcomenudeo y la violencia lesiva, no es que tienen preocupaci\u00f3n por los piquetes\u00bb.<\/p>\n<p>Finalmente, resalt\u00f3 que se trabaja y se coordina \u00abmuy bien con Naci\u00f3n\u00bb y ejemplific\u00f3: \u00abPedimos ayuda ante el temporal en Bah\u00eda Blanca y el respaldo estuvo\u00bb.<\/p>\n<p>\u00abDestaco que estamos construyendo una coordinaci\u00f3n que nos permite trabajar juntos. Tenemos la obligaci\u00f3n legal y el mandato popular de establecer todos los acuerdos que podamos para mitigar el delito en la provincia y es lo que vamos a hacer\u00bb, se\u00f1al\u00f3 y concluy\u00f3: \u00abNo podemos generar un enfrentamiento que impida fortalecer la seguridad\u00bb. <\/p>\n<\/div>\n<p><script async defer crossorigin=\"anonymous\" src=\"https:\/\/connect.facebook.net\/es_LA\/sdk.js#xfbml=1&#038;version=v12.0\" nonce=\"SBlHQzIF\"><\/script><br \/><a href=\"https:\/\/www.telam.com.ar\/notas\/202312\/649970-el-gobierno-bonaerense-no-aplicara-el-protocolo-anunciado-por-patricia-bullrich.html\">source<\/a><\/p>\n","protected":false},"excerpt":{"rendered":"<p>Foto: prensa El Gobierno bonaerense no aplicar\u00e1 el protocolo de mantenimiento del orden p\u00fablico para&#8230;<\/p>\n","protected":false},"author":0,"featured_media":192120,"comment_status":"open","ping_status":"open","sticky":false,"template":"","format":"standard","meta":{"footnotes":""},"categories":[2],"tags":[],"class_list":["post-192119","post","type-post","status-publish","format-standard","has-post-thumbnail","hentry","category-politica"],"featured_image_urls":{"full":["https:\/\/radiofenix.com.ar\/2023\/wp-content\/uploads\/2023\/12\/wp-header-logo-152.png",1200,675,false],"thumbnail":["https:\/\/radiofenix.com.ar\/2023\/wp-content\/uploads\/2023\/12\/wp-header-logo-152-150x150.png",150,150,true],"medium":["https:\/\/radiofenix.com.ar\/2023\/wp-content\/uploads\/2023\/12\/wp-header-logo-152-300x169.png",300,169,true],"medium_large":["https:\/\/radiofenix.com.ar\/2023\/wp-content\/uploads\/2023\/12\/wp-header-logo-152-768x432.png",640,360,true],"large":["https:\/\/radiofenix.com.ar\/2023\/wp-content\/uploads\/2023\/12\/wp-header-logo-152-1024x576.png",640,360,true],"1536x1536":["https:\/\/radiofenix.com.ar\/2023\/wp-content\/uploads\/2023\/12\/wp-header-logo-152.png",1200,675,false],"2048x2048":["https:\/\/radiofenix.com.ar\/2023\/wp-content\/uploads\/2023\/12\/wp-header-logo-152.png",1200,675,false],"newsium-slider-full":["https:\/\/radiofenix.com.ar\/2023\/wp-content\/uploads\/2023\/12\/wp-header-logo-152.png",1200,675,false],"newsium-featured":["https:\/\/radiofenix.com.ar\/2023\/wp-content\/uploads\/2023\/12\/wp-header-logo-152-1024x576.png",1024,576,true],"newsium-medium":["https:\/\/radiofenix.com.ar\/2023\/wp-content\/uploads\/2023\/12\/wp-header-logo-152-720x475.png",720,475,true]},"author_info":{"info":[""]},"category_info":"<a href=\"https:\/\/radiofenix.com.ar\/2023\/category\/politica\/\" rel=\"category tag\">Pol\u00edtica<\/a>","tag_info":"Pol\u00edtica","comment_count":"0","_links":{"self":[{"href":"https:\/\/radiofenix.com.ar\/2023\/wp-json\/wp\/v2\/posts\/192119","targetHints":{"allow":["GET"]}}],"collection":[{"href":"https:\/\/radiofenix.com.ar\/2023\/wp-json\/wp\/v2\/posts"}],"about":[{"href":"https:\/\/radiofenix.com.ar\/2023\/wp-json\/wp\/v2\/types\/post"}],"replies":[{"embeddable":true,"href":"https:\/\/radiofenix.com.ar\/2023\/wp-json\/wp\/v2\/comments?post=192119"}],"version-history":[{"count":0,"href":"https:\/\/radiofenix.com.ar\/2023\/wp-json\/wp\/v2\/posts\/192119\/revisions"}],"wp:featuredmedia":[{"embeddable":true,"href":"https:\/\/radiofenix.com.ar\/2023\/wp-json\/wp\/v2\/media\/192120"}],"wp:attachment":[{"href":"https:\/\/radiofenix.com.ar\/2023\/wp-json\/wp\/v2\/media?parent=192119"}],"wp:term":[{"taxonomy":"category","embeddable":true,"href":"https:\/\/radiofenix.com.ar\/2023\/wp-json\/wp\/v2\/categories?post=192119"},{"taxonomy":"post_tag","embeddable":true,"href":"https:\/\/radiofenix.com.ar\/2023\/wp-json\/wp\/v2\/tags?post=192119"}],"curies":[{"name":"wp","href":"https:\/\/api.w.org\/{rel}","templated":true}]}}