{"id":192121,"date":"2023-12-20T08:57:48","date_gmt":"2023-12-20T08:57:48","guid":{"rendered":"https:\/\/radiofenix.com.ar\/2023\/lo-politico-del-pop-es-generar-una-isla-donde-conectar-con-tu-alma-en-una-era-oscura\/"},"modified":"2023-12-20T08:57:48","modified_gmt":"2023-12-20T08:57:48","slug":"lo-politico-del-pop-es-generar-una-isla-donde-conectar-con-tu-alma-en-una-era-oscura","status":"publish","type":"post","link":"https:\/\/radiofenix.com.ar\/2023\/lo-politico-del-pop-es-generar-una-isla-donde-conectar-con-tu-alma-en-una-era-oscura\/","title":{"rendered":"&quot;Lo pol\u00edtico del pop es generar una isla donde conectar con tu alma en una era oscura&quot;"},"content":{"rendered":"<div>\n<figure class=\"mb-3\"><img decoding=\"async\" src=\"https:\/\/www.telam.com.ar\/thumbs\/bluesteel\/advf\/imagenes\/2023\/12\/6581c8615918b_1200.jpg\" class=\" lazy \" width=\"100%\" height=\"100%\" alt=\"Foto rodphotography\"\/><figcaption> Foto: rodphotography <\/figcaption><\/figure>\n<p> Tras un estelar paso en la jornada destinada a artistas femeninas durante la primera edici\u00f3n local del Primavera Sound, en noviembre de 2022, y una serie de conciertos en marzo pasado para presentar su m\u00e1s reciente producci\u00f3n \u00abNocturna\u00bb; la chilena Javiera Mena regresar\u00e1 este mi\u00e9rcoles, a las 20, al porte\u00f1o Niceto Club para <strong>un particular show \u00aba la carta\u00bb<\/strong> a partir de un repertorio confeccionado por el p\u00fablico.<\/p>\n<p><strong>\u00abQuerida Javiera\u00bb es el nombre del espect\u00e1culo en el que la artista pop repasar\u00e1 su carrera <\/strong>por medio de una serie de canciones elegidas por los fans a trav\u00e9s de un formulario que estuvo disponible en sus redes sociales.<\/p>\n<p>\u00abFue una idea que se nos ocurri\u00f3 con mi equipo. Ten\u00edamos ganas de hacer algo diferente para poder conectar con los fans a fin de a\u00f1o. Tiene que ver tambi\u00e9n con Santa Claus. La idea era que la gente pudiera pedir canciones y poder regal\u00e1rselas a fin de a\u00f1o en un concierto \u00fanico, que no creo que se repita. Es algo muy puntual para este fin de a\u00f1o\u00bb, explic\u00f3 Javiera Mena en di\u00e1logo con T\u00e9lam.<\/p>\n<p>La realidad es que<strong> este show ser\u00e1 tambi\u00e9n una buena excusa para tomar contacto con una trayectoria de m\u00e1s de diez a\u00f1os<\/strong> que convirtieron a la chilena en una referencia ineludible del pop hispano y que, sobre todo a partir de su disco \u00abNocturna\u00bb, tambi\u00e9n la erigieron como un \u00edcono de la diversidad sexual.<\/p>\n<div class=\"video_repositive\"> <a class=\"video_sticky\" href=\"javascript:void();\" onclick=\"removeStuckVideo(true);\"><i class=\"far fa-window-close\"\/><\/a> <\/p>\n<div id=\"iWYd5BXhuRw\" class=\"video_telam\" style=\"background-image:url('https:\/\/img.youtube.com\/vi\/iWYd5BXhuRw\/hqdefault.jpg');background-position: center center;\">\n<div class=\"feature_article_inner\">\n<p><h2 class=\"text-center\">Javiera Mena &#8211; La isla de Lesbos (Official Video)<\/h2>\n<\/p><\/div>\n<p>VER VIDEO <i class=\"fas fa-play\"\/><\/p>\n<\/p><\/div>\n<\/p><\/div>\n<p>Precisamente, en esta placa apareci\u00f3 con m\u00e1s fuerza que nunca un costado pol\u00edtico de Javiera Mena, quien desde irresistibles ritmos y con equilibradas dosis de elegancia y sensualidad, se encarg\u00f3 de construir historias con el estallido social chileno de 2019, la pandemia y el posterior lento regreso a la \u00abnueva normalidad\u00bb de fondo.<\/p>\n<p>En di\u00e1logo con esta agencia, la compositora y cantante cont\u00f3 entretelones de la preparaci\u00f3n de \u00abQuerida Javiera\u00bb, comparti\u00f3 su punto de vista sobre el rol de sus canciones en tiempos convulsionados y naturaliz\u00f3 que sea considerada un \u00edcono l\u00e9sbico a partir de su andar art\u00edstico.<\/p>\n<p><strong>&#8211; \u00bfQu\u00e9 te sorprendi\u00f3 de las canciones elegidas por el p\u00fablico? \u00bfAparecieron algunas que hac\u00eda mucho no cantabas y tuviste que prepararlas de alguna manera en especial?<\/strong><br \/>&#8211; Me encontr\u00e9 con canciones de mi primer disco que son muy graves y me cuesta mucho cantar. Me sorprendi\u00f3 que la gente las haya pedido un mont\u00f3n as\u00ed que estamos d\u00e1ndole para poder entregar esas canciones pedidas. Hay por ejemplo una canci\u00f3n que se llama \u00abComo siempre so\u00f1\u00e9\u00bb, que ahora no estaba cantando, o \u00abHasta la verdad\u00bb, que es de mi disco \u00abMena\u00bb. Es muy lindo poder conectar con esas canciones que me ense\u00f1an tanto.<\/p>\n<p><strong>&#8211; \u00bfHay diferencias notables entre el set que vos hubieras armado y el que eligi\u00f3 el p\u00fablico o son solo matices?<\/strong><br \/>&#8211; Solo matices porque estamos bastante conectados con los fans. Creo que va a haber un espacio mas grande para las baladas que no estaba tan presente en lo que venia presentando, que era algo menos vulnerable. Creo que el matiz es que hay m\u00e1s vulnerabilidad. El mensaje ahora es la vulnerabilidad, ese aspecto se ampl\u00eda, y antes el mensaje ten\u00eda que ver m\u00e1s con el Eros.<\/p>\n<p><strong>&#8211; \u00bfC\u00f3mo es la negociaci\u00f3n t\u00e1cita con los seguidores para poder congeniar entre lo que te gustar\u00eda mostrar o transmitir y lo que te piden?<\/strong><br \/>&#8211; Yo ven\u00eda planteando un recorrido por diferentes ritmos, m\u00e1s de colores, y este es un show m\u00e1s de canciones, as\u00ed que voy canci\u00f3n por canci\u00f3n. Incluso, \u00faltimamente estaba armando el set como DJ, mezclando los tempos entre canciones para que nunca pare. Yo creo que tengo una negociaci\u00f3n bastante transparente y amplia, estamos muy conectados con los fans. La negociaci\u00f3n tuvo que ver con que el p\u00fablico quiere m\u00e1s baladas y yo di el brazo a torcer en ese sentido (risas).<\/p>\n<p><figure class=\"mb-3\"><img decoding=\"async\" src=\"https:\/\/www.telam.com.ar\/thumbs\/bluesteel\/advf\/imagenes\/2023\/12\/6581c86141232_1200.jpg\" class=\" lazy \" width=\"100%\" height=\"100%\" alt=\"Foto rodphotography\"\/><figcaption> Foto: rodphotography <\/figcaption><\/figure>\n<p><strong>&#8211; En tus \u00faltimas visitas a nuestro pa\u00eds diste un show en el marco de un festival, luego estuviste mostrando el material de tu \u00faltimo disco y ahora se viene este show \u00aba la carta\u00bb. Son tres maneras muy distintas de encarar los conciertos. \u00bfHay alg\u00fan tipo de propuesta o formato que disfrutes m\u00e1s?<\/strong><br \/>&#8211; La parte est\u00e9tica y visual es diferente, por ah\u00ed va el cambio m\u00e1s que nada. El formato es tocar con mi banda y eso no cambia. Estoy muy contenta de tener una banda que me arrope y que defienda cada show, ya sea la presentaci\u00f3n de \u00abNocturna\u00bb o este formato \u00aba la carta\u00bb. Disfruto de las dos modalidades: lo que s\u00ed se siente es la diferencia entre canciones que han calado m\u00e1s profundo, en las que la gente dispara su coraz\u00f3n, versus estar presentando un disco que sali\u00f3 hace a\u00f1o y medio, que tal vez no est\u00e1 en el coraz\u00f3n de las personas porque no lleva tanto tiempo.<\/p>\n<p><strong>&#8211; \u00abNocturna\u00bb est\u00e1 atravesado por la crisis social en Chile y la pandemia. \u00bfQu\u00e9 valor tienen esas canciones o c\u00f3mo sent\u00eds que se resignifican en esta \u00abnueva normalidad\u00bb?<\/strong><br \/>&#8211; Siento que lo pol\u00edtico de \u00abNocturna\u00bb tiene que ver justamente con generar una isla en momentos tan convulsos como el estallido social y la pandemia. Creo que, de mi lado, la parte pol\u00edtica tiene que ver con una especie de arropar y de poder jugar en un mundo que est\u00e1 s\u00faper negro. Poder entregar tambi\u00e9n un espacio de reflexi\u00f3n y de m\u00fasica. Poder tener unas vacaciones de tres minutos y medio de todo eso, como la canci\u00f3n \u00abHoliday\u00bb de Madonna. Va por ah\u00ed. Estamos en un momento muy extremo en todo el mundo y lo pol\u00edtico del pop tiene que ver con generar un lugar seguro, esa isla donde conectar con tu alma, con tu autenticidad, en una era oscura. Cuando desde el afuera se nos est\u00e1 diciendo que se piense o se act\u00fae de determinada manera, esos extremos hacen que uno se pierda y aparezca ese odio de unos a otros. Entonces, para m\u00ed el pop es eso, es ese momento de conexi\u00f3n, de amor y de felicidad.<\/p>\n<p><strong>&#8211; Sos considerada un \u00edcono l\u00e9sbico, una referente de la diversidad sexual a partir de tus canciones. \u00bfC\u00f3mo te llev\u00e1s con eso? \u00bfTe genera una responsabilidad extra a la hora de crear?<\/strong><br \/>&#8211; Se da natural en mi momento creativo y en mi m\u00fasica que surja lo del \u00edcono l\u00e9sbico. Hace mucho que es as\u00ed pero yo no veo mi m\u00fasica as\u00ed, la veo como arte, como proyecci\u00f3n de muchas sensaciones. Claro que siempre he dicho abiertamente que soy lesbiana y tengo temas como \u00abLa isla de Lesbos\u00bb, en donde obviamente esta muy presente, pero esta presente as\u00ed como respirar, como amar, y el \u00e9nfasis lo pongo en el arte, en c\u00f3mo transmitir emociones, sensaciones.<\/p>\n<p><\/div>\n<p><script async defer crossorigin=\"anonymous\" src=\"https:\/\/connect.facebook.net\/es_LA\/sdk.js#xfbml=1&#038;version=v12.0\" nonce=\"SBlHQzIF\"><\/script><br \/><a href=\"https:\/\/www.telam.com.ar\/notas\/202312\/649992-javiera-mena-musica-pop.html\">source<\/a><\/p>\n","protected":false},"excerpt":{"rendered":"<p>Foto: rodphotography Tras un estelar paso en la jornada destinada a artistas femeninas durante la&#8230;<\/p>\n","protected":false},"author":0,"featured_media":192122,"comment_status":"open","ping_status":"open","sticky":false,"template":"","format":"standard","meta":{"footnotes":""},"categories":[4],"tags":[],"class_list":["post-192121","post","type-post","status-publish","format-standard","has-post-thumbnail","hentry","category-espectaculos"],"featured_image_urls":{"full":["https:\/\/radiofenix.com.ar\/2023\/wp-content\/uploads\/2023\/12\/wp-header-logo-153.png",1200,675,false],"thumbnail":["https:\/\/radiofenix.com.ar\/2023\/wp-content\/uploads\/2023\/12\/wp-header-logo-153-150x150.png",150,150,true],"medium":["https:\/\/radiofenix.com.ar\/2023\/wp-content\/uploads\/2023\/12\/wp-header-logo-153-300x169.png",300,169,true],"medium_large":["https:\/\/radiofenix.com.ar\/2023\/wp-content\/uploads\/2023\/12\/wp-header-logo-153-768x432.png",640,360,true],"large":["https:\/\/radiofenix.com.ar\/2023\/wp-content\/uploads\/2023\/12\/wp-header-logo-153-1024x576.png",640,360,true],"1536x1536":["https:\/\/radiofenix.com.ar\/2023\/wp-content\/uploads\/2023\/12\/wp-header-logo-153.png",1200,675,false],"2048x2048":["https:\/\/radiofenix.com.ar\/2023\/wp-content\/uploads\/2023\/12\/wp-header-logo-153.png",1200,675,false],"newsium-slider-full":["https:\/\/radiofenix.com.ar\/2023\/wp-content\/uploads\/2023\/12\/wp-header-logo-153.png",1200,675,false],"newsium-featured":["https:\/\/radiofenix.com.ar\/2023\/wp-content\/uploads\/2023\/12\/wp-header-logo-153-1024x576.png",1024,576,true],"newsium-medium":["https:\/\/radiofenix.com.ar\/2023\/wp-content\/uploads\/2023\/12\/wp-header-logo-153-720x475.png",720,475,true]},"author_info":{"info":[""]},"category_info":"<a href=\"https:\/\/radiofenix.com.ar\/2023\/category\/espectaculos\/\" rel=\"category tag\">Espectaculos<\/a>","tag_info":"Espectaculos","comment_count":"0","_links":{"self":[{"href":"https:\/\/radiofenix.com.ar\/2023\/wp-json\/wp\/v2\/posts\/192121","targetHints":{"allow":["GET"]}}],"collection":[{"href":"https:\/\/radiofenix.com.ar\/2023\/wp-json\/wp\/v2\/posts"}],"about":[{"href":"https:\/\/radiofenix.com.ar\/2023\/wp-json\/wp\/v2\/types\/post"}],"replies":[{"embeddable":true,"href":"https:\/\/radiofenix.com.ar\/2023\/wp-json\/wp\/v2\/comments?post=192121"}],"version-history":[{"count":0,"href":"https:\/\/radiofenix.com.ar\/2023\/wp-json\/wp\/v2\/posts\/192121\/revisions"}],"wp:featuredmedia":[{"embeddable":true,"href":"https:\/\/radiofenix.com.ar\/2023\/wp-json\/wp\/v2\/media\/192122"}],"wp:attachment":[{"href":"https:\/\/radiofenix.com.ar\/2023\/wp-json\/wp\/v2\/media?parent=192121"}],"wp:term":[{"taxonomy":"category","embeddable":true,"href":"https:\/\/radiofenix.com.ar\/2023\/wp-json\/wp\/v2\/categories?post=192121"},{"taxonomy":"post_tag","embeddable":true,"href":"https:\/\/radiofenix.com.ar\/2023\/wp-json\/wp\/v2\/tags?post=192121"}],"curies":[{"name":"wp","href":"https:\/\/api.w.org\/{rel}","templated":true}]}}