{"id":192123,"date":"2023-12-20T08:57:50","date_gmt":"2023-12-20T08:57:50","guid":{"rendered":"https:\/\/radiofenix.com.ar\/2023\/frigerio-apoyo-a-milei-contra-la-inflacion-pero-reclamo-por-los-fondos-provinciales\/"},"modified":"2023-12-20T08:57:50","modified_gmt":"2023-12-20T08:57:50","slug":"frigerio-apoyo-a-milei-contra-la-inflacion-pero-reclamo-por-los-fondos-provinciales","status":"publish","type":"post","link":"https:\/\/radiofenix.com.ar\/2023\/frigerio-apoyo-a-milei-contra-la-inflacion-pero-reclamo-por-los-fondos-provinciales\/","title":{"rendered":"Frigerio apoy\u00f3 a Milei &quot;contra la inflaci\u00f3n&quot;, pero reclam\u00f3 por los fondos provinciales"},"content":{"rendered":"<div>\n<figure class=\"mb-3\"><img decoding=\"async\" src=\"https:\/\/www.telam.com.ar\/thumbs\/bluesteel\/advf\/imagenes\/2023\/10\/6539913c664b7_1200.jpg\" class=\" lazy \" width=\"100%\" height=\"100%\" alt=\"Rogelio Frigerio Foto Pepe Mateos archivo\"\/><figcaption> Rogelio Frigerio. Foto: Pepe Mateos (archivo). <\/figcaption><\/figure>\n<p> El gobernador de Entre R\u00edos, <strong>Rogelio Frigerio<\/strong>, asegur\u00f3 este martes que su gobierno <strong>va a acompa\u00f1ar \u00ablos esfuerzos que plantea\u00bb el presidente Javier Milei para \u00abcombatir la inflaci\u00f3n\u00bb<\/strong>, aunque tambi\u00e9n remarc\u00f3 que pelear\u00e1 \u00abpor la recuperaci\u00f3n de fondos provinciales que se perdieron y que afectan el pago de salarios en tiempo y forma\u00bb.<\/p>\n<p>Entre ellos, <strong>reclam\u00f3 por los recursos adeudados por parte de Naci\u00f3n para avanzar en diferentes obras en esa provincia<\/strong>, y tambi\u00e9n por un mecanismo de compensaci\u00f3n o la reversi\u00f3n de la coparticipaci\u00f3n derivada del impuesto a las Ganancias.<\/p>\n<p>Frigerio particip\u00f3 de la reuni\u00f3n de Milei con los gobernadores y el jefe de Gobierno de la ciudad de Buenos Aires, Jorge Macri.<\/p>\n<p>All\u00ed, celebr\u00f3 el encuentro y afirm\u00f3 que le plante\u00f3 \u00abcon fuerza al presidente <strong>la defensa de nuestras econom\u00edas regionales<\/strong> para evitar que siempre sean la variable de ajuste\u00bb, y se sum\u00f3 al reclamo de la UCR de Entre R\u00edos.<\/p>\n<p>Se\u00f1al\u00f3 que acompa\u00f1a \u00ablos esfuerzos que plantea\u00bb Milei para combatir la inflaci\u00f3n\u00bb, aunque tambi\u00e9n remarc\u00f3 que pelear\u00e1 \u00abpor la recuperaci\u00f3n de fondos provinciales que se perdieron y que afectan el pago de salarios en tiempo y forma\u00bb.<\/p>\n<p>Advirti\u00f3 que hay \u00abobras que Naci\u00f3n tiene comprometidas en la provincia con los recursos que nos adeudan a los entrerrianos\u00bb y dese\u00f3 poder \u00abcontinuarlas y concluirlas\u00bb. <\/p>\n<\/div>\n<p><script async defer crossorigin=\"anonymous\" src=\"https:\/\/connect.facebook.net\/es_LA\/sdk.js#xfbml=1&#038;version=v12.0\" nonce=\"SBlHQzIF\"><\/script><br \/><a href=\"https:\/\/www.telam.com.ar\/notas\/202312\/650061-frigerio-apoyo-a-milei-inflacion-con-reclamos-fondos.html\">source<\/a><\/p>\n","protected":false},"excerpt":{"rendered":"<p>Rogelio Frigerio. Foto: Pepe Mateos (archivo). El gobernador de Entre R\u00edos, Rogelio Frigerio, asegur\u00f3 este&#8230;<\/p>\n","protected":false},"author":2,"featured_media":192124,"comment_status":"open","ping_status":"open","sticky":false,"template":"","format":"standard","meta":{"footnotes":""},"categories":[6],"tags":[],"class_list":["post-192123","post","type-post","status-publish","format-standard","has-post-thumbnail","hentry","category-ultimasnoticias"],"featured_image_urls":{"full":["https:\/\/radiofenix.com.ar\/2023\/wp-content\/uploads\/2023\/12\/wp-header-logo-154.png",1200,675,false],"thumbnail":["https:\/\/radiofenix.com.ar\/2023\/wp-content\/uploads\/2023\/12\/wp-header-logo-154-150x150.png",150,150,true],"medium":["https:\/\/radiofenix.com.ar\/2023\/wp-content\/uploads\/2023\/12\/wp-header-logo-154-300x169.png",300,169,true],"medium_large":["https:\/\/radiofenix.com.ar\/2023\/wp-content\/uploads\/2023\/12\/wp-header-logo-154-768x432.png",640,360,true],"large":["https:\/\/radiofenix.com.ar\/2023\/wp-content\/uploads\/2023\/12\/wp-header-logo-154-1024x576.png",640,360,true],"1536x1536":["https:\/\/radiofenix.com.ar\/2023\/wp-content\/uploads\/2023\/12\/wp-header-logo-154.png",1200,675,false],"2048x2048":["https:\/\/radiofenix.com.ar\/2023\/wp-content\/uploads\/2023\/12\/wp-header-logo-154.png",1200,675,false],"newsium-slider-full":["https:\/\/radiofenix.com.ar\/2023\/wp-content\/uploads\/2023\/12\/wp-header-logo-154.png",1200,675,false],"newsium-featured":["https:\/\/radiofenix.com.ar\/2023\/wp-content\/uploads\/2023\/12\/wp-header-logo-154-1024x576.png",1024,576,true],"newsium-medium":["https:\/\/radiofenix.com.ar\/2023\/wp-content\/uploads\/2023\/12\/wp-header-logo-154-720x475.png",720,475,true]},"author_info":{"info":["c1500921"]},"category_info":"<a href=\"https:\/\/radiofenix.com.ar\/2023\/category\/ultimasnoticias\/\" rel=\"category tag\">Ultimas Noticias<\/a>","tag_info":"Ultimas Noticias","comment_count":"0","_links":{"self":[{"href":"https:\/\/radiofenix.com.ar\/2023\/wp-json\/wp\/v2\/posts\/192123","targetHints":{"allow":["GET"]}}],"collection":[{"href":"https:\/\/radiofenix.com.ar\/2023\/wp-json\/wp\/v2\/posts"}],"about":[{"href":"https:\/\/radiofenix.com.ar\/2023\/wp-json\/wp\/v2\/types\/post"}],"author":[{"embeddable":true,"href":"https:\/\/radiofenix.com.ar\/2023\/wp-json\/wp\/v2\/users\/2"}],"replies":[{"embeddable":true,"href":"https:\/\/radiofenix.com.ar\/2023\/wp-json\/wp\/v2\/comments?post=192123"}],"version-history":[{"count":0,"href":"https:\/\/radiofenix.com.ar\/2023\/wp-json\/wp\/v2\/posts\/192123\/revisions"}],"wp:featuredmedia":[{"embeddable":true,"href":"https:\/\/radiofenix.com.ar\/2023\/wp-json\/wp\/v2\/media\/192124"}],"wp:attachment":[{"href":"https:\/\/radiofenix.com.ar\/2023\/wp-json\/wp\/v2\/media?parent=192123"}],"wp:term":[{"taxonomy":"category","embeddable":true,"href":"https:\/\/radiofenix.com.ar\/2023\/wp-json\/wp\/v2\/categories?post=192123"},{"taxonomy":"post_tag","embeddable":true,"href":"https:\/\/radiofenix.com.ar\/2023\/wp-json\/wp\/v2\/tags?post=192123"}],"curies":[{"name":"wp","href":"https:\/\/api.w.org\/{rel}","templated":true}]}}