{"id":192125,"date":"2023-12-21T08:57:35","date_gmt":"2023-12-21T08:57:35","guid":{"rendered":"https:\/\/radiofenix.com.ar\/2023\/las-estaciones-de-servicio-estaran-cerradas-en-nochebuena-y-ano-nuevo\/"},"modified":"2023-12-21T08:57:35","modified_gmt":"2023-12-21T08:57:35","slug":"las-estaciones-de-servicio-estaran-cerradas-en-nochebuena-y-ano-nuevo","status":"publish","type":"post","link":"https:\/\/radiofenix.com.ar\/2023\/las-estaciones-de-servicio-estaran-cerradas-en-nochebuena-y-ano-nuevo\/","title":{"rendered":"Las estaciones de servicio estar\u00e1n cerradas en Nochebuena y A\u00f1o Nuevo"},"content":{"rendered":"<div>\n<figure class=\"mb-3\"><img decoding=\"async\" src=\"https:\/\/www.telam.com.ar\/thumbs\/bluesteel\/advf\/imagenes\/2017\/05\/590b36e9359f8_1200.jpg\" class=\" lazy \" width=\"100%\" height=\"100%\" alt=\"Cerradas as estarn las estaciones de servicio por las noches durante las Fiestas de Fin de Ao Foto Archivo Tlam\"\/><figcaption> Cerradas, as\u00ed estar\u00e1n las estaciones de servicio por las noches durante las Fiestas de Fin de A\u00f1o. (Foto: Archivo T\u00e9lam) <\/figcaption><\/figure>\n<p> La Confederaci\u00f3n de Entidades del Comercio de Hidrocarburos y Afines (<strong>Cecha<\/strong>) inform\u00f3 este mi\u00e9rcoles que las estaciones de servicio de todo el pa\u00eds<strong> estar\u00e1n cerradas durante las noches celebratorias de Navidad y A\u00f1o Nuevo.<\/strong><\/p>\n<p>\u00abLos establecimientos no brindar\u00e1n atenci\u00f3n <strong>entre las 22 y las 6 del 24 al 25 de diciembre y del 31 de diciembre al 1 de enero<\/strong>, de acuerdo con lo establecido por la mayor\u00eda de los convenios colectivos de trabajo del sector\u00bb, precis\u00f3 un comunicado de la entidad.<\/p>\n<p>No obstante, s\u00ed estar\u00e1n garantizadas guardias disponibles para asistir a los servicios de emergencia como ambulancias, bomberos y polic\u00edas.<\/p>\n<p>En base a esta decisi\u00f3n, desde Cecha recomendaron que \u00abquienes vayan a utilizar sus autos durante las noches festivas<strong> carguen sus tanques de combustible con anticipaci\u00f3n<\/strong>, para as\u00ed no tener ning\u00fan problema en los momentos antes de que las estaciones dejen de atender a los clientes\u00bb.<\/p>\n<p>Cecha integra a las Federaciones, Asociaciones y\/o C\u00e1maras de Expendedores de Combustibles, quienes a su vez asocian a las estaciones de servicio del pa\u00eds. <\/p>\n<\/div>\n<p><script async defer crossorigin=\"anonymous\" src=\"https:\/\/connect.facebook.net\/es_LA\/sdk.js#xfbml=1&#038;version=v12.0\" nonce=\"SBlHQzIF\"><\/script><br \/><a href=\"https:\/\/www.telam.com.ar\/notas\/202312\/650131-estacion-servicio-cierre-nochebuena-ano-nuevo.html\">source<\/a><\/p>\n","protected":false},"excerpt":{"rendered":"<p>Cerradas, as\u00ed estar\u00e1n las estaciones de servicio por las noches durante las Fiestas de Fin&#8230;<\/p>\n","protected":false},"author":0,"featured_media":192126,"comment_status":"open","ping_status":"open","sticky":false,"template":"","format":"standard","meta":{"footnotes":""},"categories":[5],"tags":[],"class_list":["post-192125","post","type-post","status-publish","format-standard","has-post-thumbnail","hentry","category-economia"],"featured_image_urls":{"full":["https:\/\/radiofenix.com.ar\/2023\/wp-content\/uploads\/2023\/12\/wp-header-logo-155.png",1004,565,false],"thumbnail":["https:\/\/radiofenix.com.ar\/2023\/wp-content\/uploads\/2023\/12\/wp-header-logo-155-150x150.png",150,150,true],"medium":["https:\/\/radiofenix.com.ar\/2023\/wp-content\/uploads\/2023\/12\/wp-header-logo-155-300x169.png",300,169,true],"medium_large":["https:\/\/radiofenix.com.ar\/2023\/wp-content\/uploads\/2023\/12\/wp-header-logo-155-768x432.png",640,360,true],"large":["https:\/\/radiofenix.com.ar\/2023\/wp-content\/uploads\/2023\/12\/wp-header-logo-155.png",640,360,false],"1536x1536":["https:\/\/radiofenix.com.ar\/2023\/wp-content\/uploads\/2023\/12\/wp-header-logo-155.png",1004,565,false],"2048x2048":["https:\/\/radiofenix.com.ar\/2023\/wp-content\/uploads\/2023\/12\/wp-header-logo-155.png",1004,565,false],"newsium-slider-full":["https:\/\/radiofenix.com.ar\/2023\/wp-content\/uploads\/2023\/12\/wp-header-logo-155.png",1004,565,false],"newsium-featured":["https:\/\/radiofenix.com.ar\/2023\/wp-content\/uploads\/2023\/12\/wp-header-logo-155.png",1004,565,false],"newsium-medium":["https:\/\/radiofenix.com.ar\/2023\/wp-content\/uploads\/2023\/12\/wp-header-logo-155-720x475.png",720,475,true]},"author_info":{"info":[""]},"category_info":"<a href=\"https:\/\/radiofenix.com.ar\/2023\/category\/economia\/\" rel=\"category tag\">Economia<\/a>","tag_info":"Economia","comment_count":"0","_links":{"self":[{"href":"https:\/\/radiofenix.com.ar\/2023\/wp-json\/wp\/v2\/posts\/192125","targetHints":{"allow":["GET"]}}],"collection":[{"href":"https:\/\/radiofenix.com.ar\/2023\/wp-json\/wp\/v2\/posts"}],"about":[{"href":"https:\/\/radiofenix.com.ar\/2023\/wp-json\/wp\/v2\/types\/post"}],"replies":[{"embeddable":true,"href":"https:\/\/radiofenix.com.ar\/2023\/wp-json\/wp\/v2\/comments?post=192125"}],"version-history":[{"count":0,"href":"https:\/\/radiofenix.com.ar\/2023\/wp-json\/wp\/v2\/posts\/192125\/revisions"}],"wp:featuredmedia":[{"embeddable":true,"href":"https:\/\/radiofenix.com.ar\/2023\/wp-json\/wp\/v2\/media\/192126"}],"wp:attachment":[{"href":"https:\/\/radiofenix.com.ar\/2023\/wp-json\/wp\/v2\/media?parent=192125"}],"wp:term":[{"taxonomy":"category","embeddable":true,"href":"https:\/\/radiofenix.com.ar\/2023\/wp-json\/wp\/v2\/categories?post=192125"},{"taxonomy":"post_tag","embeddable":true,"href":"https:\/\/radiofenix.com.ar\/2023\/wp-json\/wp\/v2\/tags?post=192125"}],"curies":[{"name":"wp","href":"https:\/\/api.w.org\/{rel}","templated":true}]}}