{"id":192131,"date":"2023-12-21T08:57:41","date_gmt":"2023-12-21T08:57:41","guid":{"rendered":"https:\/\/radiofenix.com.ar\/2023\/zelenski-dice-que-evalua-movilizar-a-500-000-personas-mas-para-la-guerra-con-rusia\/"},"modified":"2023-12-21T08:57:41","modified_gmt":"2023-12-21T08:57:41","slug":"zelenski-dice-que-evalua-movilizar-a-500-000-personas-mas-para-la-guerra-con-rusia","status":"publish","type":"post","link":"https:\/\/radiofenix.com.ar\/2023\/zelenski-dice-que-evalua-movilizar-a-500-000-personas-mas-para-la-guerra-con-rusia\/","title":{"rendered":"Zelenski dice que eval\u00faa movilizar a 500.000 personas m\u00e1s para la guerra con Rusia"},"content":{"rendered":"<div>\n<figure class=\"mb-3\"><img decoding=\"async\" src=\"https:\/\/www.telam.com.ar\/thumbs\/bluesteel\/advf\/imagenes\/2023\/07\/64a9607b8fcdf_1200.jpg\" class=\" lazy \" width=\"100%\" height=\"100%\" alt=\"El lder ucraniano quiere reclutar ms ciudadanos para llevarlos al frente de batalla Foto AFP\"\/><figcaption> El l\u00edder ucraniano quiere reclutar m\u00e1s ciudadanos para llevarlos al frente de batalla. Foto: AFP <\/figcaption><\/figure>\n<p>El presidente ucraniano, Volodimir Zelenski, dijo este martes que el Ej\u00e9rcito propuso movilizar a 500.000 personas m\u00e1s en el contexto de la guerra contra Rusia, aunque afirm\u00f3 que esa opci\u00f3n sigue en debate y reconoci\u00f3 que \u00abnadie\u00bb sabe cu\u00e1ndo terminar\u00e1 el conflicto.<\/p>\n<p><strong>El mandatario ucraniano estim\u00f3 que este tipo de movilizaci\u00f3n costar\u00eda cerca de 500.000 millones de grivnas (cerca de 13.400 millones de d\u00f3lares) adicionales<\/strong>, seg\u00fan recogi\u00f3 la agencia de noticias Ukrinform.<\/p>\n<p><strong>\u00abSi hablamos de una movilizaci\u00f3n adicional de fuerzas, tenemos que encontrar una manera de proponer un plan para desmovilizar\u00bb<\/strong>, coment\u00f3 y agreg\u00f3 que sobre la mesa deber\u00edan estar tambi\u00e9n otras cuestiones, como las vacaciones de los militares y las rotaciones.<\/p>\n<p>Zelenski hizo estas declaraciones en una conferencia de prensa de final de a\u00f1o, en la que coment\u00f3 sobre la posibilidad de movilizar a \u00ab450.000 o 500.000 personas\u00bb <strong>ante la falta de tropas del ej\u00e9rcito ucraniano en el frente, pero reconoci\u00f3 que ser\u00eda un tema delicado<\/strong>, seg\u00fan recogi\u00f3 la cadena de noticias brit\u00e1nica BBC.<\/p>\n<p>Al ser consultado sobre cu\u00e1ndo terminar\u00e1 el conflicto entre Ucrania y Rusia, Zelenski afirm\u00f3: \u00abPienso que nadie sabe la respuesta. (&#8230;) Ni siquiera nuestros comandantes ni nuestros aliados occidentales\u00bb.<\/p>\n<p>Y ante la pregunta por algunos casos de corrupci\u00f3n dentro del Parlamento (unicameral), Zelenski dijo que, por ahora, no es posible disolver la Rada Suprema, ya que habr\u00eda que celebrar elecciones y bajo la ley marcial, en un contexto de guerra, no se dan las condiciones necesarias para ello.<\/p>\n<p><figure class=\"mb-3\"><img decoding=\"async\" src=\"https:\/\/www.telam.com.ar\/thumbs\/bluesteel\/advf\/imagenes\/2023\/10\/653f9d6b9f169_1200.jpg\" class=\" lazy \" width=\"100%\" height=\"100%\" alt=\"Los escases de tropas en la lnea de frente podra derivar en una nueva oleada de convocatorias\"\/><figcaption> Los escases de tropas en la l\u00ednea de frente podr\u00eda derivar en una nueva oleada de convocatorias <\/figcaption><\/figure>\n<p><strong>\u00abPara m\u00ed es importante que actualmente luchemos lo m\u00e1s posible contra los riesgos de corrupci\u00f3n y que nuestros socios digan que los fondos que nos dan no est\u00e9n en riesgo\u00bb<\/strong>, indic\u00f3, seg\u00fan recogi\u00f3 la agencia de noticias Europa Press.<\/p>\n<p>Sobre los paquetes de ayuda extranjeros, fundamentalmente de Estados Unidos y de la Uni\u00f3n Europea, el mandatario dijo: \u00abCreo que nuestros socios no nos defraudar\u00e1n\u00bb.<\/p>\n<p>Los congresistas republicanos en EEUU mantienen la aprobaci\u00f3n de un paquete de ayuda econ\u00f3mica para Ucrania como moneda de cambio para negociar con los dem\u00f3cratas regulaciones m\u00e1s estrictas en materia de pol\u00edtica migratoria. Esta semana, descartaron tratar el tema antes del receso de navidad y a\u00f1o nuevo.<\/p>\n<p>En tanto, <strong>parte de la ayuda europea para Kiev fue bloqueada la semana pasada por Hungr\u00eda <\/strong>y el debate se pospuso a enero.<\/p>\n<p><strong>Zelenski tambi\u00e9n habl\u00f3 de c\u00f3mo las presidenciales estadounidenses, <\/strong>previstas para noviembre de 2024, pueden afectar a la guerra.<\/p>\n<p>Reconoci\u00f3 que el republicano Trump tiene \u00abuna personalidad diferente\u00bb de la del presidente dem\u00f3crata Joe Biden y esto se reflejar\u00e1 en \u00abuna pol\u00edtica diferente\u00bb.<\/p>\n<p><figure class=\"mb-3\"><img decoding=\"async\" src=\"https:\/\/www.telam.com.ar\/thumbs\/bluesteel\/advf\/imagenes\/2022\/04\/624b6408d7c4b_1200.jpg\" class=\" lazy \" width=\"100%\" height=\"100%\" alt=\"Zelenski quiere medio milln de personas ms en el frente para seguir la guerra contra Rusia Foto AFP\"\/><figcaption> Zelenski quiere medio mill\u00f3n de personas m\u00e1s en el frente para seguir la guerra contra Rusia. Foto: AFP <\/figcaption><\/figure>\n<p><strong>\u00abSi la pol\u00edtica del pr\u00f3ximo presidente, independientemente de quien sea, es distinta respecto a Ucrania, m\u00e1s fr\u00eda o m\u00e1s econ\u00f3mica, entonces creo que eso tendr\u00e1 un fuerte impacto en el transcurso de la guerra\u00bb, advirti\u00f3 Zelenski, i<\/strong>nform\u00f3 la agencia de noticias AFP.<\/p>\n<p>No obstante, expres\u00f3 su esperanza en que Washington no modifique su apoyo militar y econ\u00f3mico a Ucrania, esencial para Kiev en la guerra con Rusia.<\/p>\n<p>Las presidenciales de Estados Unidos est\u00e1n previstas para principios de noviembre de 2024 y muchos analistas consideran que podr\u00edan suponer un punto de inflexi\u00f3n en el apoyo de Occidente a Ucrania.<\/p>\n<p>Trump, que seg\u00fan las recientes encuestas sigue siendo un candidato competitivo en las primarias republicanas, as\u00ed como en una eventual contienda con el vencedor de las primarias del Partido Dem\u00f3crata, expres\u00f3 en varias ocasiones sus reticencias a la ayuda que Washington da a Kiev.<\/p>\n<p><strong>\u00abConf\u00edo en que Estados Unidos no nos traicionar\u00e1 y respetar\u00e1 lo que acordamos\u00bb, afirm\u00f3 Zelenski.<\/strong><\/p>\n<p>El presidente ucraniano hizo esta comparecencia despu\u00e9s de un a\u00f1o marcado por los escasos avances del ej\u00e9rcito ucraniano en su contraofensiva, iniciada en junio.<\/p>\n<p>No obstante, Zelenski destac\u00f3 \u00abla gran victoria\u00bb del ej\u00e9rcito ucraniano en el mar Negro, donde las tropas de Kiev obligaron con sus ataques a recular a los buques rusos y eso facilit\u00f3 la creaci\u00f3n de corredores mar\u00edtimos para que Ucrania pueda seguir exportando granos. <\/p>\n<\/div>\n<p><script async defer crossorigin=\"anonymous\" src=\"https:\/\/connect.facebook.net\/es_LA\/sdk.js#xfbml=1&#038;version=v12.0\" nonce=\"SBlHQzIF\"><\/script><br \/><a href=\"https:\/\/www.telam.com.ar\/notas\/202312\/650044-zelenski-movilizar-guerra-rusia.html\">source<\/a><\/p>\n","protected":false},"excerpt":{"rendered":"<p>El l\u00edder ucraniano quiere reclutar m\u00e1s ciudadanos para llevarlos al frente de batalla. Foto: AFP&#8230;<\/p>\n","protected":false},"author":0,"featured_media":192132,"comment_status":"open","ping_status":"open","sticky":false,"template":"","format":"standard","meta":{"footnotes":""},"categories":[60],"tags":[],"class_list":["post-192131","post","type-post","status-publish","format-standard","has-post-thumbnail","hentry","category-internacional"],"featured_image_urls":{"full":["https:\/\/radiofenix.com.ar\/2023\/wp-content\/uploads\/2023\/12\/wp-header-logo-158.png",1200,675,false],"thumbnail":["https:\/\/radiofenix.com.ar\/2023\/wp-content\/uploads\/2023\/12\/wp-header-logo-158-150x150.png",150,150,true],"medium":["https:\/\/radiofenix.com.ar\/2023\/wp-content\/uploads\/2023\/12\/wp-header-logo-158-300x169.png",300,169,true],"medium_large":["https:\/\/radiofenix.com.ar\/2023\/wp-content\/uploads\/2023\/12\/wp-header-logo-158-768x432.png",640,360,true],"large":["https:\/\/radiofenix.com.ar\/2023\/wp-content\/uploads\/2023\/12\/wp-header-logo-158-1024x576.png",640,360,true],"1536x1536":["https:\/\/radiofenix.com.ar\/2023\/wp-content\/uploads\/2023\/12\/wp-header-logo-158.png",1200,675,false],"2048x2048":["https:\/\/radiofenix.com.ar\/2023\/wp-content\/uploads\/2023\/12\/wp-header-logo-158.png",1200,675,false],"newsium-slider-full":["https:\/\/radiofenix.com.ar\/2023\/wp-content\/uploads\/2023\/12\/wp-header-logo-158.png",1200,675,false],"newsium-featured":["https:\/\/radiofenix.com.ar\/2023\/wp-content\/uploads\/2023\/12\/wp-header-logo-158-1024x576.png",1024,576,true],"newsium-medium":["https:\/\/radiofenix.com.ar\/2023\/wp-content\/uploads\/2023\/12\/wp-header-logo-158-720x475.png",720,475,true]},"author_info":{"info":[""]},"category_info":"<a href=\"https:\/\/radiofenix.com.ar\/2023\/category\/internacional\/\" rel=\"category tag\">Internacional<\/a>","tag_info":"Internacional","comment_count":"0","_links":{"self":[{"href":"https:\/\/radiofenix.com.ar\/2023\/wp-json\/wp\/v2\/posts\/192131","targetHints":{"allow":["GET"]}}],"collection":[{"href":"https:\/\/radiofenix.com.ar\/2023\/wp-json\/wp\/v2\/posts"}],"about":[{"href":"https:\/\/radiofenix.com.ar\/2023\/wp-json\/wp\/v2\/types\/post"}],"replies":[{"embeddable":true,"href":"https:\/\/radiofenix.com.ar\/2023\/wp-json\/wp\/v2\/comments?post=192131"}],"version-history":[{"count":0,"href":"https:\/\/radiofenix.com.ar\/2023\/wp-json\/wp\/v2\/posts\/192131\/revisions"}],"wp:featuredmedia":[{"embeddable":true,"href":"https:\/\/radiofenix.com.ar\/2023\/wp-json\/wp\/v2\/media\/192132"}],"wp:attachment":[{"href":"https:\/\/radiofenix.com.ar\/2023\/wp-json\/wp\/v2\/media?parent=192131"}],"wp:term":[{"taxonomy":"category","embeddable":true,"href":"https:\/\/radiofenix.com.ar\/2023\/wp-json\/wp\/v2\/categories?post=192131"},{"taxonomy":"post_tag","embeddable":true,"href":"https:\/\/radiofenix.com.ar\/2023\/wp-json\/wp\/v2\/tags?post=192131"}],"curies":[{"name":"wp","href":"https:\/\/api.w.org\/{rel}","templated":true}]}}