{"id":192133,"date":"2023-12-21T08:57:43","date_gmt":"2023-12-21T08:57:43","guid":{"rendered":"https:\/\/radiofenix.com.ar\/2023\/fuerte-operativo-para-trasladar-a-68-presos-desde-comisarias-a-la-carcel-de-las-flores\/"},"modified":"2023-12-21T08:57:43","modified_gmt":"2023-12-21T08:57:43","slug":"fuerte-operativo-para-trasladar-a-68-presos-desde-comisarias-a-la-carcel-de-las-flores","status":"publish","type":"post","link":"https:\/\/radiofenix.com.ar\/2023\/fuerte-operativo-para-trasladar-a-68-presos-desde-comisarias-a-la-carcel-de-las-flores\/","title":{"rendered":"Fuerte operativo para trasladar a 68 presos desde comisar\u00edas a la c\u00e1rcel de Las Flores"},"content":{"rendered":"<div>\n<figure class=\"mb-3\"><img decoding=\"async\" src=\"https:\/\/www.telam.com.ar\/thumbs\/bluesteel\/advf\/imagenes\/2023\/12\/6581bc7c87a98_1200.jpg\" class=\" lazy \" width=\"100%\" height=\"100%\" alt=\"El Ministerio de Seguridad de Santa Fe realiz el traslado de 68 presos que estaban alojados en comisaras hacia la crcel de Las Flores Foto Archivo\"\/><figcaption> El Ministerio de Seguridad de Santa Fe realiz\u00f3 el traslado de 68 presos que estaban alojados en comisar\u00edas hacia la c\u00e1rcel de Las Flores \/ Foto: Archivo. <\/figcaption><\/figure>\n<p> El Ministerio de Seguridad de Santa Fe realiz\u00f3<strong> el traslado de 68 presos que estaban alojados en comisar\u00edas hacia la c\u00e1rcel de Las Flores<\/strong>, en medio de un fuerte operativo que incluy\u00f3 decenas de agentes policiales y penitenciarios, que tiene como objetivo optimizar la tarea de la polic\u00eda, informaron voceros oficiales.<\/p>\n<p>El operativo de traslado se realiz\u00f3 en las comisar\u00edas 1ra., 2da., 5ta., 11ma., en las subcomisar\u00edas 2da. y 18va, todas de la capital de la provincia, y en la comisar\u00eda 12da. de la ciudad de Santo Tom\u00e9.<\/p>\n<blockquote class=\"\"><p>Los operativos incluyeron agentes del Grupo de Operaciones Especiales Penitenciarias<\/p><\/blockquote>\n<p>Los voceros se\u00f1alaron que<strong> el objetivo fue reorganizar la operatividad de la polic\u00eda<\/strong>, ya que con presencia de reclusos en los calabozos y celdas de comisar\u00edas el personal estaba impedido de realizar sus tareas espec\u00edficas, como el patrullaje.<\/p>\n<p>En principio, los presos trasladados quedar\u00e1n alojados en el sector de Alcaid\u00eda del penal de Las Flores, situado en la zona norte de la ciudad.<\/p>\n<p>El caso m\u00e1s preocupante se daba en la comisar\u00eda 11ma., situada en avenida Arist\u00f3bulo del Valle 4808, en el macrocentro de la capital provincial, <strong>donde estaban recluidas 41 de las 68 personas trasladadas<\/strong>.<\/p>\n<p>Los operativos incluyeron agentes del Grupo de Operaciones Especiales Penitenciarias (GOEP) y de la Agrupaci\u00f3n Cuerpos de la Unidad Regional Uno de la polic\u00eda provincial, cuya cabecera es la ciudad de Santa Fe. <\/p>\n<\/div>\n<p><script async defer crossorigin=\"anonymous\" src=\"https:\/\/connect.facebook.net\/es_LA\/sdk.js#xfbml=1&#038;version=v12.0\" nonce=\"SBlHQzIF\"><\/script><br \/><a href=\"https:\/\/www.telam.com.ar\/notas\/202312\/649983-santa-fe-traslado-presos-comisarias.html\">source<\/a><\/p>\n","protected":false},"excerpt":{"rendered":"<p>El Ministerio de Seguridad de Santa Fe realiz\u00f3 el traslado de 68 presos que estaban&#8230;<\/p>\n","protected":false},"author":0,"featured_media":192134,"comment_status":"open","ping_status":"open","sticky":false,"template":"","format":"standard","meta":{"footnotes":""},"categories":[64],"tags":[],"class_list":["post-192133","post","type-post","status-publish","format-standard","has-post-thumbnail","hentry","category-policiales"],"featured_image_urls":{"full":["https:\/\/radiofenix.com.ar\/2023\/wp-content\/uploads\/2023\/12\/wp-header-logo-159.png",1200,675,false],"thumbnail":["https:\/\/radiofenix.com.ar\/2023\/wp-content\/uploads\/2023\/12\/wp-header-logo-159-150x150.png",150,150,true],"medium":["https:\/\/radiofenix.com.ar\/2023\/wp-content\/uploads\/2023\/12\/wp-header-logo-159-300x169.png",300,169,true],"medium_large":["https:\/\/radiofenix.com.ar\/2023\/wp-content\/uploads\/2023\/12\/wp-header-logo-159-768x432.png",640,360,true],"large":["https:\/\/radiofenix.com.ar\/2023\/wp-content\/uploads\/2023\/12\/wp-header-logo-159-1024x576.png",640,360,true],"1536x1536":["https:\/\/radiofenix.com.ar\/2023\/wp-content\/uploads\/2023\/12\/wp-header-logo-159.png",1200,675,false],"2048x2048":["https:\/\/radiofenix.com.ar\/2023\/wp-content\/uploads\/2023\/12\/wp-header-logo-159.png",1200,675,false],"newsium-slider-full":["https:\/\/radiofenix.com.ar\/2023\/wp-content\/uploads\/2023\/12\/wp-header-logo-159.png",1200,675,false],"newsium-featured":["https:\/\/radiofenix.com.ar\/2023\/wp-content\/uploads\/2023\/12\/wp-header-logo-159-1024x576.png",1024,576,true],"newsium-medium":["https:\/\/radiofenix.com.ar\/2023\/wp-content\/uploads\/2023\/12\/wp-header-logo-159-720x475.png",720,475,true]},"author_info":{"info":[""]},"category_info":"<a href=\"https:\/\/radiofenix.com.ar\/2023\/category\/policiales\/\" rel=\"category tag\">Policiales<\/a>","tag_info":"Policiales","comment_count":"0","_links":{"self":[{"href":"https:\/\/radiofenix.com.ar\/2023\/wp-json\/wp\/v2\/posts\/192133","targetHints":{"allow":["GET"]}}],"collection":[{"href":"https:\/\/radiofenix.com.ar\/2023\/wp-json\/wp\/v2\/posts"}],"about":[{"href":"https:\/\/radiofenix.com.ar\/2023\/wp-json\/wp\/v2\/types\/post"}],"replies":[{"embeddable":true,"href":"https:\/\/radiofenix.com.ar\/2023\/wp-json\/wp\/v2\/comments?post=192133"}],"version-history":[{"count":0,"href":"https:\/\/radiofenix.com.ar\/2023\/wp-json\/wp\/v2\/posts\/192133\/revisions"}],"wp:featuredmedia":[{"embeddable":true,"href":"https:\/\/radiofenix.com.ar\/2023\/wp-json\/wp\/v2\/media\/192134"}],"wp:attachment":[{"href":"https:\/\/radiofenix.com.ar\/2023\/wp-json\/wp\/v2\/media?parent=192133"}],"wp:term":[{"taxonomy":"category","embeddable":true,"href":"https:\/\/radiofenix.com.ar\/2023\/wp-json\/wp\/v2\/categories?post=192133"},{"taxonomy":"post_tag","embeddable":true,"href":"https:\/\/radiofenix.com.ar\/2023\/wp-json\/wp\/v2\/tags?post=192133"}],"curies":[{"name":"wp","href":"https:\/\/api.w.org\/{rel}","templated":true}]}}