{"id":192135,"date":"2023-12-21T08:57:45","date_gmt":"2023-12-21T08:57:45","guid":{"rendered":"https:\/\/radiofenix.com.ar\/2023\/el-gobierno-fijo-pisos-de-cobertura-minima-para-actividades-esenciales-y-trascendentales\/"},"modified":"2023-12-21T08:57:45","modified_gmt":"2023-12-21T08:57:45","slug":"el-gobierno-fijo-pisos-de-cobertura-minima-para-actividades-esenciales-y-trascendentales","status":"publish","type":"post","link":"https:\/\/radiofenix.com.ar\/2023\/el-gobierno-fijo-pisos-de-cobertura-minima-para-actividades-esenciales-y-trascendentales\/","title":{"rendered":"El Gobierno fij\u00f3 pisos de cobertura m\u00ednima para actividades esenciales y &quot;trascendentales&quot;"},"content":{"rendered":"<div>\n<figure class=\"mb-3\"><img decoding=\"async\" src=\"https:\/\/www.telam.com.ar\/thumbs\/bluesteel\/advf\/imagenes\/2016\/11\/58372a07d79bf_1200.jpg\" class=\" lazy \" width=\"100%\" height=\"100%\" alt=\"Foto archivo\"\/><figcaption> Foto: archivo. <\/figcaption><\/figure>\n<p>El Gobierno estableci\u00f3 pisos de <strong>cobertura m\u00ednima para actividades consideradas como servicios esenciales y de \u00abimportancia trascendental\u00bb<\/strong>, de modo tal que las organizaciones sindicales o de trabajadores <strong>\u00abno podr\u00e1n negociar o imponer a las partes\u00bb una prestaci\u00f3n menor a los estipulado<\/strong>.<\/p>\n<p><u><strong><a href=\"https:\/\/www.telam.com.ar\/notas\/202312\/650060-javier-milei-gobierno-naciona-anuncios.html\" target=\"_blank\" rel=\"noopener\">A trav\u00e9s del art\u00edculo 97 del Decreto de Necesidad y Urgencia (DNU)<\/a><\/strong><\/u> de desregulaci\u00f3n econ\u00f3mica anunciado por el presidente Javier Milei, el Poder Ejecutivo dispuso la \u00absustituci\u00f3n\u00bb del art\u00edculo 24 de la Ley N\u00b0 25.877&#8243; por un nuevo art\u00edculo que establece que \u00ablos conflictos colectivos que pudieren afectar la normal prestaci\u00f3n de servicios esenciales o actividades de importancia trascendental quedan sujetos\u00bb a nuevos \u00abgarant\u00edas de prestaci\u00f3n de servicios m\u00ednimos\u00bb.<\/p>\n<p>As\u00ed, dispuso que en los servicios esenciales <strong>\u00aben ning\u00fan caso podr\u00e1 negociar o imponer a las partes una cobertura menor al setenta y cinco por ciento (75%) de la prestaci\u00f3n normal del servicio de que se tratare\u00bb<\/strong>.<\/p>\n<p>El art\u00edculo c<strong>onsidera como \u00abesenciales\u00bb a los \u00abservicios sanitarios y hospitalarios, as\u00ed como el transporte y distribuci\u00f3n de medicamentos e insumos hospitalarios y los servicios farmac\u00e9uticos; producci\u00f3n, transporte y distribuci\u00f3n y comercializaci\u00f3n de agua potable, gas y otros combustibles y energ\u00eda el\u00e9ctrica; telecomunicaciones, incluyendo Internet y comunicaciones satelitales; aeron\u00e1utica comercial y el control de tr\u00e1fico a\u00e9reo y portuario; servicios aduaneros y migratorios, y dem\u00e1s vinculados al comercio exterior; y cuidado de menores y educaci\u00f3n de niveles guarder\u00eda, preescolar, primario y secundario, as\u00ed como la educaci\u00f3n especial\u00bb<\/strong>.<\/p>\n<p>Asimismo, en el caso de las actividades o servicios de importancia \u00abtrascendental\u00bb, en ning\u00fan caso \u00abse podr\u00e1 negociar o imponer a las partes una cobertura menor al cincuenta por ciento (50%)\u00bb.<\/p>\n<p><strong>Por \u00abtrascendentales\u00bb el art\u00edculo define a las actividades de \u00abproducci\u00f3n de medicamentos y\/o insumos hospitalarios; transporte mar\u00edtimo, fluvial, terrestre y subterr\u00e1neo de personas y\/o mercader\u00edas a trav\u00e9s de los distintos medios que se utilicen para tal fin; servicios de radio y televisi\u00f3n; actividades industriales continuas, incluyendo siderurgia y la producci\u00f3n de aluminio, actividad qu\u00edmica y la actividad cementera; industria alimenticia en toda su cadena de valor\u00bb<\/strong>.<\/p>\n<p>Tambi\u00e9n la \u00abproducci\u00f3n y distribuci\u00f3n de materiales de la construcci\u00f3n, servicios de reparaci\u00f3n de aeronaves y buques, todos los servicios portuarios y aeroportuarios, servicios log\u00edsticos, actividad minera, actividad frigor\u00edfica, correos, distribuci\u00f3n y comercializaci\u00f3n de alimentos y bebidas, actividad agropecuaria y su cadena de valor; y los servicios bancarios, financieros, servicios hoteleros y gastron\u00f3micos y el comercio electr\u00f3nico\u00bb.<\/p>\n<p>Adem\u00e1s, el DNU establece que \u00abuna comisi\u00f3n independiente y aut\u00f3noma, denominada Comisi\u00f3n de Garant\u00edas, integrada seg\u00fan se establezca en la reglamentaci\u00f3n, por cinco (5) miembros de reconocida solvencia t\u00e9cnica, profesional o acad\u00e9mica en materia de relaciones del trabajo, podr\u00e1 calificar como &#8216;servicio esencial&#8217; o servicio de importancia &#8216;trascendental&#8217; una actividad no incluida en las enumeraciones precedentes\u00bb cuando se dieren \u00abcircunstancias\u00bb determinadas como \u00abextensi\u00f3n y duraci\u00f3n de la interrupci\u00f3n de la actividad de que se tratare pudiere poner en peligro la vida, salud o seguridad de las personas\u00bb y cuando la \u00abactividad afectada constituyere un servicio p\u00fablico de importancia trascendental o de utilidad p\u00fablica\u00bb.<\/p>\n<p>Tambi\u00e9n cuando se produzca la \u00abinterrupci\u00f3n o suspensi\u00f3n del servicio pudiere provocar una situaci\u00f3n de crisis nacional aguda que hiciere peligrar las condiciones normales o de existencia de parte de la poblaci\u00f3n\u00bb, y cuando \u00abla interrupci\u00f3n o suspensi\u00f3n de la producci\u00f3n pudiere poner en peligro el adecuado abastecimiento de productos cr\u00edticos para la poblaci\u00f3n y\/o afectar metas de recaudaci\u00f3n asociadas a las pol\u00edticas de equilibrio fiscal\u00bb.<\/p>\n<p>La anterior ley N\u00b0 25.877, que se modificar\u00e1 por el DNU, consideraba \u00abesenciales\u00bb los \u00abservicios sanitarios y hospitalarios, la producci\u00f3n y distribuci\u00f3n de agua potable, energ\u00eda el\u00e9ctrica y gas y el control del tr\u00e1fico a\u00e9reo\u00bb. <\/p>\n<\/div>\n<p><script async defer crossorigin=\"anonymous\" src=\"https:\/\/connect.facebook.net\/es_LA\/sdk.js#xfbml=1&#038;version=v12.0\" nonce=\"SBlHQzIF\"><\/script><br \/><a href=\"https:\/\/www.telam.com.ar\/notas\/202312\/650171-gobierno-nacional-decreto-medidas-servicios-esenciales.html\">source<\/a><\/p>\n","protected":false},"excerpt":{"rendered":"<p>Foto: archivo. El Gobierno estableci\u00f3 pisos de cobertura m\u00ednima para actividades consideradas como servicios esenciales&#8230;<\/p>\n","protected":false},"author":0,"featured_media":192136,"comment_status":"open","ping_status":"open","sticky":false,"template":"","format":"standard","meta":{"footnotes":""},"categories":[2],"tags":[],"class_list":["post-192135","post","type-post","status-publish","format-standard","has-post-thumbnail","hentry","category-politica"],"featured_image_urls":{"full":["https:\/\/radiofenix.com.ar\/2023\/wp-content\/uploads\/2023\/12\/wp-header-logo-160.png",993,559,false],"thumbnail":["https:\/\/radiofenix.com.ar\/2023\/wp-content\/uploads\/2023\/12\/wp-header-logo-160-150x150.png",150,150,true],"medium":["https:\/\/radiofenix.com.ar\/2023\/wp-content\/uploads\/2023\/12\/wp-header-logo-160-300x169.png",300,169,true],"medium_large":["https:\/\/radiofenix.com.ar\/2023\/wp-content\/uploads\/2023\/12\/wp-header-logo-160-768x432.png",640,360,true],"large":["https:\/\/radiofenix.com.ar\/2023\/wp-content\/uploads\/2023\/12\/wp-header-logo-160.png",640,360,false],"1536x1536":["https:\/\/radiofenix.com.ar\/2023\/wp-content\/uploads\/2023\/12\/wp-header-logo-160.png",993,559,false],"2048x2048":["https:\/\/radiofenix.com.ar\/2023\/wp-content\/uploads\/2023\/12\/wp-header-logo-160.png",993,559,false],"newsium-slider-full":["https:\/\/radiofenix.com.ar\/2023\/wp-content\/uploads\/2023\/12\/wp-header-logo-160.png",993,559,false],"newsium-featured":["https:\/\/radiofenix.com.ar\/2023\/wp-content\/uploads\/2023\/12\/wp-header-logo-160.png",993,559,false],"newsium-medium":["https:\/\/radiofenix.com.ar\/2023\/wp-content\/uploads\/2023\/12\/wp-header-logo-160-720x475.png",720,475,true]},"author_info":{"info":[""]},"category_info":"<a href=\"https:\/\/radiofenix.com.ar\/2023\/category\/politica\/\" rel=\"category tag\">Pol\u00edtica<\/a>","tag_info":"Pol\u00edtica","comment_count":"0","_links":{"self":[{"href":"https:\/\/radiofenix.com.ar\/2023\/wp-json\/wp\/v2\/posts\/192135","targetHints":{"allow":["GET"]}}],"collection":[{"href":"https:\/\/radiofenix.com.ar\/2023\/wp-json\/wp\/v2\/posts"}],"about":[{"href":"https:\/\/radiofenix.com.ar\/2023\/wp-json\/wp\/v2\/types\/post"}],"replies":[{"embeddable":true,"href":"https:\/\/radiofenix.com.ar\/2023\/wp-json\/wp\/v2\/comments?post=192135"}],"version-history":[{"count":0,"href":"https:\/\/radiofenix.com.ar\/2023\/wp-json\/wp\/v2\/posts\/192135\/revisions"}],"wp:featuredmedia":[{"embeddable":true,"href":"https:\/\/radiofenix.com.ar\/2023\/wp-json\/wp\/v2\/media\/192136"}],"wp:attachment":[{"href":"https:\/\/radiofenix.com.ar\/2023\/wp-json\/wp\/v2\/media?parent=192135"}],"wp:term":[{"taxonomy":"category","embeddable":true,"href":"https:\/\/radiofenix.com.ar\/2023\/wp-json\/wp\/v2\/categories?post=192135"},{"taxonomy":"post_tag","embeddable":true,"href":"https:\/\/radiofenix.com.ar\/2023\/wp-json\/wp\/v2\/tags?post=192135"}],"curies":[{"name":"wp","href":"https:\/\/api.w.org\/{rel}","templated":true}]}}