{"id":192137,"date":"2023-12-21T08:57:46","date_gmt":"2023-12-21T08:57:46","guid":{"rendered":"https:\/\/radiofenix.com.ar\/2023\/una-aitana-magnetica-sigue-creciendo-y-concreto-su-mas-grande-recital-en-argentina\/"},"modified":"2023-12-21T08:57:46","modified_gmt":"2023-12-21T08:57:46","slug":"una-aitana-magnetica-sigue-creciendo-y-concreto-su-mas-grande-recital-en-argentina","status":"publish","type":"post","link":"https:\/\/radiofenix.com.ar\/2023\/una-aitana-magnetica-sigue-creciendo-y-concreto-su-mas-grande-recital-en-argentina\/","title":{"rendered":"Una Aitana magn\u00e9tica sigue creciendo y concret\u00f3 su m\u00e1s grande recital en Argentina"},"content":{"rendered":"<div>\n<figure class=\"mb-3\"><img decoding=\"async\" src=\"https:\/\/www.telam.com.ar\/thumbs\/bluesteel\/advf\/imagenes\/2023\/12\/6581790fd6a0e_1200.jpg\" class=\" lazy \" width=\"100%\" height=\"100%\" alt=\"Recital de Aitana Ocaa en el Movistar Arena por el Alpha Tour Foto Alfredo Luna\"\/><figcaption> Recital de Aitana Oca\u00f1a en el Movistar Arena por el \u201cAlpha Tour\u201d. Foto: Alfredo Luna. <\/figcaption><\/figure>\n<p> La artista espa\u00f1ola Aitana Oca\u00f1a reafirm\u00f3 la noche del lunes el mete\u00f3rico camino musical sostenido en su imantada presencia y <strong>llen\u00f3 el estadio porte\u00f1o Movistar Arena<\/strong> para su segunda y m\u00e1s importante presentaci\u00f3n en Argentina trayendo, en este caso, el \u201cAlpha Tour\u201d, centrado en su electr\u00f3nico tercer disco de estudio.<\/p>\n<p>En el final del tramo latinoamericano de una gira a la que este a\u00f1o solamente le queda una velada montevideana prevista para el mi\u00e9rcoles pr\u00f3ximo, la vocalista, autora y actriz dio su \u00fanica funci\u00f3n en el pa\u00eds mostrando la personal versatilidad que impone a sus pasos musicales.<\/p>\n<blockquote class=\"twitter-tweet\">\n<p lang=\"es\" dir=\"ltr\">Una Aitana magn\u00e9tica sigue creciendo y concret\u00f3 su m\u00e1s grande recital en Argentina<a href=\"https:\/\/t.co\/0Lfe5sq0vy\">https:\/\/t.co\/0Lfe5sq0vy<\/a> <a href=\"https:\/\/t.co\/voABUnfGv5\">pic.twitter.com\/voABUnfGv5<\/a><\/p>\n<p>\u2014 Agencia T\u00e9lam (@AgenciaTelam) <a href=\"https:\/\/twitter.com\/AgenciaTelam\/status\/1737075303187353723?ref_src=twsrc%5Etfw\">December 19, 2023<\/a><\/p><\/blockquote>\n<p><strong>Del pop y la balada, los dos g\u00e9neros desde donde se lanz\u00f3<\/strong>, al presente electr\u00f3nico y atravesado por coreograf\u00edas tan osadas como tumultuosas creadas por Adri\u00e1n Manzano, Aitana se sostuvo en directo gracias a un carisma imbatible, el alcance de su voz y un repertorio de canciones digeribles y sencillas en las que ni sus historias de pasiones y desamores ni el marco sonoro impone grandes diferencias.<\/p>\n<blockquote class=\"\"><p>La velada comenz\u00f3 puntualmente apenas pasadas las 21 y en 90 minutos logr\u00f3 recorrer el cancionero de la muchacha que nutri\u00f3 tanto sus tres \u00e1lbumes de estudio como los muchos sencillos<\/p><\/blockquote>\n<p> Con cuerpo de baile al frente con ocho integrantes (cuatro mujeres y cuatro varones) que adquirieron mayor protagonismo que los cuatro m\u00fasicos de la banda (el baterista y el tecladista como staff estable y el guitarrista y el bajista solamente sum\u00e1ndose en los pasajes m\u00e1s cancioneros), la espa\u00f1ola entabl\u00f3 una fuerte conexi\u00f3n con el gent\u00edo mayoritamente femenino y juvenil que cop\u00f3 el estadio.<\/p>\n<p>Salida de la edici\u00f3n de 2017 del reality televisivo-musical espa\u00f1ol \u201cOperaci\u00f3n Triunfo\u201d, la int\u00e9rprete y compositora, de 24 a\u00f1os, lleva apenas cinco temporadas de trayectoria pero acumula sucesos e impactos de alcance planetario.<\/p>\n<p>En ese tr\u00e1nsito <strong>sum\u00f3 nuevos hitos en su segunda recorrida<\/strong> por escenarios latinoamericanos (en el caso local pas\u00f3 de llenar dos teatros Gran Rex en noviembre de 2022 a m\u00e1s que duplicar esa convocatoria en la cita en el barrio de Villa Crespo), pese a que entonces tambi\u00e9n cant\u00f3 en C\u00f3rdoba y la de Buenos Aires fue su \u00fanica parada de este a\u00f1o.<\/p>\n<p><figure class=\"mb-3\"><img decoding=\"async\" src=\"https:\/\/www.telam.com.ar\/thumbs\/bluesteel\/advf\/imagenes\/2023\/12\/6581790ff081c_1200.jpg\" class=\" lazy \" width=\"100%\" height=\"100%\" alt=\"Foto Alfredo Luna\"\/><figcaption> Foto: Alfredo Luna. <\/figcaption><\/figure>\n<p>La velada comenz\u00f3 puntualmente apenas pasadas las 21 y en 90 minutos logr\u00f3 recorrer el cancionero de la muchacha que nutri\u00f3 tanto sus tres \u00e1lbumes de estudio como los muchos sencillos que jalonan un andar tan exitoso como sin aparente techo.<\/p>\n<p>Como una ratificaci\u00f3n de esa estela impactante, <strong>el \u201cAlpha Tour\u201d en cuesti\u00f3n a\u00f1adi\u00f3 una visita en marzo venidero<\/strong> a la ciudad mexicana de Monterrey y tendr\u00e1 el 28 de diciembre de 2024 una cita de alto vuelo en el Santiago Bernabeu de Madrid con localidades agotadas a pocos d\u00edas de ponerse en venta.<\/p>\n<blockquote class=\"\"><p>Aitana tiene con qu\u00e9 afrontar ese desaf\u00edo may\u00fasculo empezando por su capacidad de atracci\u00f3n y un desenvolvimiento esc\u00e9nico que sum\u00f3 el baile sin menguarle volumen ni expresividad a su canto<\/p><\/blockquote>\n<p> Por lo visto en Buenos Aires Aitana tiene con qu\u00e9 afrontar ese desaf\u00edo may\u00fasculo empezando por su capacidad de atracci\u00f3n y un desenvolvimiento esc\u00e9nico que sum\u00f3 el baile sin menguarle volumen ni expresividad a su canto.<\/p>\n<p>Con el foco en su figura \u2013menuda, bella y cautivante- pas\u00f3 sin necesidad de maquillajes ni cambio de registro o vestuario de los pasajes m\u00e1s perform\u00e1ticos que dominan \u201cAlpha\u201d a las canciones de pop rom\u00e1ntico que fueron m\u00e1s coreadas y festejadas por la multitud.<\/p>\n<p>Cinco de las seis piezas que abrieron la noche del lunes tuvieron que ver con la impronta de su m\u00e1s reciente \u00e1lbum (\u00abLos \u00e1ngeles\u00bb, \u00abDos extra\u00f1os\u00bb, \u00abDarari\u00bb, \u00abAqyne\u00bb y \u00abEn el coche\u00bb), con el pulso machante y el protagonismo del staff danzante y m\u00e1s que sugerente que combin\u00f3 destrezas r\u00edtmicas con caricias, besos e insinuaciones p\u00e9lvicas entre sus integrantes y tambi\u00e9n con Aitana.<\/p>\n<p><figure class=\"mb-3\"><img decoding=\"async\" src=\"https:\/\/www.telam.com.ar\/thumbs\/bluesteel\/advf\/imagenes\/2023\/12\/65817910144dd_1200.jpg\" class=\" lazy \" width=\"100%\" height=\"100%\" alt=\"Foto Alfredo Luna\"\/><figcaption> Foto: Alfredo Luna. <\/figcaption><\/figure>\n<p><strong>El apogeo m\u00e1s expl\u00edcito de ese tipo de lances<\/strong> se apreci\u00f3 justo a la mitad del concierto al momento de la puesta en vivo de \u00abMiamor\u00bb (tema donde la reiteraci\u00f3n de la frase \u201cencima de m\u00ed, encima de m\u00ed\u201d encadena una serie de expl\u00edcitas situaciones ardientes) en el que Aitana asumi\u00f3 desde el piso del escenario varias poses que remitieron a actos sexuales.<\/p>\n<p>\u201cBuenas noches Buenos Aires. \u00bfC\u00f3mo est\u00e1n los campeones del mundo? Salud\u00f3 a un a\u00f1o de la consagraci\u00f3n futbolera en Qatar recibiendo una ovaci\u00f3n de parte de espectadores que \u2013en un alt\u00edsimo porcentaje- luci\u00f3 casacas albicelestes.<\/p>\n<p>En esa misma veta, m\u00e1s adelante no se priv\u00f3 de calificar al argentino como \u201cel mejor p\u00fablico con el que me he encontrado\u201d ni de ponderar manjares de nuestra gastronom\u00eda al citar \u201clas milanesas, los alfajores y el dulce de leche\u201d.<\/p>\n<p><strong>\u201cEste es un show para bailar, llorar <\/strong>tambi\u00e9n un poquito y sobre todo es un show para disfrutar\u00bb, anunci\u00f3 en otro pasaje de la noche donde hizo gala de su locuacidad porque, explic\u00f3 luego en sendas alocuciones, \u201cyo hablo mucho\u201d y \u201cyo lloro mucho\u201d.<\/p>\n<p><figure class=\"mb-3\"><img decoding=\"async\" src=\"https:\/\/www.telam.com.ar\/thumbs\/bluesteel\/advf\/imagenes\/2023\/12\/658179102eaea_1200.jpg\" class=\" lazy \" width=\"100%\" height=\"100%\" alt=\"Foto Alfredo Luna\"\/><figcaption> Foto: Alfredo Luna. <\/figcaption><\/figure>\n<p>Ese disfrute se dio, sobre todo, con piezas de cu\u00f1o pop-rock y sostenida por un cuarteto cl\u00e1sico tales los casos de \u00abIgual\u201d, \u00abNo te has ido\u00bb, \u201cTu foto del DNI\u201d (tras el cual atron\u00f3 el griter\u00edo de \u201cAitana, Aitana\u201d), \u201c24 rosas\u00bb o las baladas \u00abCon la miel en los labios\u00bb (junto a la venezolana Joaquina, \u00fanica invitada al encuentro) y \u201cVas a quedarte\u00bb (para la que se calz\u00f3 una remera de la Selecci\u00f3n con el 10 y su nombre en la espalda), donde el canto compartido sum\u00f3 calor y color al espect\u00e1culo.<\/p>\n<p>Otros tramos salientes de la propuesta ocurrieron al momento de piano y voz para \u00abThe killers\u00bb cuando las fans sacaron a relucir carteles impresos con la frase \u00abAitana mil recuerdos nos perseguir\u00e1n\u00bb y cerca del final con \u00abLas Babys\u00bb (canci\u00f3n que incluye parte de la noventosa y bailable \u201cSaturday Night\u201d, de Whigfield) para la que hizo subir a una veintena de asistentes al tablado a compartir unos pasos.<\/p>\n<p><strong>\u201cNo hago bises porque prefiero ser sincera y no salir y entrar\u201d<\/strong>, dijo afirm\u00e1ndose en otra decisi\u00f3n esc\u00e9nica antes del cierre definitivo con \u201cFormentera\u201d que sell\u00f3 otra convincente actuaci\u00f3n de una Aitana que a\u00fan en per\u00edodo de prueba y variedad en torno a su discurso art\u00edstico contin\u00faa creciendo en impacto. <\/p>\n<\/div>\n<p><script async src=\"\/\/platform.twitter.com\/widgets.js\" charset=\"utf-8\"><\/script><script async defer crossorigin=\"anonymous\" src=\"https:\/\/connect.facebook.net\/es_LA\/sdk.js#xfbml=1&#038;version=v12.0\" nonce=\"SBlHQzIF\"><\/script><br \/><a href=\"https:\/\/www.telam.com.ar\/notas\/202312\/649947-aitana-ocana-recital-movistar.html\">source<\/a><\/p>\n","protected":false},"excerpt":{"rendered":"<p>Recital de Aitana Oca\u00f1a en el Movistar Arena por el \u201cAlpha Tour\u201d. Foto: Alfredo Luna&#8230;.<\/p>\n","protected":false},"author":0,"featured_media":192138,"comment_status":"open","ping_status":"open","sticky":false,"template":"","format":"standard","meta":{"footnotes":""},"categories":[4],"tags":[],"class_list":["post-192137","post","type-post","status-publish","format-standard","has-post-thumbnail","hentry","category-espectaculos"],"featured_image_urls":{"full":["https:\/\/radiofenix.com.ar\/2023\/wp-content\/uploads\/2023\/12\/wp-header-logo-161.png",1200,675,false],"thumbnail":["https:\/\/radiofenix.com.ar\/2023\/wp-content\/uploads\/2023\/12\/wp-header-logo-161-150x150.png",150,150,true],"medium":["https:\/\/radiofenix.com.ar\/2023\/wp-content\/uploads\/2023\/12\/wp-header-logo-161-300x169.png",300,169,true],"medium_large":["https:\/\/radiofenix.com.ar\/2023\/wp-content\/uploads\/2023\/12\/wp-header-logo-161-768x432.png",640,360,true],"large":["https:\/\/radiofenix.com.ar\/2023\/wp-content\/uploads\/2023\/12\/wp-header-logo-161-1024x576.png",640,360,true],"1536x1536":["https:\/\/radiofenix.com.ar\/2023\/wp-content\/uploads\/2023\/12\/wp-header-logo-161.png",1200,675,false],"2048x2048":["https:\/\/radiofenix.com.ar\/2023\/wp-content\/uploads\/2023\/12\/wp-header-logo-161.png",1200,675,false],"newsium-slider-full":["https:\/\/radiofenix.com.ar\/2023\/wp-content\/uploads\/2023\/12\/wp-header-logo-161.png",1200,675,false],"newsium-featured":["https:\/\/radiofenix.com.ar\/2023\/wp-content\/uploads\/2023\/12\/wp-header-logo-161-1024x576.png",1024,576,true],"newsium-medium":["https:\/\/radiofenix.com.ar\/2023\/wp-content\/uploads\/2023\/12\/wp-header-logo-161-720x475.png",720,475,true]},"author_info":{"info":[""]},"category_info":"<a href=\"https:\/\/radiofenix.com.ar\/2023\/category\/espectaculos\/\" rel=\"category tag\">Espectaculos<\/a>","tag_info":"Espectaculos","comment_count":"0","_links":{"self":[{"href":"https:\/\/radiofenix.com.ar\/2023\/wp-json\/wp\/v2\/posts\/192137","targetHints":{"allow":["GET"]}}],"collection":[{"href":"https:\/\/radiofenix.com.ar\/2023\/wp-json\/wp\/v2\/posts"}],"about":[{"href":"https:\/\/radiofenix.com.ar\/2023\/wp-json\/wp\/v2\/types\/post"}],"replies":[{"embeddable":true,"href":"https:\/\/radiofenix.com.ar\/2023\/wp-json\/wp\/v2\/comments?post=192137"}],"version-history":[{"count":0,"href":"https:\/\/radiofenix.com.ar\/2023\/wp-json\/wp\/v2\/posts\/192137\/revisions"}],"wp:featuredmedia":[{"embeddable":true,"href":"https:\/\/radiofenix.com.ar\/2023\/wp-json\/wp\/v2\/media\/192138"}],"wp:attachment":[{"href":"https:\/\/radiofenix.com.ar\/2023\/wp-json\/wp\/v2\/media?parent=192137"}],"wp:term":[{"taxonomy":"category","embeddable":true,"href":"https:\/\/radiofenix.com.ar\/2023\/wp-json\/wp\/v2\/categories?post=192137"},{"taxonomy":"post_tag","embeddable":true,"href":"https:\/\/radiofenix.com.ar\/2023\/wp-json\/wp\/v2\/tags?post=192137"}],"curies":[{"name":"wp","href":"https:\/\/api.w.org\/{rel}","templated":true}]}}