{"id":192209,"date":"2023-12-26T08:57:42","date_gmt":"2023-12-26T08:57:42","guid":{"rendered":"https:\/\/radiofenix.com.ar\/2023\/franja-de-gaza-netanyahu-dijo-que-la-batalla-es-civilizacion-contra-barbarie\/"},"modified":"2023-12-26T08:57:42","modified_gmt":"2023-12-26T08:57:42","slug":"franja-de-gaza-netanyahu-dijo-que-la-batalla-es-civilizacion-contra-barbarie","status":"publish","type":"post","link":"https:\/\/radiofenix.com.ar\/2023\/franja-de-gaza-netanyahu-dijo-que-la-batalla-es-civilizacion-contra-barbarie\/","title":{"rendered":"Franja de Gaza: Netanyahu dijo que la batalla es &quot;civilizaci\u00f3n contra barbarie&quot;"},"content":{"rendered":"<div>\n<figure class=\"mb-3\"><img decoding=\"async\" src=\"https:\/\/www.telam.com.ar\/thumbs\/bluesteel\/advf\/imagenes\/2023\/12\/65883ad69ecee_1200.jpg\" class=\" lazy \" width=\"100%\" height=\"100%\" alt=\"Pese a las advertencias internacionales Israel intensifica sus ataques Foto AFP\"\/><figcaption> Pese a las advertencias internacionales, Israel intensifica sus ataques. Foto: AFP <\/figcaption><\/figure>\n<p> El primer ministro de Israel,<strong> Benjamin Netanyahu<\/strong>, afirm\u00f3 que el implacable ataque militar que su pa\u00eds viene implementando en la <strong>Franja de Gaza<\/strong> para \u00abexterminar\u00bb al <strong>Movimiento de Resistencia Isl\u00e1mica<\/strong> (Hamas) es \u00abla batalla de la civilizaci\u00f3n contra la barbarie\u00bb, y anunci\u00f3 una ampliaci\u00f3n de la ofensiva para los pr\u00f3ximos d\u00edas.<\/p>\n<p>Netanyahu indic\u00f3 en un mensaje a los \u00abamigos cristianos en el mundo\u00bb con motivo de la Navidad que \u00e9stas \u00abson unas fechas que deber\u00edan ser de buena voluntad entre todos los hombres y paz en la tierra\u00bb.<\/p>\n<p><strong>\u00abNo tenemos paz en la tierra, no en nuestra zona, y ciertamente no vemos buena voluntad entre todos los hombres\u00bb<\/strong>, destac\u00f3 el premier israel\u00ed, citado por la agencia de noticias Europa Press.<\/p>\n<p>El primer ministro explic\u00f3 que se trata de la \u00fanica v\u00eda para \u00abdestruir a Hamas\u00bb, devolver a los rehenes secuestrados por el grupo y garantizar que Gaza ya no represente una amenaza para Israel.<\/p>\n<p><strong>La operaci\u00f3n llevar\u00e1 tiempo, pero Israel est\u00e1 \u00abdecidido a luchar hasta el final\u00bb<\/strong>, a\u00f1adi\u00f3, de acuerdo con un reporte de la agencia de noticias Sputnik.<\/p>\n<p>El anuncio del premier israel\u00ed conocido en las horas previas a la Nochebuena llega luego de otra jornada cargada de ataques a la Franja de Gaza por parte de las Fuerzas de Defensa de Israel (FDI) que en las \u00faltimas 24 horas mat\u00f3 a 166 palestinos, la mayor\u00eda civiles.<\/p>\n<blockquote class=\"\"><p>El anuncio del premier israel\u00ed conocido en las horas previas a la Nochebuena llega luego de otra jornada cargada de ataques a la Franja de Gaza por parte de las Fuerzas de Defensa de Israel que en las \u00faltimas 24 horas mat\u00f3 a 166 palestinos<\/p><\/blockquote>\n<p> El Ministerio de Salud de Hamas, que gobierno en Gaza, inform\u00f3 hoy que al menos 20.424 personas murieron por los ataques israel\u00edes en el asediado enclave, mientras que otras 54.036 resultaron heridas, desde la ofensiva del 7 de octubre.<\/p>\n<p><figure class=\"mb-3\"><img decoding=\"async\" src=\"https:\/\/www.telam.com.ar\/thumbs\/bluesteel\/advf\/imagenes\/2023\/12\/65883ad6b3cdd_1200.jpg\" class=\" lazy \" width=\"100%\" height=\"100%\" alt=\"En Palestina hay clamor para que haya un inmediato cese del fuego Foto AFP\"\/><figcaption> En Palestina hay clamor para que haya un inmediato cese del fuego. Foto: AFP <\/figcaption><\/figure>\n<p><strong>Un vocero del Ej\u00e9rcito de Israel dijo en una entrevista con la cadena Fox News que estaban concentrando sus ataques en Khan Yunis<\/strong>, una zona a la que llam\u00f3 \u00abotro basti\u00f3n de Hamas\u00bb, ubicada en el sur del enclave.<\/p>\n<p>Cientos de miles de desplazados del norte del estrecho territorio se refugiaron en esta ciudad, donde naci\u00f3 el l\u00edder de Hamas en Gaza, Yahya Sinwar.<\/p>\n<p><strong>Israel considera a Sinwar como el m\u00e1ximo responsable del ataque del 7 de octubre<\/strong>, en el que milicianos de Hamas se infiltraron en el sur israel\u00ed y mataron a cerca de 1.140 personas, seg\u00fan autoridades israel\u00edes.<\/p>\n<p><strong>Ese d\u00eda, los islamistas tambi\u00e9n secuestraron a unas 240 personas<\/strong>, entre ellos una veintena de argentinos, de las cuales 129 siguen cautivas en Gaza, aunque esta semana Hamas dio por muertos a cinco rehenes como consecuencia de un ataque de Israel.<\/p>\n<p><strong>En respuesta, Israel prometi\u00f3 \u00abaniquilar\u00bb a Hamas y lanz\u00f3 una ofensiva terrestre y a\u00e9rea contra el territorio palestino<\/strong>, gobernado por el grupo islamista desde 2007.<\/p>\n<p>La mayor\u00eda de los m\u00e1s de 20.000 palestinos muertos desde octubre son menores y mujeres.<\/p>\n<blockquote class=\"\"><p>La mayor\u00eda de los m\u00e1s de 20.000 palestinos muertos desde octubre son menores y mujeres<\/p><\/blockquote>\n<p> El presidente de la Autoridad Nacional Palestina (ANP), <strong>Mahmud Abbas<\/strong>, que no gobierna en Gaza sino en<strong> Cisjordania<\/strong>, remarc\u00f3 hoy que espera que la Navidad traiga un alto el fuego en Gaza, con vistas tambi\u00e9n a avanzar hacia \u00abun Estado independiente (palestino) con Jerusal\u00e9n como capital\u00bb.<\/p>\n<p>\u00abLos r\u00edos de sangre, los inmensos sacrificios, las dificultades y la heroica resistencia de nuestro pueblo por su tierra son la v\u00eda hacia la libertad y la dignidad\u00bb, asegur\u00f3, citado por la agencia de noticias WAFA.<\/p>\n<p><figure class=\"mb-3\"><img decoding=\"async\" src=\"https:\/\/www.telam.com.ar\/thumbs\/bluesteel\/advf\/imagenes\/2023\/12\/65883bb69d6e7_1200.jpg\" class=\" lazy \" width=\"100%\" height=\"100%\" alt=\"Benjamin Netanyahu resalt que Israel es un Estado soberano Foto AFP\"\/><figcaption> Benjamin Netanyahu resalt\u00f3 que \u00abIsrael es un Estado soberano\u00bb. Foto: AFP <\/figcaption><\/figure>\n<p>En este sentido, Abbas anticip\u00f3 que el pueblo palestino seguir\u00e1 luchando por sus derechos leg\u00edtimos, dentro de los cuales es clave la creaci\u00f3n de un Estado propio, y reclam\u00f3 el derecho de la poblaci\u00f3n a vivir con dignidad en las tierras propias, tanto en Gaza como en Cisjordania.<\/p>\n<h2 class=\"\">El llamado de Biden<\/h2>\n<p>Durante una llamada telef\u00f3nica, el presidente estadounidense, <strong>Joe Biden<\/strong>, inst\u00f3 a Netanyahu a \u00abproteger a la poblaci\u00f3n civil\u00bb.<\/p>\n<p><strong>Estados Unidos sigue expresando su f\u00e9rreo apoyo a su hist\u00f3rico aliado, pero insiste cada vez m\u00e1s para que el pa\u00eds baje la intensidad de su ofensiva <\/strong>y lleve a cabo operaciones m\u00e1s focalizadas hacia los dirigentes de Hamas y no a los civiles palestinos.<\/p>\n<p>Netanyahu, que calific\u00f3 a Biden de \u00abaliado clave\u00bb, afirm\u00f3 que el pa\u00eds paga \u00abun alto precio por la guerra\u00bb en Gaza, tras la muerte de 14 soldados desde el viernes, lo que elev\u00f3 el n\u00famero de muertos israel\u00edes a 153.<\/p>\n<p><strong>\u00abEstamos pagando un alto precio por la guerra, pero no hay otra opci\u00f3n que seguir luchando\u00bb<\/strong>, declar\u00f3 Netanyahu al inicio de una reuni\u00f3n de gabinete tras rendir homenaje a los soldados muertos y advertir que el conflicto ser\u00e1 \u00ablargo\u00bb.<\/p>\n<p>Asimismo, reiter\u00f3 su objetivo de destruir a Hamas y que Gaza \u00abnunca m\u00e1s vuelva a constituir una amenaza para el Estado de Israel\u00bb.<\/p>\n<p>Aclar\u00f3 que es \u00aberr\u00f3neo\u00bb considerar que Washington de alguna forma est\u00e1 \u00abimpidiendo\u00bb acciones sobre el terreno, inform\u00f3 la agencia de noticias Europa Press.<\/p>\n<p><strong>\u00abIsrael es un Estado soberano. Nuestras decisiones en la guerra se basan en consideraciones operativas\u00bb, no est\u00e1n \u00abdictadas por presi\u00f3n externa\u00bb<\/strong>, sentenci\u00f3.<\/p>\n<p><figure class=\"mb-3\"><img decoding=\"async\" src=\"https:\/\/www.telam.com.ar\/thumbs\/bluesteel\/advf\/imagenes\/2023\/12\/65883ad683f45_1200.jpg\" class=\" lazy \" width=\"100%\" height=\"100%\" alt=\"La situacin es catastrfica en Gaza Foto AFP\"\/><figcaption> La situaci\u00f3n es catastr\u00f3fica en Gaza. Foto: AFP <\/figcaption><\/figure>\n<p>Desde que empez\u00f3 el conflicto, 103 trabajadores de prensa y 142 de la Agencia de Naciones Unidas para los Refugiados de Palestina en Oriente Pr\u00f3ximo (Unrwa) murieron en Gaza.<\/p>\n<p><strong>Israel niega atacar directamente a civiles y sostiene que la destrucci\u00f3n de Hamas es \u00abclave\u00bb<\/strong> para que no vuelva a ocurrir una matanza como la que tuvo lugar el 7 de octubre.<\/p>\n<p>Los bombardeos apenas cesaron una semana desde entonces, cuando ambas partes acordaron un alto el fuego a finales de noviembre en el que intercambiaron 105 rehenes retenidos en Gaza por 240 prisioneros palestinos.<\/p>\n<p>Tanto Jabaliya y la Ciudad de Gaza, en el norte, como Khan Yunis, en el extremo sur, volvieron a ser blanco de bombardeos este domingo, seg\u00fan Hamas.<\/p>\n<p><strong>Cerca del 80% de los 2,4 millones de habitantes de Gaza se ha visto desplazada por los combates<\/strong>, seg\u00fan la ONU.<\/p>\n<p>La mayor\u00eda de los hospitales est\u00e1n fuera de servicio y la poblaci\u00f3n enfrenta altos niveles de inseguridad alimentaria y sanitaria, seg\u00fan la ONU.. <\/p>\n<\/div>\n<p><script async defer crossorigin=\"anonymous\" src=\"https:\/\/connect.facebook.net\/es_LA\/sdk.js#xfbml=1&#038;version=v12.0\" nonce=\"SBlHQzIF\"><\/script><br \/><a href=\"https:\/\/www.telam.com.ar\/notas\/202312\/650483-israel-hamas-ataque.html\">source<\/a><\/p>\n","protected":false},"excerpt":{"rendered":"<p>Pese a las advertencias internacionales, Israel intensifica sus ataques. Foto: AFP El primer ministro de&#8230;<\/p>\n","protected":false},"author":0,"featured_media":192210,"comment_status":"open","ping_status":"open","sticky":false,"template":"","format":"standard","meta":{"footnotes":""},"categories":[60],"tags":[],"class_list":["post-192209","post","type-post","status-publish","format-standard","has-post-thumbnail","hentry","category-internacional"],"featured_image_urls":{"full":["https:\/\/radiofenix.com.ar\/2023\/wp-content\/uploads\/2023\/12\/wp-header-logo-197.png",1200,675,false],"thumbnail":["https:\/\/radiofenix.com.ar\/2023\/wp-content\/uploads\/2023\/12\/wp-header-logo-197-150x150.png",150,150,true],"medium":["https:\/\/radiofenix.com.ar\/2023\/wp-content\/uploads\/2023\/12\/wp-header-logo-197-300x169.png",300,169,true],"medium_large":["https:\/\/radiofenix.com.ar\/2023\/wp-content\/uploads\/2023\/12\/wp-header-logo-197-768x432.png",640,360,true],"large":["https:\/\/radiofenix.com.ar\/2023\/wp-content\/uploads\/2023\/12\/wp-header-logo-197-1024x576.png",640,360,true],"1536x1536":["https:\/\/radiofenix.com.ar\/2023\/wp-content\/uploads\/2023\/12\/wp-header-logo-197.png",1200,675,false],"2048x2048":["https:\/\/radiofenix.com.ar\/2023\/wp-content\/uploads\/2023\/12\/wp-header-logo-197.png",1200,675,false],"newsium-slider-full":["https:\/\/radiofenix.com.ar\/2023\/wp-content\/uploads\/2023\/12\/wp-header-logo-197.png",1200,675,false],"newsium-featured":["https:\/\/radiofenix.com.ar\/2023\/wp-content\/uploads\/2023\/12\/wp-header-logo-197-1024x576.png",1024,576,true],"newsium-medium":["https:\/\/radiofenix.com.ar\/2023\/wp-content\/uploads\/2023\/12\/wp-header-logo-197-720x475.png",720,475,true]},"author_info":{"info":[""]},"category_info":"<a href=\"https:\/\/radiofenix.com.ar\/2023\/category\/internacional\/\" rel=\"category tag\">Internacional<\/a>","tag_info":"Internacional","comment_count":"0","_links":{"self":[{"href":"https:\/\/radiofenix.com.ar\/2023\/wp-json\/wp\/v2\/posts\/192209","targetHints":{"allow":["GET"]}}],"collection":[{"href":"https:\/\/radiofenix.com.ar\/2023\/wp-json\/wp\/v2\/posts"}],"about":[{"href":"https:\/\/radiofenix.com.ar\/2023\/wp-json\/wp\/v2\/types\/post"}],"replies":[{"embeddable":true,"href":"https:\/\/radiofenix.com.ar\/2023\/wp-json\/wp\/v2\/comments?post=192209"}],"version-history":[{"count":0,"href":"https:\/\/radiofenix.com.ar\/2023\/wp-json\/wp\/v2\/posts\/192209\/revisions"}],"wp:featuredmedia":[{"embeddable":true,"href":"https:\/\/radiofenix.com.ar\/2023\/wp-json\/wp\/v2\/media\/192210"}],"wp:attachment":[{"href":"https:\/\/radiofenix.com.ar\/2023\/wp-json\/wp\/v2\/media?parent=192209"}],"wp:term":[{"taxonomy":"category","embeddable":true,"href":"https:\/\/radiofenix.com.ar\/2023\/wp-json\/wp\/v2\/categories?post=192209"},{"taxonomy":"post_tag","embeddable":true,"href":"https:\/\/radiofenix.com.ar\/2023\/wp-json\/wp\/v2\/tags?post=192209"}],"curies":[{"name":"wp","href":"https:\/\/api.w.org\/{rel}","templated":true}]}}