{"id":192211,"date":"2023-12-26T08:57:44","date_gmt":"2023-12-26T08:57:44","guid":{"rendered":"https:\/\/radiofenix.com.ar\/2023\/robo-y-tiroteo-en-villa-pueyrredon-un-policia-y-un-ladron-heridos-dos-detenidos\/"},"modified":"2023-12-26T08:57:44","modified_gmt":"2023-12-26T08:57:44","slug":"robo-y-tiroteo-en-villa-pueyrredon-un-policia-y-un-ladron-heridos-dos-detenidos","status":"publish","type":"post","link":"https:\/\/radiofenix.com.ar\/2023\/robo-y-tiroteo-en-villa-pueyrredon-un-policia-y-un-ladron-heridos-dos-detenidos\/","title":{"rendered":"Robo y tiroteo en Villa Pueyrred\u00f3n: un polic\u00eda y un ladr\u00f3n heridos, dos detenidos"},"content":{"rendered":"<div>\n<figure class=\"mb-3\"><img decoding=\"async\" src=\"https:\/\/www.telam.com.ar\/thumbs\/bluesteel\/advf\/imagenes\/2023\/12\/6589b609159f2_1200.jpg\" class=\" lazy \" width=\"100%\" height=\"100%\" alt=\"Foto Pablo Aeli\"\/><figcaption> Foto: Pablo A\u00f1eli. <\/figcaption><\/figure>\n<p> Un polic\u00eda result\u00f3 herido de un tiro y tres delincuentes fueron detenidos, uno de ellos tambi\u00e9n baleado y otro tras permanecer 18 horas escondido, tras un tiroteo que se produjo een la madrugada de este lunesen una casa del barrio porte\u00f1o de Villa Pueyrred\u00f3n donde ladrones hab\u00edan entrado a robar aprovechando que estaba vac\u00eda en plena Nochebuena, informaron fuentes policiales.<\/p>\n<p>El hecho se produjo a las 0.25 de este lunes, es decir a minutos de haberse iniciado la Navidad en una vivienda situada sobre la calle Terrada al 5300 de la Ciudad Aut\u00f3noma de Buenos Aires.<\/p>\n<p>Seg\u00fan las fuentes, un vecino report\u00f3 a la <strong>l\u00ednea de emergencias 911<\/strong> que un grupo de aparentes ladrones hab\u00eda irrumpido en la casa que, en ese momento, en pleno horario de festejos navide\u00f1os, estaba desocupada, sin sus moradores.<\/p>\n<p>Al lugar arrib\u00f3 un m\u00f3vil de la Comisar\u00eda Vecinal 12B de la Polic\u00eda de la Ciudad, con jurisdicci\u00f3n en la zona, cuyos efectivos efectivamente constataron que la puerta estaba abierta y la presencia de extra\u00f1os dentro del domicilio.<\/p>\n<p><figure class=\"mb-3\"><img decoding=\"async\" src=\"https:\/\/www.telam.com.ar\/thumbs\/bluesteel\/advf\/imagenes\/2023\/12\/6589b608f2f18_1200.jpg\" class=\" lazy \" width=\"100%\" height=\"100%\" alt=\"Foto Pablo Aeli\"\/><figcaption> Foto: Pablo A\u00f1eli. <\/figcaption><\/figure>\n<p>Los voceros explicaron a T\u00e9lam que, al notar la presencia policial, los delincuentes, que estaban armados, comenzaron a disparar contra los polic\u00edas y en el lugar se origin\u00f3 un tiroteo.<\/p>\n<p>Mientras parte del personal policial ingres\u00f3 por el frente de la propiedad, otros dos efectivos lo hicieron por una vivienda lindera, con el permiso del vecino, para llegar al fondo de la casa asaltada.<\/p>\n<p><strong>All\u00ed, y producto de un intercambio de disparos, un oficial mayor de la Polic\u00eda de la Ciudad result\u00f3 herido en un brazo, pero salv\u00f3 su vida gracias al chaleco antibalas, ya que ten\u00eda incrustado all\u00ed un segundo impacto en el sector del pecho.<\/strong><\/p>\n<p>El polic\u00eda repeli\u00f3 la agresi\u00f3n e hiri\u00f3 a uno de los ladrones, quien qued\u00f3 gravemente herido de tres balazos: uno en el t\u00f3rax, otro en el abdomen y el tercero en el pie derecho.<\/p>\n<p>Otro de los delincuentes fue detenido ileso en el interior de la propiedad, mientras que el tercer c\u00f3mplice no fue localizado y se crey\u00f3 en un primer momento que hab\u00eda logrado escapar por la parte trasera de la casa, aunque varias horas m\u00e1s tarde fue detenido escondido en un ducto del aire acondicionado de la propiedad.<\/p>\n<p>El due\u00f1o de la casa asaltada lleg\u00f3 al lugar alertado por sus vecinos y revis\u00f3 con los polic\u00edas de la comisar\u00eda vecinal 12B algunos elementos que los ladrones llevaron y otros que iban a ser robados y ten\u00edan preparados para llevarse.<\/p>\n<p><figure class=\"mb-3\"><img decoding=\"async\" src=\"https:\/\/www.telam.com.ar\/thumbs\/bluesteel\/advf\/imagenes\/2023\/12\/6589b608dcdf1_1200.jpg\" class=\" lazy \" width=\"100%\" height=\"100%\" alt=\"Foto Pablo Aeli\"\/><figcaption> Foto: Pablo A\u00f1eli. <\/figcaption><\/figure>\n<p>Al respecto, las fuentes contaron que se secuestr\u00f3 una mochila gris que conten\u00eda dinero en efectivo, dos r\u00e9plicas de arma de fuego tipo pistola -una gris y otra negra-, perfumes y relojes.<\/p>\n<p>En otra mochila negra, se encontr\u00f3 una barreta de hierro, un tel\u00e9fono celular, una llave inglesa y m\u00e1s dinero en efectivo.<\/p>\n<p>Al estar la fuerza de seguridad porte\u00f1a involucrada, fueron peritos de la Polic\u00eda Cient\u00edfica pero de la Polic\u00eda Federal Argentina (PFA), quienes recolectaron en la ma\u00f1ana del lunes evidencia bal\u00edstica y realizaron las pericias de rigor en el lugar del hecho.<\/p>\n<p><strong>Tanto el polic\u00eda como el ladr\u00f3n heridos fueron trasladados al Hospital Zubizarreta por ambulancias del SAME, y all\u00ed los m\u00e9dicos diagnosticaron que el oficial solo presentaba una escoriaci\u00f3n leve por un roce de bala en el brazo derecho.<\/strong><\/p>\n<p>En cambio, el imputado baleado, identificado por la polic\u00eda como Mauro Andr\u00e9s Ben\u00edtez -mayor de edad y domiciliado en la localidad bonaerense de Isidro Casanova-, permanec\u00eda en terapia intensiva y en estado delicado, seg\u00fan confirmaron esta tarde a T\u00e9lam fuentes judiciales.<\/p>\n<p><figure class=\"mb-3\"><img decoding=\"async\" src=\"https:\/\/www.telam.com.ar\/thumbs\/bluesteel\/advf\/imagenes\/2023\/12\/6589b6092a50d_1200.jpg\" class=\" lazy \" width=\"100%\" height=\"100%\" alt=\"Foto Pablo Aeli\"\/><figcaption> Foto: Pablo A\u00f1eli. <\/figcaption><\/figure>\n<p><\/p>\n<h2 class=\"\">La causa<\/h2>\n<p>La causa qued\u00f3 en manos del juez nacional en lo Criminal y Correccional 60, Luis Schelgel, quien dispuso la intervenci\u00f3n, adem\u00e1s de los peritos, de los detectives de la Divisi\u00f3n Intervenciones Judiciales de la PFA.<\/p>\n<p>El detenido ileso fue identificado como Marcos Ariel Far\u00edas (42) con domicilio en la localidad bonaerense de William Morris, quien ser\u00e1 indagado el martes por el juez.<\/p>\n<div class=\"content cable-content\" id=\"div_cuerpo\" open=\"\"> Respecto de quien se cre\u00eda pr\u00f3fugo, las fuentes policiales confirmaron que pas\u00f3 18 horas escondido en un conducto del aire acondicionado de la vivienda y all\u00ed fue encontrado y detenido esta tarde tras un intenso rastrillaje realizado por los polic\u00edas de la Comisar\u00eda Vecinal 12B.<\/p>\n<p>Este hombre -su identidad no trascendi\u00f3-, y Far\u00edas, ma\u00f1ana ser\u00e1n indagados por el juez Schelgel.<\/p>\n<\/div>\n<p> \u00a0<\/p>\n<\/p><\/div>\n<p><script async defer crossorigin=\"anonymous\" src=\"https:\/\/connect.facebook.net\/es_LA\/sdk.js#xfbml=1&#038;version=v12.0\" nonce=\"SBlHQzIF\"><\/script><br \/><a href=\"https:\/\/www.telam.com.ar\/notas\/202312\/650529-robo-tiroteo-villa-pueyrredon-policia-herido-detenidos.html\">source<\/a><\/p>\n","protected":false},"excerpt":{"rendered":"<p>Foto: Pablo A\u00f1eli. Un polic\u00eda result\u00f3 herido de un tiro y tres delincuentes fueron detenidos,&#8230;<\/p>\n","protected":false},"author":0,"featured_media":192212,"comment_status":"open","ping_status":"open","sticky":false,"template":"","format":"standard","meta":{"footnotes":""},"categories":[64],"tags":[],"class_list":["post-192211","post","type-post","status-publish","format-standard","has-post-thumbnail","hentry","category-policiales"],"featured_image_urls":{"full":["https:\/\/radiofenix.com.ar\/2023\/wp-content\/uploads\/2023\/12\/wp-header-logo-198.png",1200,675,false],"thumbnail":["https:\/\/radiofenix.com.ar\/2023\/wp-content\/uploads\/2023\/12\/wp-header-logo-198-150x150.png",150,150,true],"medium":["https:\/\/radiofenix.com.ar\/2023\/wp-content\/uploads\/2023\/12\/wp-header-logo-198-300x169.png",300,169,true],"medium_large":["https:\/\/radiofenix.com.ar\/2023\/wp-content\/uploads\/2023\/12\/wp-header-logo-198-768x432.png",640,360,true],"large":["https:\/\/radiofenix.com.ar\/2023\/wp-content\/uploads\/2023\/12\/wp-header-logo-198-1024x576.png",640,360,true],"1536x1536":["https:\/\/radiofenix.com.ar\/2023\/wp-content\/uploads\/2023\/12\/wp-header-logo-198.png",1200,675,false],"2048x2048":["https:\/\/radiofenix.com.ar\/2023\/wp-content\/uploads\/2023\/12\/wp-header-logo-198.png",1200,675,false],"newsium-slider-full":["https:\/\/radiofenix.com.ar\/2023\/wp-content\/uploads\/2023\/12\/wp-header-logo-198.png",1200,675,false],"newsium-featured":["https:\/\/radiofenix.com.ar\/2023\/wp-content\/uploads\/2023\/12\/wp-header-logo-198-1024x576.png",1024,576,true],"newsium-medium":["https:\/\/radiofenix.com.ar\/2023\/wp-content\/uploads\/2023\/12\/wp-header-logo-198-720x475.png",720,475,true]},"author_info":{"info":[""]},"category_info":"<a href=\"https:\/\/radiofenix.com.ar\/2023\/category\/policiales\/\" rel=\"category tag\">Policiales<\/a>","tag_info":"Policiales","comment_count":"0","_links":{"self":[{"href":"https:\/\/radiofenix.com.ar\/2023\/wp-json\/wp\/v2\/posts\/192211","targetHints":{"allow":["GET"]}}],"collection":[{"href":"https:\/\/radiofenix.com.ar\/2023\/wp-json\/wp\/v2\/posts"}],"about":[{"href":"https:\/\/radiofenix.com.ar\/2023\/wp-json\/wp\/v2\/types\/post"}],"replies":[{"embeddable":true,"href":"https:\/\/radiofenix.com.ar\/2023\/wp-json\/wp\/v2\/comments?post=192211"}],"version-history":[{"count":0,"href":"https:\/\/radiofenix.com.ar\/2023\/wp-json\/wp\/v2\/posts\/192211\/revisions"}],"wp:featuredmedia":[{"embeddable":true,"href":"https:\/\/radiofenix.com.ar\/2023\/wp-json\/wp\/v2\/media\/192212"}],"wp:attachment":[{"href":"https:\/\/radiofenix.com.ar\/2023\/wp-json\/wp\/v2\/media?parent=192211"}],"wp:term":[{"taxonomy":"category","embeddable":true,"href":"https:\/\/radiofenix.com.ar\/2023\/wp-json\/wp\/v2\/categories?post=192211"},{"taxonomy":"post_tag","embeddable":true,"href":"https:\/\/radiofenix.com.ar\/2023\/wp-json\/wp\/v2\/tags?post=192211"}],"curies":[{"name":"wp","href":"https:\/\/api.w.org\/{rel}","templated":true}]}}