{"id":192215,"date":"2023-12-26T08:57:49","date_gmt":"2023-12-26T08:57:49","guid":{"rendered":"https:\/\/radiofenix.com.ar\/2023\/el-concierto-hollywood-en-viena-en-homenaje-a-alan-menken-llega-a-filmarts\/"},"modified":"2023-12-26T08:57:49","modified_gmt":"2023-12-26T08:57:49","slug":"el-concierto-hollywood-en-viena-en-homenaje-a-alan-menken-llega-a-filmarts","status":"publish","type":"post","link":"https:\/\/radiofenix.com.ar\/2023\/el-concierto-hollywood-en-viena-en-homenaje-a-alan-menken-llega-a-filmarts\/","title":{"rendered":"El concierto &quot;Hollywood en Viena&quot;, en homenaje a Alan Menken, llega a Film&amp;Arts"},"content":{"rendered":"<div>\n<figure class=\"mb-3\"><img decoding=\"async\" src=\"https:\/\/www.telam.com.ar\/thumbs\/bluesteel\/advf\/imagenes\/2023\/12\/65873de6449e2_1200.jpg\" class=\" lazy \" width=\"100%\" height=\"100%\" alt=\"Hollywood en Viena homenaje a Alan Menken Foto Prensa\"\/><figcaption> Hollywood en Viena homenaje a Alan Menken. Foto Prensa <\/figcaption><\/figure>\n<p>\u00abHollywood en Viena\u00bb, el concierto en homenaje al destacado compositor de m\u00fasica cinematogr\u00e1fica estadounidense Alan Menken, mejor conocido por su estrecha e hist\u00f3rica colaboraci\u00f3n con Disney en sus producciones animadas, podr\u00e1 verse en la se\u00f1al <a href=\"https:\/\/filmandarts.tv\/programa\/hollywood-in-viena-tributo-a-alan-menken\" target=\"_blank\" rel=\"noopener\">Film&amp;Arts<\/a> el pr\u00f3ximo 31 de diciembre a las 20.<\/p>\n<p>Encabezado por <strong>Michael Korasin, director de la Orquesta Sinf\u00f3nica de la Radio ORF de Viena<\/strong> y antiguo colaborador de Menken, el espect\u00e1culo tambi\u00e9n contar\u00e1 con la presencia de diferentes <strong>estrellas de Broadway y el West End<\/strong> que participaron en su trayectoria de casi 40 a\u00f1os como creador de bandas sonoras que hoy son emblem\u00e1ticas alrededor del mundo.<\/p>\n<p>Toda una leyenda de Hollywood, <strong>Menken comenz\u00f3 su carrera<\/strong> en la <strong>m\u00fasica para cine<\/strong> cuando ofici\u00f3 de letrista para la comedia de terror y musical \u00abLa tiendita del horror\u00bb (1986), y tres a\u00f1os m\u00e1s tarde dio el salto a la casa del rat\u00f3n Mickey cuando, ya como compositor, se involucr\u00f3 con \u00abLa Sirenita\u00bb (1989).<\/p>\n<p>En \u00abHollywood en Viena\u00bb aparecer\u00e1 entonces un repaso por las obras m\u00e1s notables de una carrera que tambi\u00e9n lo llev\u00f3 a escribir las <strong>melod\u00edas de varios cl\u00e1sicos animados<\/strong> como \u00abLa bella y la bestia\u00bb (1991), \u00abAladd\u00edn\u00bb (1992), \u00abPocahontas\u00bb (1995), \u00abEl jorobado de Notre Dame\u00bb (1996), \u00abH\u00e9rcules\u00bb (1997) y \u00abEnredados\u00bb (2010), as\u00ed como de algunas de las versiones live-action, es decir, en acci\u00f3n real.<\/p>\n<p>Entre sus muchos reconocimientos, <strong>gan\u00f3 ocho premios de la Academia de Hollywood <\/strong>entre lauros a Mejor banda sonora y a Mejor canci\u00f3n original, siendo la segunda persona m\u00e1s prol\u00edfica en esas categor\u00edas de los Oscar tras Alfred Newman, que lo supera por una estatuilla.<\/p>\n<p>Adem\u00e1s, Menken <strong>es una de las 18 figura<\/strong>s en la exclusiva lista de artistas que <strong>obtuvieron el EGOT<\/strong>, que en su caso ya acumula un Emmy, once Grammys, los mencionados Oscar y un Tony por su trabajo en la obra de teatro musical \u00abNewsies\u00bb. <\/p>\n<\/div>\n<p><script async defer crossorigin=\"anonymous\" src=\"https:\/\/connect.facebook.net\/es_LA\/sdk.js#xfbml=1&#038;version=v12.0\" nonce=\"SBlHQzIF\"><\/script><br \/><a href=\"https:\/\/www.telam.com.ar\/notas\/202312\/650458-concierto-hollywood-en-viena--homenaje-alan-menken-filmarts.html\">source<\/a><\/p>\n","protected":false},"excerpt":{"rendered":"<p>Hollywood en Viena homenaje a Alan Menken. Foto Prensa \u00abHollywood en Viena\u00bb, el concierto en&#8230;<\/p>\n","protected":false},"author":0,"featured_media":192216,"comment_status":"open","ping_status":"open","sticky":false,"template":"","format":"standard","meta":{"footnotes":""},"categories":[4],"tags":[],"class_list":["post-192215","post","type-post","status-publish","format-standard","has-post-thumbnail","hentry","category-espectaculos"],"featured_image_urls":{"full":["https:\/\/radiofenix.com.ar\/2023\/wp-content\/uploads\/2023\/12\/wp-header-logo-200.png",1200,675,false],"thumbnail":["https:\/\/radiofenix.com.ar\/2023\/wp-content\/uploads\/2023\/12\/wp-header-logo-200-150x150.png",150,150,true],"medium":["https:\/\/radiofenix.com.ar\/2023\/wp-content\/uploads\/2023\/12\/wp-header-logo-200-300x169.png",300,169,true],"medium_large":["https:\/\/radiofenix.com.ar\/2023\/wp-content\/uploads\/2023\/12\/wp-header-logo-200-768x432.png",640,360,true],"large":["https:\/\/radiofenix.com.ar\/2023\/wp-content\/uploads\/2023\/12\/wp-header-logo-200-1024x576.png",640,360,true],"1536x1536":["https:\/\/radiofenix.com.ar\/2023\/wp-content\/uploads\/2023\/12\/wp-header-logo-200.png",1200,675,false],"2048x2048":["https:\/\/radiofenix.com.ar\/2023\/wp-content\/uploads\/2023\/12\/wp-header-logo-200.png",1200,675,false],"newsium-slider-full":["https:\/\/radiofenix.com.ar\/2023\/wp-content\/uploads\/2023\/12\/wp-header-logo-200.png",1200,675,false],"newsium-featured":["https:\/\/radiofenix.com.ar\/2023\/wp-content\/uploads\/2023\/12\/wp-header-logo-200-1024x576.png",1024,576,true],"newsium-medium":["https:\/\/radiofenix.com.ar\/2023\/wp-content\/uploads\/2023\/12\/wp-header-logo-200-720x475.png",720,475,true]},"author_info":{"info":[""]},"category_info":"<a href=\"https:\/\/radiofenix.com.ar\/2023\/category\/espectaculos\/\" rel=\"category tag\">Espectaculos<\/a>","tag_info":"Espectaculos","comment_count":"0","_links":{"self":[{"href":"https:\/\/radiofenix.com.ar\/2023\/wp-json\/wp\/v2\/posts\/192215","targetHints":{"allow":["GET"]}}],"collection":[{"href":"https:\/\/radiofenix.com.ar\/2023\/wp-json\/wp\/v2\/posts"}],"about":[{"href":"https:\/\/radiofenix.com.ar\/2023\/wp-json\/wp\/v2\/types\/post"}],"replies":[{"embeddable":true,"href":"https:\/\/radiofenix.com.ar\/2023\/wp-json\/wp\/v2\/comments?post=192215"}],"version-history":[{"count":0,"href":"https:\/\/radiofenix.com.ar\/2023\/wp-json\/wp\/v2\/posts\/192215\/revisions"}],"wp:featuredmedia":[{"embeddable":true,"href":"https:\/\/radiofenix.com.ar\/2023\/wp-json\/wp\/v2\/media\/192216"}],"wp:attachment":[{"href":"https:\/\/radiofenix.com.ar\/2023\/wp-json\/wp\/v2\/media?parent=192215"}],"wp:term":[{"taxonomy":"category","embeddable":true,"href":"https:\/\/radiofenix.com.ar\/2023\/wp-json\/wp\/v2\/categories?post=192215"},{"taxonomy":"post_tag","embeddable":true,"href":"https:\/\/radiofenix.com.ar\/2023\/wp-json\/wp\/v2\/tags?post=192215"}],"curies":[{"name":"wp","href":"https:\/\/api.w.org\/{rel}","templated":true}]}}