{"id":192219,"date":"2023-12-27T08:57:14","date_gmt":"2023-12-27T08:57:14","guid":{"rendered":"https:\/\/radiofenix.com.ar\/2023\/misiones-prorrogo-la-vigencia-de-la-ventana-jubilatoria-y-la-moratoria-previsional\/"},"modified":"2023-12-27T08:57:14","modified_gmt":"2023-12-27T08:57:14","slug":"misiones-prorrogo-la-vigencia-de-la-ventana-jubilatoria-y-la-moratoria-previsional","status":"publish","type":"post","link":"https:\/\/radiofenix.com.ar\/2023\/misiones-prorrogo-la-vigencia-de-la-ventana-jubilatoria-y-la-moratoria-previsional\/","title":{"rendered":"Misiones prorrog\u00f3 la vigencia de la ventana jubilatoria y la moratoria previsional"},"content":{"rendered":"<div>\n<figure class=\"mb-3\"><img decoding=\"async\" src=\"https:\/\/www.telam.com.ar\/thumbs\/bluesteel\/advf\/imagenes\/2018\/05\/5ae98f9542fdf_1200.jpg\" class=\" lazy \" width=\"100%\" height=\"100%\" alt=\"Hugo Passalacqua gobernador de Misiones Foto archivo\"\/><figcaption> Hugo Passalacqua, gobernador de Misiones. Foto: archivo. <\/figcaption><\/figure>\n<p>El Gobierno de Misiones decidi\u00f3 prorrogar hasta el 30 de junio pr\u00f3ximo el plazo de vigencia de la ventana jubilatoria y de la moratoria previsional instituidas por decretos 636\/22 y 1145\/22, para las personas que est\u00e1n en condiciones y que quieran acceder a este beneficio en la provincia.<\/p>\n<p>El gobernador de Misiones, <strong>Hugo Passalacqua<\/strong>, firm\u00f3 este martes una \u201cpr\u00f3rroga significativa\u201d que impacta directamente sobre los reg\u00edmenes de ventana jubilatoria y moratoria previsional. Reg\u00edmenes que est\u00e1n establecidos mediante los decretos 636\/22 y 1145\/22, que ahora tendr\u00e1n una extensi\u00f3n hasta el 30 de junio de 2024.\u00a0<\/p>\n<p>De esta forma, los plazos que tienen los <strong>empleados provinciales<\/strong> para presentar las renuncias condicionadas con el fin de acceder al beneficio se extienden \u201chasta finales de junio del pr\u00f3ximo a\u00f1o\u201d, indicaron a trav\u00e9s de un comunicado desde el Poder Ejecutivo.<\/p>\n<p>Explicaron que la actual ventana jubilatoria est\u00e1 dise\u00f1ada para trabajadores que alcanzan los 60 a\u00f1os (mujeres) o 65 a\u00f1os (hombres), con al menos 20 a\u00f1os de aportes.\u00a0<\/p>\n<p><strong>\u201cEsta iniciativa refleja la visi\u00f3n del Gobierno de Misiones de salvaguardar los derechos y el bienestar de los trabajadores en la fase final de sus carreras laborales. Dicha acci\u00f3n busca garantizar un acceso al proceso de jubilaci\u00f3n m\u00e1s accesible y flexible\u201d<\/strong>, remarcaron.<\/p>\n<p>\u201cJustamente, la medida facilita la compensaci\u00f3n de los a\u00f1os restantes para la jubilaci\u00f3n a trav\u00e9s de un plan de pagos administrado por el IPS Misiones\u201d, resaltaron.\u00a0<\/p>\n<p>Por \u00faltimo, detallaron que aquellos que opten por esta moratoria podr\u00e1n jubilarse de inmediato, recibiendo el 75% del haber neto en base a valores mayo de 2022, a lo que se suman los aumentos vigentes al momento de la jubilaci\u00f3n, con descuentos mensuales de los aportes adeudados.\u00a0<\/p>\n<p>\u201cEs importante destacar que el beneficio no se aplica a trabajadores del personal de seguridad con r\u00e9gimen propio; sin embargo, abarca a empleados de municipios adheridos\u201d, precisaron desde el Ejecutivo provincial. <\/p>\n<\/div>\n<p><script async defer crossorigin=\"anonymous\" src=\"https:\/\/connect.facebook.net\/es_LA\/sdk.js#xfbml=1&#038;version=v12.0\" nonce=\"SBlHQzIF\"><\/script><br \/><a href=\"https:\/\/www.telam.com.ar\/notas\/202312\/650684-misiones-prorroga-ventana-jubilatoria-moratoria-previsional.html\">source<\/a><\/p>\n","protected":false},"excerpt":{"rendered":"<p>Hugo Passalacqua, gobernador de Misiones. Foto: archivo. El Gobierno de Misiones decidi\u00f3 prorrogar hasta el&#8230;<\/p>\n","protected":false},"author":0,"featured_media":192220,"comment_status":"open","ping_status":"open","sticky":false,"template":"","format":"standard","meta":{"footnotes":""},"categories":[5],"tags":[],"class_list":["post-192219","post","type-post","status-publish","format-standard","has-post-thumbnail","hentry","category-economia"],"featured_image_urls":{"full":["https:\/\/radiofenix.com.ar\/2023\/wp-content\/uploads\/2023\/12\/wp-header-logo-202.png",1004,565,false],"thumbnail":["https:\/\/radiofenix.com.ar\/2023\/wp-content\/uploads\/2023\/12\/wp-header-logo-202-150x150.png",150,150,true],"medium":["https:\/\/radiofenix.com.ar\/2023\/wp-content\/uploads\/2023\/12\/wp-header-logo-202-300x169.png",300,169,true],"medium_large":["https:\/\/radiofenix.com.ar\/2023\/wp-content\/uploads\/2023\/12\/wp-header-logo-202-768x432.png",640,360,true],"large":["https:\/\/radiofenix.com.ar\/2023\/wp-content\/uploads\/2023\/12\/wp-header-logo-202.png",640,360,false],"1536x1536":["https:\/\/radiofenix.com.ar\/2023\/wp-content\/uploads\/2023\/12\/wp-header-logo-202.png",1004,565,false],"2048x2048":["https:\/\/radiofenix.com.ar\/2023\/wp-content\/uploads\/2023\/12\/wp-header-logo-202.png",1004,565,false],"newsium-slider-full":["https:\/\/radiofenix.com.ar\/2023\/wp-content\/uploads\/2023\/12\/wp-header-logo-202.png",1004,565,false],"newsium-featured":["https:\/\/radiofenix.com.ar\/2023\/wp-content\/uploads\/2023\/12\/wp-header-logo-202.png",1004,565,false],"newsium-medium":["https:\/\/radiofenix.com.ar\/2023\/wp-content\/uploads\/2023\/12\/wp-header-logo-202-720x475.png",720,475,true]},"author_info":{"info":[""]},"category_info":"<a href=\"https:\/\/radiofenix.com.ar\/2023\/category\/economia\/\" rel=\"category tag\">Economia<\/a>","tag_info":"Economia","comment_count":"0","_links":{"self":[{"href":"https:\/\/radiofenix.com.ar\/2023\/wp-json\/wp\/v2\/posts\/192219","targetHints":{"allow":["GET"]}}],"collection":[{"href":"https:\/\/radiofenix.com.ar\/2023\/wp-json\/wp\/v2\/posts"}],"about":[{"href":"https:\/\/radiofenix.com.ar\/2023\/wp-json\/wp\/v2\/types\/post"}],"replies":[{"embeddable":true,"href":"https:\/\/radiofenix.com.ar\/2023\/wp-json\/wp\/v2\/comments?post=192219"}],"version-history":[{"count":0,"href":"https:\/\/radiofenix.com.ar\/2023\/wp-json\/wp\/v2\/posts\/192219\/revisions"}],"wp:featuredmedia":[{"embeddable":true,"href":"https:\/\/radiofenix.com.ar\/2023\/wp-json\/wp\/v2\/media\/192220"}],"wp:attachment":[{"href":"https:\/\/radiofenix.com.ar\/2023\/wp-json\/wp\/v2\/media?parent=192219"}],"wp:term":[{"taxonomy":"category","embeddable":true,"href":"https:\/\/radiofenix.com.ar\/2023\/wp-json\/wp\/v2\/categories?post=192219"},{"taxonomy":"post_tag","embeddable":true,"href":"https:\/\/radiofenix.com.ar\/2023\/wp-json\/wp\/v2\/tags?post=192219"}],"curies":[{"name":"wp","href":"https:\/\/api.w.org\/{rel}","templated":true}]}}