{"id":192255,"date":"2023-12-29T08:57:20","date_gmt":"2023-12-29T08:57:20","guid":{"rendered":"https:\/\/radiofenix.com.ar\/2023\/maine-impide-participar-de-las-primarias-republicanas-a-donald-trump\/"},"modified":"2023-12-29T08:57:20","modified_gmt":"2023-12-29T08:57:20","slug":"maine-impide-participar-de-las-primarias-republicanas-a-donald-trump","status":"publish","type":"post","link":"https:\/\/radiofenix.com.ar\/2023\/maine-impide-participar-de-las-primarias-republicanas-a-donald-trump\/","title":{"rendered":"Maine impide participar de las primarias republicanas a Donald Trump"},"content":{"rendered":"<div>\n<figure class=\"mb-3\"><img decoding=\"async\" src=\"https:\/\/www.telam.com.ar\/thumbs\/bluesteel\/advf\/imagenes\/2023\/06\/64831a85994a6_1200.jpg\" class=\" lazy \" width=\"100%\" height=\"100%\" alt=\"Foto AFP archivo\"\/><figcaption> Foto: AFP (archivo). <\/figcaption><\/figure>\n<p>El estado Maine, en el noreste de Estados Unidos, inform\u00f3 que el expresidente Donald Trump <strong>no aparecer\u00e1 en las boletas de los comicios primarios del Partido Republicano<\/strong> con vista a las elecciones presidenciales de 2024.<\/p>\n<p>La decisi\u00f3n se sum\u00f3 a una similar <u><strong><a href=\"https:\/\/www.telam.com.ar\/notas\/202312\/650055-colorado--trump-no-competir-primarias.html\" target=\"_blank\" rel=\"noopener\">adoptada la semana pasada por el estado Colorado<\/a><\/strong><\/u> y, como ella, se origina en la relaci\u00f3n de Trump con el asalto al Capitolio ocurrido en enero de 2021.<\/p>\n<p>Trump \u201cno est\u00e1 calificado para ser presidente\u201d en virtud de la 14ta. Enmienda de la Constituci\u00f3n, afirm\u00f3 la secretaria estatal de Maine y encargada de organizar las elecciones, Shenna Bellows, en un documento oficial.<\/p>\n<p>Esa enmienda excluye de la competencia electoral a quienes hayan participado en actos de \u201cinsurrecci\u00f3n\u201d, explic\u00f3 la funcionaria, seg\u00fan la agencia de noticias AFP.<\/p>\n<p><strong>El exmandatario impugnar\u00e1 la resoluci\u00f3n ante los tribunales, anunci\u00f3 el vocero de su campa\u00f1a, y agreg\u00f3 que, de ser necesario, llegar\u00e1 con un recurso ante la Corte Suprema federal<\/strong>.<\/p>\n<p>\u201cEstamos presenciando en directo un intento de robo de una elecci\u00f3n y la privaci\u00f3n del derecho al voto del elector estadounidense\u201d, dijo Trump a trav\u00e9s de su equipo de campa\u00f1a.<\/p>\n<p>El expresidente a\u00f1adi\u00f3 que la decisi\u00f3n de marginarlo de la compulsa en Maine fue adoptada por \u201cun izquierdista radical\u201d y \u201cardiente partidario\u201d del actual mandatario y su probable adversario en las presidenciales de 2024, el dem\u00f3crata Joe Biden.<\/p>\n<p>El 6 de enero de 2021, cientos de partidarios de Trump irrumpieron violentamente en el Capitolio, en un intento de impedir la certificaci\u00f3n de la victoria de Biden en las elecciones de noviembre de 2020, en las que el republicano busc\u00f3 sin \u00e9xito la reelecci\u00f3n.<\/p>\n<p>Trump y sus m\u00e1s fervientes partidarios siguen impugnando, sin pruebas, los resultados de aquellos comicios.<\/p>\n<p>El exmandatario fue imputado el 1 de agosto a nivel federal y despu\u00e9s, el 14 de agosto, por el estado sure\u00f1o Georgia, que lo acus\u00f3 de intentar anular los resultados de las elecciones de 2020.<\/p>\n<p>En varios estados del pa\u00eds se pusieron en marcha procedimientos para bloquear el camino de Trump, que pese a todo es claro favorito en las primarias republicanas.<\/p>\n<p>Mientras Michigan y Minnesota rechazaron esas iniciativas, el Tribunal Supremo de Colorado fue el primero, la semana pasada, en declarar inelegible a Trump por sus acciones durante el asalto al Capitolio. <\/p>\n<\/div>\n<p><script async defer crossorigin=\"anonymous\" src=\"https:\/\/connect.facebook.net\/es_LA\/sdk.js#xfbml=1&#038;version=v12.0\" nonce=\"SBlHQzIF\"><\/script><br \/><a href=\"https:\/\/www.telam.com.ar\/notas\/202312\/650984-maine-estados-unidos-donald-trump-elecciones.html\">source<\/a><\/p>\n","protected":false},"excerpt":{"rendered":"<p>Foto: AFP (archivo). El estado Maine, en el noreste de Estados Unidos, inform\u00f3 que el&#8230;<\/p>\n","protected":false},"author":0,"featured_media":192256,"comment_status":"open","ping_status":"open","sticky":false,"template":"","format":"standard","meta":{"footnotes":""},"categories":[60],"tags":[],"class_list":["post-192255","post","type-post","status-publish","format-standard","has-post-thumbnail","hentry","category-internacional"],"featured_image_urls":{"full":["https:\/\/radiofenix.com.ar\/2023\/wp-content\/uploads\/2023\/12\/wp-header-logo-220.png",1200,675,false],"thumbnail":["https:\/\/radiofenix.com.ar\/2023\/wp-content\/uploads\/2023\/12\/wp-header-logo-220-150x150.png",150,150,true],"medium":["https:\/\/radiofenix.com.ar\/2023\/wp-content\/uploads\/2023\/12\/wp-header-logo-220-300x169.png",300,169,true],"medium_large":["https:\/\/radiofenix.com.ar\/2023\/wp-content\/uploads\/2023\/12\/wp-header-logo-220-768x432.png",640,360,true],"large":["https:\/\/radiofenix.com.ar\/2023\/wp-content\/uploads\/2023\/12\/wp-header-logo-220-1024x576.png",640,360,true],"1536x1536":["https:\/\/radiofenix.com.ar\/2023\/wp-content\/uploads\/2023\/12\/wp-header-logo-220.png",1200,675,false],"2048x2048":["https:\/\/radiofenix.com.ar\/2023\/wp-content\/uploads\/2023\/12\/wp-header-logo-220.png",1200,675,false],"newsium-slider-full":["https:\/\/radiofenix.com.ar\/2023\/wp-content\/uploads\/2023\/12\/wp-header-logo-220.png",1200,675,false],"newsium-featured":["https:\/\/radiofenix.com.ar\/2023\/wp-content\/uploads\/2023\/12\/wp-header-logo-220-1024x576.png",1024,576,true],"newsium-medium":["https:\/\/radiofenix.com.ar\/2023\/wp-content\/uploads\/2023\/12\/wp-header-logo-220-720x475.png",720,475,true]},"author_info":{"info":[""]},"category_info":"<a href=\"https:\/\/radiofenix.com.ar\/2023\/category\/internacional\/\" rel=\"category tag\">Internacional<\/a>","tag_info":"Internacional","comment_count":"0","_links":{"self":[{"href":"https:\/\/radiofenix.com.ar\/2023\/wp-json\/wp\/v2\/posts\/192255","targetHints":{"allow":["GET"]}}],"collection":[{"href":"https:\/\/radiofenix.com.ar\/2023\/wp-json\/wp\/v2\/posts"}],"about":[{"href":"https:\/\/radiofenix.com.ar\/2023\/wp-json\/wp\/v2\/types\/post"}],"replies":[{"embeddable":true,"href":"https:\/\/radiofenix.com.ar\/2023\/wp-json\/wp\/v2\/comments?post=192255"}],"version-history":[{"count":0,"href":"https:\/\/radiofenix.com.ar\/2023\/wp-json\/wp\/v2\/posts\/192255\/revisions"}],"wp:featuredmedia":[{"embeddable":true,"href":"https:\/\/radiofenix.com.ar\/2023\/wp-json\/wp\/v2\/media\/192256"}],"wp:attachment":[{"href":"https:\/\/radiofenix.com.ar\/2023\/wp-json\/wp\/v2\/media?parent=192255"}],"wp:term":[{"taxonomy":"category","embeddable":true,"href":"https:\/\/radiofenix.com.ar\/2023\/wp-json\/wp\/v2\/categories?post=192255"},{"taxonomy":"post_tag","embeddable":true,"href":"https:\/\/radiofenix.com.ar\/2023\/wp-json\/wp\/v2\/tags?post=192255"}],"curies":[{"name":"wp","href":"https:\/\/api.w.org\/{rel}","templated":true}]}}