{"id":192267,"date":"2023-12-30T08:57:49","date_gmt":"2023-12-30T08:57:49","guid":{"rendered":"https:\/\/radiofenix.com.ar\/2023\/alertas-por-tormentas-severas-en-10-provincias-del-norte-del-pais\/"},"modified":"2023-12-30T08:57:49","modified_gmt":"2023-12-30T08:57:49","slug":"alertas-por-tormentas-severas-en-10-provincias-del-norte-del-pais","status":"publish","type":"post","link":"https:\/\/radiofenix.com.ar\/2023\/alertas-por-tormentas-severas-en-10-provincias-del-norte-del-pais\/","title":{"rendered":"Alertas por tormentas severas en 10 provincias del norte del pa\u00eds"},"content":{"rendered":"<div>\n<figure class=\"mb-3\"><img decoding=\"async\" src=\"https:\/\/www.telam.com.ar\/thumbs\/bluesteel\/advf\/imagenes\/2023\/11\/654399c37ba75_1200.jpg\" class=\" lazy \" width=\"100%\" height=\"100%\" alt=\"La alerta naranja por tormentas implica fenmenos meteorolgicos peligrosos para la sociedad la vida los bienes y el medio ambiente Foto X\"\/><figcaption> La alerta naranja por tormentas implica \u00abfen\u00f3menos meteorol\u00f3gicos peligrosos para la sociedad, la vida, los bienes y el medio ambiente\u00bb. \/ Foto: X <\/figcaption><\/figure>\n<p> El Servicio Meteorol\u00f3gico Nacional (SMN) lanz\u00f3 este viernes una alerta naranja por tormentas severas con r\u00e1fagas y granizo en sectores de Misiones, Corrientes, Salta, Jujuy y Tucum\u00e1n, a la vez que rigen alertas de nivel amarillo por lluvias y tormentas de menor intensidad en gran parte de Santa Fe, Misiones, Corrientes, Chaco, Santiago del Estero, Catamarca y Jujuy.<\/p>\n<p>Este viernes tambi\u00e9n se encontraba vigente una <strong>alerta amarilla por calor<\/strong> en el oeste de C\u00f3rdoba y en el extremo noreste de San Luis, en las zonas bajas de Chacabuco, Jun\u00edn y Libertador General San Mart\u00edn.<\/p>\n<p>La <strong>alerta naranja por tormentas<\/strong> que implica \u00abfen\u00f3menos meteorol\u00f3gicos peligrosos para la sociedad, la vida, los bienes y el medio ambiente\u00bb afectaba la ma\u00f1ana de este viernes al Litoral en el centro y sur de Misiones, y en el este de Corrientes, seg\u00fan inform\u00f3 el SMN.<\/p>\n<p>Tambi\u00e9n comprend\u00eda al centro y este de Salta, al sureste de Jujuy y a casi todo el territorio de la provincia de Tucum\u00e1n.<\/p>\n<p>El \u00e1rea ser\u00e1 afectada por tormentas, algunas localmente fuertes o severas, que estar\u00e1n acompa\u00f1adas por fuerte actividad el\u00e9ctrica, intensas r\u00e1fagas, ca\u00edda de granizo de diversos tama\u00f1os, y abundante ca\u00edda de agua en cortos per\u00edodos.<\/p>\n<p>El organismo nacional estim\u00f3 para esas zonas valores de precipitaci\u00f3n acumulada entre 50 y 110 mil\u00edmetros (mm), pudiendo ser superados en forma puntual.<\/p>\n<p>Por el nivel naranja el SMN recomend\u00f3 a la poblaci\u00f3n permanecer en construcciones cerradas como casas, escuelas o edificios; mantenerse lejos de artefactos el\u00e9ctricos y evitar el uso de tel\u00e9fonos con cable; y quedarse en el interior del veh\u00edculo en caso de estar viajando.<\/p>\n<p>Tambi\u00e9n pidi\u00f3 evitar circular por calles inundadas o afectadas y, si hay riesgo de que el agua ingrese en las viviendas, cortar el suministro el\u00e9ctrico.<\/p>\n<blockquote class=\"twitter-tweet\">\n<p lang=\"es\" dir=\"ltr\">&#x26a0; SAT | ALERTAS <a href=\"https:\/\/twitter.com\/hashtag\/SiHayAlertaEstateAlerta?src=hash&amp;ref_src=twsrc%5Etfw\">#SiHayAlertaEstateAlerta<\/a><br \/>Informaci\u00f3n actualizada el 29 de diciembre de 2023 a las 07:01 h<br \/>&#x1f449;M\u00e1s detalles en <a href=\"https:\/\/t.co\/AgvDHAWzAt\">https:\/\/t.co\/AgvDHAWzAt<\/a> <a href=\"https:\/\/t.co\/OHdSIKuQgt\">pic.twitter.com\/OHdSIKuQgt<\/a><\/p>\n<p>\u2014 SMN Alertas (@SMN_Alertas) <a href=\"https:\/\/twitter.com\/SMN_Alertas\/status\/1740678465936826781?ref_src=twsrc%5Etfw\">December 29, 2023<\/a><\/p><\/blockquote>\n<p> Por tormentas de menor intensidad reg\u00edan <strong>alertas amarillas<\/strong> para el resto de las provincias de Misiones y Corrientes; el norte y centro de Santa Fe; todo el territorio de Chaco; el oeste de Formosa; el norte y este de Santiago del Estero; el centro de Jujuy; y el centro de Catamarca.<\/p>\n<p>Las tormentas tendr\u00e1n r\u00e1fagas intensas, fuerte actividad el\u00e9ctrica, ocasional ca\u00edda de granizo y abundante ca\u00edda de agua en cortos per\u00edodos con valores de precipitaci\u00f3n acumulada entre 20 y 80 mm.<\/p>\n<p>Para la poblaci\u00f3n bajo alerta amarilla el SMN recomend\u00f3 no sacar la basura; retirar objetos que impidan que el agua escurra; evitar actividades al aire libre; no refugiarse cerca de \u00e1rboles y postes de electricidad que puedan caerse; no permanecer en playas, r\u00edos, lagunas o piletas; y prestar atenci\u00f3n ante la posible ca\u00edda de granizo.<\/p>\n<p>El nivel amarillo implica \u00abposibles fen\u00f3menos meteorol\u00f3gicos con capacidad de da\u00f1o y riesgo de interrupci\u00f3n moment\u00e1nea de actividades cotidianas\u00bb, explic\u00f3 el SMN. <\/p>\n<\/div>\n<p><script async src=\"\/\/platform.twitter.com\/widgets.js\" charset=\"utf-8\"><\/script><script async defer crossorigin=\"anonymous\" src=\"https:\/\/connect.facebook.net\/es_LA\/sdk.js#xfbml=1&#038;version=v12.0\" nonce=\"SBlHQzIF\"><\/script><br \/><a href=\"https:\/\/www.telam.com.ar\/notas\/202312\/650997-tormentas-provincias-norte.html\">source<\/a><\/p>\n","protected":false},"excerpt":{"rendered":"<p>La alerta naranja por tormentas implica \u00abfen\u00f3menos meteorol\u00f3gicos peligrosos para la sociedad, la vida, los&#8230;<\/p>\n","protected":false},"author":0,"featured_media":192268,"comment_status":"open","ping_status":"open","sticky":false,"template":"","format":"standard","meta":{"footnotes":""},"categories":[7],"tags":[],"class_list":["post-192267","post","type-post","status-publish","format-standard","has-post-thumbnail","hentry","category-sociedad"],"featured_image_urls":{"full":["https:\/\/radiofenix.com.ar\/2023\/wp-content\/uploads\/2023\/12\/wp-header-logo-226.png",1200,675,false],"thumbnail":["https:\/\/radiofenix.com.ar\/2023\/wp-content\/uploads\/2023\/12\/wp-header-logo-226-150x150.png",150,150,true],"medium":["https:\/\/radiofenix.com.ar\/2023\/wp-content\/uploads\/2023\/12\/wp-header-logo-226-300x169.png",300,169,true],"medium_large":["https:\/\/radiofenix.com.ar\/2023\/wp-content\/uploads\/2023\/12\/wp-header-logo-226-768x432.png",640,360,true],"large":["https:\/\/radiofenix.com.ar\/2023\/wp-content\/uploads\/2023\/12\/wp-header-logo-226-1024x576.png",640,360,true],"1536x1536":["https:\/\/radiofenix.com.ar\/2023\/wp-content\/uploads\/2023\/12\/wp-header-logo-226.png",1200,675,false],"2048x2048":["https:\/\/radiofenix.com.ar\/2023\/wp-content\/uploads\/2023\/12\/wp-header-logo-226.png",1200,675,false],"newsium-slider-full":["https:\/\/radiofenix.com.ar\/2023\/wp-content\/uploads\/2023\/12\/wp-header-logo-226.png",1200,675,false],"newsium-featured":["https:\/\/radiofenix.com.ar\/2023\/wp-content\/uploads\/2023\/12\/wp-header-logo-226-1024x576.png",1024,576,true],"newsium-medium":["https:\/\/radiofenix.com.ar\/2023\/wp-content\/uploads\/2023\/12\/wp-header-logo-226-720x475.png",720,475,true]},"author_info":{"info":[""]},"category_info":"<a href=\"https:\/\/radiofenix.com.ar\/2023\/category\/sociedad\/\" rel=\"category tag\">Sociedad<\/a>","tag_info":"Sociedad","comment_count":"0","_links":{"self":[{"href":"https:\/\/radiofenix.com.ar\/2023\/wp-json\/wp\/v2\/posts\/192267","targetHints":{"allow":["GET"]}}],"collection":[{"href":"https:\/\/radiofenix.com.ar\/2023\/wp-json\/wp\/v2\/posts"}],"about":[{"href":"https:\/\/radiofenix.com.ar\/2023\/wp-json\/wp\/v2\/types\/post"}],"replies":[{"embeddable":true,"href":"https:\/\/radiofenix.com.ar\/2023\/wp-json\/wp\/v2\/comments?post=192267"}],"version-history":[{"count":0,"href":"https:\/\/radiofenix.com.ar\/2023\/wp-json\/wp\/v2\/posts\/192267\/revisions"}],"wp:featuredmedia":[{"embeddable":true,"href":"https:\/\/radiofenix.com.ar\/2023\/wp-json\/wp\/v2\/media\/192268"}],"wp:attachment":[{"href":"https:\/\/radiofenix.com.ar\/2023\/wp-json\/wp\/v2\/media?parent=192267"}],"wp:term":[{"taxonomy":"category","embeddable":true,"href":"https:\/\/radiofenix.com.ar\/2023\/wp-json\/wp\/v2\/categories?post=192267"},{"taxonomy":"post_tag","embeddable":true,"href":"https:\/\/radiofenix.com.ar\/2023\/wp-json\/wp\/v2\/tags?post=192267"}],"curies":[{"name":"wp","href":"https:\/\/api.w.org\/{rel}","templated":true}]}}