{"id":192269,"date":"2023-12-30T08:57:51","date_gmt":"2023-12-30T08:57:51","guid":{"rendered":"https:\/\/radiofenix.com.ar\/2023\/diego-martinez-asumira-como-entrenador-de-boca-el-2-de-enero\/"},"modified":"2023-12-30T08:57:51","modified_gmt":"2023-12-30T08:57:51","slug":"diego-martinez-asumira-como-entrenador-de-boca-el-2-de-enero","status":"publish","type":"post","link":"https:\/\/radiofenix.com.ar\/2023\/diego-martinez-asumira-como-entrenador-de-boca-el-2-de-enero\/","title":{"rendered":"Diego Mart\u00ednez asumir\u00e1 como entrenador de Boca el 2 de enero"},"content":{"rendered":"<div>\n<figure class=\"mb-3\"><img decoding=\"async\" src=\"https:\/\/www.telam.com.ar\/thumbs\/bluesteel\/advf\/imagenes\/2023\/12\/658adaca4a0ff_1200.jpg\" class=\" lazy \" width=\"100%\" height=\"100%\" alt=\"Diego Martnez Foto Facebook\"\/><figcaption> Diego Mart\u00ednez. Foto: Facebook. <\/figcaption><\/figure>\n<p><strong>Diego Mart\u00ednez ser\u00e1 presentado como entrenador de Boca Juniors el martes 2 de enero<\/strong>, tras firmar el contrato que lo ligar\u00e1 al club de la Ribera, en el arranque de la pretemporada del plantel \u00abXeneize\u00bb de cara al 2024.<\/p>\n<p>Tras el contundente triunfo de Juan Rom\u00e1n Riquelme (acompa\u00f1ado por Jorge Ameal) en las elecciones del club, el 17 de diciembre pasado sobre la f\u00f3rmula Andr\u00e9s Ibarra-Mauricio Macri, qued\u00f3 confirmado que Mart\u00ednez ser\u00eda el DT boquense en cuanto se desvinculara de Hurac\u00e1n, equipo con el que trabaj\u00f3 en el \u00faltimo semestre.<\/p>\n<blockquote class=\"twitter-tweet\">\n<p lang=\"es\" dir=\"ltr\"><a href=\"https:\/\/twitter.com\/hashtag\/Hurac%C3%A1n?src=hash&amp;ref_src=twsrc%5Etfw\">#Hurac\u00e1n<\/a> rescindi\u00f3 el contrato con Diego Mart\u00ednez<\/p>\n<p>El ex entrenador acept\u00f3 las condiciones de la Instituci\u00f3n y firm\u00f3 el pago que se har\u00e1 efectivo en los primeros d\u00edas de enero 2024.<\/p>\n<p>Hurac\u00e1n exigi\u00f3 el resarcimiento correspondiente: los seis meses de contrato que ten\u00eda por delante\u2026 <a href=\"https:\/\/t.co\/XcRHOxbXLD\">pic.twitter.com\/XcRHOxbXLD<\/a><\/p>\n<p>\u2014 CA Hurac\u00e1n (@CAHuracan) <a href=\"https:\/\/twitter.com\/CAHuracan\/status\/1740826516831813965?ref_src=twsrc%5Etfw\">December 29, 2023<\/a><\/p><\/blockquote>\n<p> El club de Parque de los Patricios hizo el anuncio oficial de la desvinculaci\u00f3n del director t\u00e9cnico a trav\u00e9s de sus redes sociales.<\/p>\n<p>\u00ab<strong>Hurac\u00e1n rescindi\u00f3 el contrato con Mart\u00ednez<\/strong>. El exentrenador acept\u00f3 las condiciones de la instituci\u00f3n y firm\u00f3 el pago que se har\u00e1 efectivo en los primeros d\u00edas de enero 2024&#8243;, informaron las autoridades del \u00abGlobo\u00bb.<\/p>\n<blockquote class=\"twitter-tweet\">\n<p lang=\"es\" dir=\"ltr\"><a href=\"https:\/\/twitter.com\/hashtag\/Entrenador?src=hash&amp;ref_src=twsrc%5Etfw\">#Entrenador<\/a> <\/p>\n<p>Boca y Diego Mart\u00ednez llegaron a un acuerdo. El Club y el entrenador trabajan en la formalizaci\u00f3n del contrato. <a href=\"https:\/\/t.co\/yL1Qzq09Q2\">pic.twitter.com\/yL1Qzq09Q2<\/a><\/p>\n<p>\u2014 Esto es Boca (@estoesboca_ok) <a href=\"https:\/\/twitter.com\/estoesboca_ok\/status\/1739632156345852300?ref_src=twsrc%5Etfw\">December 26, 2023<\/a><\/p><\/blockquote>\n<p> Despu\u00e9s del traspaso de mando y la asunci\u00f3n como presidente de Boca del \u00eddolo \u00abxeneize\u00bb el mi\u00e9rcoles pasado, la cuenta oficial \u00abEsto es Boca\u00bb, que se encarga de anunciar los movimientos deportivos del club, hab\u00eda confirmado la llegada del flamante entrenador.<\/p>\n<p>\u00ab<strong>Boca Juniors y Diego Mart\u00ednez llegaron a un acuerdo<\/strong>. El club y el entrenador trabajan en la formalizaci\u00f3n del contrato\u00bb, fue el comunicado oficial emitido por la entidad \u00abxeneize\u00bb en su cuenta de la red social X.<\/p>\n<p>El martes pr\u00f3ximo, junto con la llegada de Mart\u00ednez como DT boquense, se producir\u00e1 la vuelta del plantel profesional al trabajo en el predio de Ezeiza, tras unas prolongadas vacaciones que se extendieron durante todo diciembre.<\/p>\n<\/div>\n<p><script async src=\"\/\/platform.twitter.com\/widgets.js\" charset=\"utf-8\"><\/script><script async defer crossorigin=\"anonymous\" src=\"https:\/\/connect.facebook.net\/es_LA\/sdk.js#xfbml=1&#038;version=v12.0\" nonce=\"SBlHQzIF\"><\/script><br \/><a href=\"https:\/\/www.telam.com.ar\/notas\/202312\/651072-diego-martinez-asumira-enero-entrenador-boca.html\">source<\/a><\/p>\n","protected":false},"excerpt":{"rendered":"<p>Diego Mart\u00ednez. Foto: Facebook. Diego Mart\u00ednez ser\u00e1 presentado como entrenador de Boca Juniors el martes&#8230;<\/p>\n","protected":false},"author":0,"featured_media":192270,"comment_status":"open","ping_status":"open","sticky":false,"template":"","format":"standard","meta":{"footnotes":""},"categories":[3],"tags":[],"class_list":["post-192269","post","type-post","status-publish","format-standard","has-post-thumbnail","hentry","category-deportes"],"featured_image_urls":{"full":["https:\/\/radiofenix.com.ar\/2023\/wp-content\/uploads\/2023\/12\/wp-header-logo-227.png",1200,675,false],"thumbnail":["https:\/\/radiofenix.com.ar\/2023\/wp-content\/uploads\/2023\/12\/wp-header-logo-227-150x150.png",150,150,true],"medium":["https:\/\/radiofenix.com.ar\/2023\/wp-content\/uploads\/2023\/12\/wp-header-logo-227-300x169.png",300,169,true],"medium_large":["https:\/\/radiofenix.com.ar\/2023\/wp-content\/uploads\/2023\/12\/wp-header-logo-227-768x432.png",640,360,true],"large":["https:\/\/radiofenix.com.ar\/2023\/wp-content\/uploads\/2023\/12\/wp-header-logo-227-1024x576.png",640,360,true],"1536x1536":["https:\/\/radiofenix.com.ar\/2023\/wp-content\/uploads\/2023\/12\/wp-header-logo-227.png",1200,675,false],"2048x2048":["https:\/\/radiofenix.com.ar\/2023\/wp-content\/uploads\/2023\/12\/wp-header-logo-227.png",1200,675,false],"newsium-slider-full":["https:\/\/radiofenix.com.ar\/2023\/wp-content\/uploads\/2023\/12\/wp-header-logo-227.png",1200,675,false],"newsium-featured":["https:\/\/radiofenix.com.ar\/2023\/wp-content\/uploads\/2023\/12\/wp-header-logo-227-1024x576.png",1024,576,true],"newsium-medium":["https:\/\/radiofenix.com.ar\/2023\/wp-content\/uploads\/2023\/12\/wp-header-logo-227-720x475.png",720,475,true]},"author_info":{"info":[""]},"category_info":"<a href=\"https:\/\/radiofenix.com.ar\/2023\/category\/deportes\/\" rel=\"category tag\">Deportes<\/a>","tag_info":"Deportes","comment_count":"0","_links":{"self":[{"href":"https:\/\/radiofenix.com.ar\/2023\/wp-json\/wp\/v2\/posts\/192269","targetHints":{"allow":["GET"]}}],"collection":[{"href":"https:\/\/radiofenix.com.ar\/2023\/wp-json\/wp\/v2\/posts"}],"about":[{"href":"https:\/\/radiofenix.com.ar\/2023\/wp-json\/wp\/v2\/types\/post"}],"replies":[{"embeddable":true,"href":"https:\/\/radiofenix.com.ar\/2023\/wp-json\/wp\/v2\/comments?post=192269"}],"version-history":[{"count":0,"href":"https:\/\/radiofenix.com.ar\/2023\/wp-json\/wp\/v2\/posts\/192269\/revisions"}],"wp:featuredmedia":[{"embeddable":true,"href":"https:\/\/radiofenix.com.ar\/2023\/wp-json\/wp\/v2\/media\/192270"}],"wp:attachment":[{"href":"https:\/\/radiofenix.com.ar\/2023\/wp-json\/wp\/v2\/media?parent=192269"}],"wp:term":[{"taxonomy":"category","embeddable":true,"href":"https:\/\/radiofenix.com.ar\/2023\/wp-json\/wp\/v2\/categories?post=192269"},{"taxonomy":"post_tag","embeddable":true,"href":"https:\/\/radiofenix.com.ar\/2023\/wp-json\/wp\/v2\/tags?post=192269"}],"curies":[{"name":"wp","href":"https:\/\/api.w.org\/{rel}","templated":true}]}}