{"id":192275,"date":"2023-12-30T08:57:57","date_gmt":"2023-12-30T08:57:57","guid":{"rendered":"https:\/\/radiofenix.com.ar\/2023\/villarruel-indico-que-trabajara-para-el-exito-de-la-administracion-de-milei\/"},"modified":"2023-12-30T08:57:57","modified_gmt":"2023-12-30T08:57:57","slug":"villarruel-indico-que-trabajara-para-el-exito-de-la-administracion-de-milei","status":"publish","type":"post","link":"https:\/\/radiofenix.com.ar\/2023\/villarruel-indico-que-trabajara-para-el-exito-de-la-administracion-de-milei\/","title":{"rendered":"Villarruel indic\u00f3 que trabajar\u00e1 para el &quot;\u00e9xito&quot; de la administraci\u00f3n de Milei"},"content":{"rendered":"<div>\n<figure class=\"mb-3\"><img decoding=\"async\" src=\"https:\/\/www.telam.com.ar\/thumbs\/bluesteel\/advf\/imagenes\/2023\/12\/657a09607e7e8.12.2023%20foto%20pepe%20mateos_1200.jpg\" class=\" lazy \" width=\"100%\" height=\"100%\" alt=\"Foto Pepe Mateos archivo\"\/><figcaption> Foto: Pepe Mateos (archivo). <\/figcaption><\/figure>\n<p>La vicepresidenta Victoria Villarruel asegur\u00f3 que trabajar\u00e1 desde la <strong>C\u00e1mara de Senadores para \u00abgarantizar\u00bb la gobernabilidad y el \u00ab\u00e9xito\u00bb de la administraci\u00f3n del jefe de Estado, Javier Milei<\/strong>, tras dar a conocer la lista de <u><strong><a href=\"https:\/\/www.telam.com.ar\/notas\/202312\/651054-senado-boleta-unica.html\" target=\"_blank\" rel=\"noopener\">las comisiones que se constituir\u00e1n desde la semana que viene durante el Per\u00edodo Extraordinario<\/a><\/strong><\/u> de Sesiones del Congreso convocado por el Poder Ejecutivo hasta el 31 de enero.<\/p>\n<p>\u00abTrabajaremos con esmero por recuperar la funci\u00f3n espec\u00edfica otorgada por la Constituci\u00f3n Nacional y garantizar la gobernabilidad y el \u00e9xito de la gesti\u00f3n del Presidente\u2026\u00bb, escribi\u00f3 Villarruel en su cuenta de la red social X.<\/p>\n<p>El posteo fue hecho en respuesta a la radical mendocina, Mariana Juri, quien agradeci\u00f3 la \u00abexcelente predisposici\u00f3n de @VickyVillarruel para cambiar la agenda del Senado\u00bb.<\/p>\n<p>\u00abElegir mejor es un gran aporte a la soluci\u00f3n de problemas. Celebro, adem\u00e1s, que el Senado comience a funcionar con otras prioridades distintas a los temas judiciales de (la ex presidenta de la Naci\u00f3n) Cristina\u00bb Fern\u00e1ndez de Kirchner, escribi\u00f3 Juri, quien ser\u00e1 parte de la Comisi\u00f3n de Asuntos Constitucionales.<\/p>\n<p>Esa Comisi\u00f3n, junto con Justicia y Asuntos Penales, ser\u00e1 constituida oficialmente el mi\u00e9rcoles de la semana que viene para comenzar a estudiar, ese mismo d\u00eda, el proyecto de Ley de Boleta \u00danica de Papel que ya tiene sanci\u00f3n de la C\u00e1mara de Diputados.<\/p>\n<p>\u00abUn honor especial ya que acordamos la pr\u00f3xima semana el tratamiento de #BoletaUnica para que los argentinos cuenten con esta valiosa herramienta que Mendoza prob\u00f3 con \u00e9xito\u00bb, agreg\u00f3.<\/p>\n<p>Por otro lado, fuentes oficiales informaron que Villarruel recibi\u00f3 en su despacho de la C\u00e1mara alta a los enlaces de las Fuerzas Armadas con motivo del saludo de presentaci\u00f3n.<\/p>\n<p>En la reuni\u00f3n estuvieron presentes, en representaci\u00f3n de la Fuerza Armada, el capit\u00e1n de Nav\u00edo Carlos Juli\u00e1n Miganne; de la Fuerza A\u00e9rea, comodoro Edgardo Singler y del Ej\u00e9rcito, coronel Francisco Jos\u00e9 Cajal; y tambi\u00e9n estuvo presente la diputada nacional Mar\u00eda Fernanda Araujo. <\/p>\n<\/div>\n<p><script async defer crossorigin=\"anonymous\" src=\"https:\/\/connect.facebook.net\/es_LA\/sdk.js#xfbml=1&#038;version=v12.0\" nonce=\"SBlHQzIF\"><\/script><br \/><a href=\"https:\/\/www.telam.com.ar\/notas\/202312\/651073-victoria-villarruel-javier-milei-senado-gobierno-nacional.html\">source<\/a><\/p>\n","protected":false},"excerpt":{"rendered":"<p>Foto: Pepe Mateos (archivo). La vicepresidenta Victoria Villarruel asegur\u00f3 que trabajar\u00e1 desde la C\u00e1mara de&#8230;<\/p>\n","protected":false},"author":0,"featured_media":192276,"comment_status":"open","ping_status":"open","sticky":false,"template":"","format":"standard","meta":{"footnotes":""},"categories":[2],"tags":[],"class_list":["post-192275","post","type-post","status-publish","format-standard","has-post-thumbnail","hentry","category-politica"],"featured_image_urls":{"full":["https:\/\/radiofenix.com.ar\/2023\/wp-content\/uploads\/2023\/12\/wp-header-logo-230.png",1200,675,false],"thumbnail":["https:\/\/radiofenix.com.ar\/2023\/wp-content\/uploads\/2023\/12\/wp-header-logo-230-150x150.png",150,150,true],"medium":["https:\/\/radiofenix.com.ar\/2023\/wp-content\/uploads\/2023\/12\/wp-header-logo-230-300x169.png",300,169,true],"medium_large":["https:\/\/radiofenix.com.ar\/2023\/wp-content\/uploads\/2023\/12\/wp-header-logo-230-768x432.png",640,360,true],"large":["https:\/\/radiofenix.com.ar\/2023\/wp-content\/uploads\/2023\/12\/wp-header-logo-230-1024x576.png",640,360,true],"1536x1536":["https:\/\/radiofenix.com.ar\/2023\/wp-content\/uploads\/2023\/12\/wp-header-logo-230.png",1200,675,false],"2048x2048":["https:\/\/radiofenix.com.ar\/2023\/wp-content\/uploads\/2023\/12\/wp-header-logo-230.png",1200,675,false],"newsium-slider-full":["https:\/\/radiofenix.com.ar\/2023\/wp-content\/uploads\/2023\/12\/wp-header-logo-230.png",1200,675,false],"newsium-featured":["https:\/\/radiofenix.com.ar\/2023\/wp-content\/uploads\/2023\/12\/wp-header-logo-230-1024x576.png",1024,576,true],"newsium-medium":["https:\/\/radiofenix.com.ar\/2023\/wp-content\/uploads\/2023\/12\/wp-header-logo-230-720x475.png",720,475,true]},"author_info":{"info":[""]},"category_info":"<a href=\"https:\/\/radiofenix.com.ar\/2023\/category\/politica\/\" rel=\"category tag\">Pol\u00edtica<\/a>","tag_info":"Pol\u00edtica","comment_count":"0","_links":{"self":[{"href":"https:\/\/radiofenix.com.ar\/2023\/wp-json\/wp\/v2\/posts\/192275","targetHints":{"allow":["GET"]}}],"collection":[{"href":"https:\/\/radiofenix.com.ar\/2023\/wp-json\/wp\/v2\/posts"}],"about":[{"href":"https:\/\/radiofenix.com.ar\/2023\/wp-json\/wp\/v2\/types\/post"}],"replies":[{"embeddable":true,"href":"https:\/\/radiofenix.com.ar\/2023\/wp-json\/wp\/v2\/comments?post=192275"}],"version-history":[{"count":0,"href":"https:\/\/radiofenix.com.ar\/2023\/wp-json\/wp\/v2\/posts\/192275\/revisions"}],"wp:featuredmedia":[{"embeddable":true,"href":"https:\/\/radiofenix.com.ar\/2023\/wp-json\/wp\/v2\/media\/192276"}],"wp:attachment":[{"href":"https:\/\/radiofenix.com.ar\/2023\/wp-json\/wp\/v2\/media?parent=192275"}],"wp:term":[{"taxonomy":"category","embeddable":true,"href":"https:\/\/radiofenix.com.ar\/2023\/wp-json\/wp\/v2\/categories?post=192275"},{"taxonomy":"post_tag","embeddable":true,"href":"https:\/\/radiofenix.com.ar\/2023\/wp-json\/wp\/v2\/tags?post=192275"}],"curies":[{"name":"wp","href":"https:\/\/api.w.org\/{rel}","templated":true}]}}