{"id":192277,"date":"2023-12-30T08:57:59","date_gmt":"2023-12-30T08:57:59","guid":{"rendered":"https:\/\/radiofenix.com.ar\/2023\/no-va-mas-el-diablo-no-juega-a-los-dados-un-secuestrado-como-victimario\/"},"modified":"2023-12-30T08:57:59","modified_gmt":"2023-12-30T08:57:59","slug":"no-va-mas-el-diablo-no-juega-a-los-dados-un-secuestrado-como-victimario","status":"publish","type":"post","link":"https:\/\/radiofenix.com.ar\/2023\/no-va-mas-el-diablo-no-juega-a-los-dados-un-secuestrado-como-victimario\/","title":{"rendered":"&quot;No va m\u00e1s, el diablo no juega a los dados&quot;: un secuestrado como victimario"},"content":{"rendered":"<div>\n<figure class=\"mb-3\"><img decoding=\"async\" src=\"https:\/\/www.telam.com.ar\/thumbs\/bluesteel\/advf\/imagenes\/2023\/12\/658f2559cb4b0_1200.jpg\" class=\" lazy \" width=\"100%\" height=\"100%\" alt=\"Carlos Portaluppi Carlos Kaspar y Marcos Montes los tres protagonistas de la pelcula foto prensa \"\/><figcaption> Carlos Portaluppi, Carlos Kaspar y Marcos Montes, los tres protagonistas de la pel\u00edcula. foto prensa <\/figcaption><\/figure>\n<p> Dos parias en el extremo de la crisis econ\u00f3mica deciden secuestrar a un empresario que, desde su lugar de v\u00edctima, asume un rol de poder que enloquece y confunde a sus captores en \u00abNo va m\u00e1s, el diablo no juega a los dados\u00bb, nueva pel\u00edcula de Alex Tossenberger y del fallecido Julio Ordano que ya se encuentra en salas del pa\u00eds.<\/p>\n<p>\u00abLa idea surge de un bosquejo de un principio de obra de teatro escrito por Julio Ordano, maestro y director de teatro, que al leerlo me entusiasm\u00f3 para poder llevarlo al cine. Le hice una propuesta a Julio, que era no solo adaptar el guion para cine sino tambi\u00e9n poder codirigir la pel\u00edcula. Terminamos el guion, lo presentamos en el<strong> Incaa <\/strong>y para suerte de nosotros sali\u00f3 <strong>declarado de inter\u00e9s por unanimidad y con rapidez<\/strong>\u00ab, record\u00f3 Tossenberger en charla con T\u00e9lam.<\/p>\n<p>Encerrados en lo que pareciera ser un galp\u00f3n de f\u00e1brica abandonado, los directores metieron a los tres protagonistas (Carlos Portaluppi, Carlos Kaspar y Marcos Montes) para una pel\u00edcula coral en la que los roles se van confundiendo y entremezclando entre el drama, el suspenso y hasta momentos del cine que puede asemejarse al terror, con la psicopat\u00eda del secuestrado (Kaspar) a flor de piel.<\/p>\n<p>\u00abComenzamos a trabajar en c\u00f3mo encarar la puesta de una pel\u00edcula que tenia el desaf\u00edo de r<strong>ealizarla en una sola locaci\u00f3n<\/strong>: modos de desplazamientos, perfil de los personajes, tipo de fotograf\u00eda, pero durante este proceso Julio lamentablemente muere. Con Vanesa Gim\u00e9nez, la productora ejecutiva tomamos la decisi\u00f3n de seguir con el mismo y as\u00ed pudimos terminar la filmaci\u00f3n. As\u00ed quedo &#8216;No va m\u00e1s, el diablo no juega a los dados&#8217;, <strong>una pel\u00edcula con la cual estamos muy contentos y donde qued\u00f3 plasmado tambi\u00e9n un homenaje al maestro y destacado director de teatro argentino\u00bb<\/strong>, se\u00f1al\u00f3 el director.<\/p>\n<p>No es la \u00fanica pel\u00edcula en la que Tossenberger discute y reflexiona sobre los roles. En s<strong>u \u00abQTH\u00bb de 2017 <\/strong>pos\u00f3 su c\u00e1mara en la relaci\u00f3n de <strong>cuatro soldados en plena Guerra de Malvinas <\/strong>que esperan \u00f3rdenes desde una inh\u00f3spita y buc\u00f3lica bah\u00eda en Tierra del Fuego. Se trata de un suboficial, un cabo y dos conscriptos, cuya misi\u00f3n es proteger la entrada estrat\u00e9gica del Canal de Beagle ante un posible desembarco de los ingleses en el continente argentino, perturbados por la incertidumbre, con pocos recursos y transitando situaciones extremas de presi\u00f3n psicol\u00f3gica con un clima adverso.<\/p>\n<p><figure class=\"mb-3\"><img decoding=\"async\" src=\"https:\/\/www.telam.com.ar\/thumbs\/bluesteel\/advf\/imagenes\/2023\/12\/658f2559b777b_1200.jpg\" class=\" lazy \" width=\"100%\" height=\"100%\" alt=\"No va ms el diablo no juega a los dados nueva pelcula de Alex Tossenberger y Julio Ordano foto prensa \"\/><figcaption> \u00abNo va m\u00e1s, el diablo no juega a los dados\u00bb, nueva pel\u00edcula de Alex Tossenberger y Julio Ordano. foto prensa <\/figcaption><\/figure>\n<p>Adem\u00e1s, a comienzos de este a\u00f1o, estren\u00f3 <strong>\u00abUn bosque en silencio\u00bb<\/strong>, en la cual readapta la <strong>tragedia de \u00abRomeo y Julieta\u00bb<\/strong> enfrentando a unos Capuletos y Montescos de Ushuaia, aunque con un fuerte condimento clasista de discriminaci\u00f3n.<\/p>\n<p>Su filmograf\u00eda incluye otras<strong> pel\u00edculas filmadas en la Patagonia, <\/strong>como \u00ab<strong>La guarida del lobo\u00bb<\/strong> y <strong>\u00abGigantes de Vald\u00e9s\u00bb.<\/strong> Tossenberger encontr\u00f3 que su modelo de producci\u00f3n funciona trabajando en el sur del pa\u00eds y, con su productora, ven la posibilidad de mantenerse filmando en el fr\u00edo clima patag\u00f3nico.<\/p>\n<p><strong>&#8211; \u00bfSe puede pensar al secuestrado como un alter ego de los secuestradores? \u00bfPor qu\u00e9?<\/strong><br \/>&#8211; El personaje del secuestrado, si bien est\u00e1 bien definido, en el proceso de la pel\u00edcula va adquiriendo matices que hacen que lo podamos pensar como alter ego de los secuestradores, no por su condici\u00f3n de secuestrado, sino por los personajes que va asumiendo y que cada uno de ellos son la contraparte de la condici\u00f3n de los secuestradores. Los secuestradores quedan atrapados en tratar de definir qui\u00e9n es su interlocutor, de descubrir de qui\u00e9n se trata en realidad para as\u00ed poder moverse y tomar decisiones.<\/p>\n<p><figure class=\"mb-3\"><img decoding=\"async\" src=\"https:\/\/www.telam.com.ar\/thumbs\/bluesteel\/advf\/imagenes\/2023\/12\/658f256e56599_1200.jpg\" class=\" lazy \" width=\"100%\" height=\"100%\" alt=\"foto prensa \"\/><figcaption> foto prensa <\/figcaption><\/figure>\n<p><strong>&#8211; \u00bfCre\u00e9s que la desesperaci\u00f3n de una persona puede justificar el delito como, en este caso, un secuestro?<\/strong><br \/>&#8211; Yo personalmente no justifico el delito en ninguna circunstancia, pero puedo comprender los l\u00edmites de las personas. En este caso es una gran met\u00e1fora y pregunta de hasta d\u00f3nde puede llegar el esp\u00edritu y resistencia de las personas. Los secuestradores toman una decisi\u00f3n desesperada, sin estar totalmente convencidos de lo que est\u00e1n haciendo; realizan el acto al mismo tiempo que lo cuestionan, viven todo el proceso de la historia en conflicto. La desesperaci\u00f3n se convierte poco a poco no en una toma de decisi\u00f3n sino en una amenaza y peligrosidad para ellos mismos.<\/p>\n<p><strong>&#8211; A su vez, \u00bfla falta de escr\u00fapulos del secuestrado se justifica por su condici\u00f3n o cre\u00e9s que hasta en este tipo de situaciones uno debe mantener en pie ciertos valores morales?<\/strong><br \/>&#8211; El secuestrado asume m\u00faltiples personalidades y representan siempre el lugar del supuesto poder. Su falta de escr\u00fapulos tiene que ver justamente con el manejo del poder, con la construcci\u00f3n de ese poder, que en la medida que va creciendo, la situaci\u00f3n de dominio hace que pueda imponer su voluntad. Los valores morales se convierten en letra muerta en la medida en que es el poder el que puede decir, hablar disolver o modificar justamente esos valores.<\/p>\n<p><\/div>\n<p><script async defer crossorigin=\"anonymous\" src=\"https:\/\/connect.facebook.net\/es_LA\/sdk.js#xfbml=1&#038;version=v12.0\" nonce=\"SBlHQzIF\"><\/script><br \/><a href=\"https:\/\/www.telam.com.ar\/notas\/202312\/651059-no-va-mas-el-diablo-no-juega-a-los-dados-un-secuestrado-como-victimario-de-sus-captores.html\">source<\/a><\/p>\n","protected":false},"excerpt":{"rendered":"<p>Carlos Portaluppi, Carlos Kaspar y Marcos Montes, los tres protagonistas de la pel\u00edcula. foto prensa&#8230;<\/p>\n","protected":false},"author":0,"featured_media":192278,"comment_status":"open","ping_status":"open","sticky":false,"template":"","format":"standard","meta":{"footnotes":""},"categories":[4],"tags":[],"class_list":["post-192277","post","type-post","status-publish","format-standard","has-post-thumbnail","hentry","category-espectaculos"],"featured_image_urls":{"full":["https:\/\/radiofenix.com.ar\/2023\/wp-content\/uploads\/2023\/12\/wp-header-logo-231.png",1200,675,false],"thumbnail":["https:\/\/radiofenix.com.ar\/2023\/wp-content\/uploads\/2023\/12\/wp-header-logo-231-150x150.png",150,150,true],"medium":["https:\/\/radiofenix.com.ar\/2023\/wp-content\/uploads\/2023\/12\/wp-header-logo-231-300x169.png",300,169,true],"medium_large":["https:\/\/radiofenix.com.ar\/2023\/wp-content\/uploads\/2023\/12\/wp-header-logo-231-768x432.png",640,360,true],"large":["https:\/\/radiofenix.com.ar\/2023\/wp-content\/uploads\/2023\/12\/wp-header-logo-231-1024x576.png",640,360,true],"1536x1536":["https:\/\/radiofenix.com.ar\/2023\/wp-content\/uploads\/2023\/12\/wp-header-logo-231.png",1200,675,false],"2048x2048":["https:\/\/radiofenix.com.ar\/2023\/wp-content\/uploads\/2023\/12\/wp-header-logo-231.png",1200,675,false],"newsium-slider-full":["https:\/\/radiofenix.com.ar\/2023\/wp-content\/uploads\/2023\/12\/wp-header-logo-231.png",1200,675,false],"newsium-featured":["https:\/\/radiofenix.com.ar\/2023\/wp-content\/uploads\/2023\/12\/wp-header-logo-231-1024x576.png",1024,576,true],"newsium-medium":["https:\/\/radiofenix.com.ar\/2023\/wp-content\/uploads\/2023\/12\/wp-header-logo-231-720x475.png",720,475,true]},"author_info":{"info":[""]},"category_info":"<a href=\"https:\/\/radiofenix.com.ar\/2023\/category\/espectaculos\/\" rel=\"category tag\">Espectaculos<\/a>","tag_info":"Espectaculos","comment_count":"0","_links":{"self":[{"href":"https:\/\/radiofenix.com.ar\/2023\/wp-json\/wp\/v2\/posts\/192277","targetHints":{"allow":["GET"]}}],"collection":[{"href":"https:\/\/radiofenix.com.ar\/2023\/wp-json\/wp\/v2\/posts"}],"about":[{"href":"https:\/\/radiofenix.com.ar\/2023\/wp-json\/wp\/v2\/types\/post"}],"replies":[{"embeddable":true,"href":"https:\/\/radiofenix.com.ar\/2023\/wp-json\/wp\/v2\/comments?post=192277"}],"version-history":[{"count":0,"href":"https:\/\/radiofenix.com.ar\/2023\/wp-json\/wp\/v2\/posts\/192277\/revisions"}],"wp:featuredmedia":[{"embeddable":true,"href":"https:\/\/radiofenix.com.ar\/2023\/wp-json\/wp\/v2\/media\/192278"}],"wp:attachment":[{"href":"https:\/\/radiofenix.com.ar\/2023\/wp-json\/wp\/v2\/media?parent=192277"}],"wp:term":[{"taxonomy":"category","embeddable":true,"href":"https:\/\/radiofenix.com.ar\/2023\/wp-json\/wp\/v2\/categories?post=192277"},{"taxonomy":"post_tag","embeddable":true,"href":"https:\/\/radiofenix.com.ar\/2023\/wp-json\/wp\/v2\/tags?post=192277"}],"curies":[{"name":"wp","href":"https:\/\/api.w.org\/{rel}","templated":true}]}}