{"id":192279,"date":"2023-12-30T08:58:01","date_gmt":"2023-12-30T08:58:01","guid":{"rendered":"https:\/\/radiofenix.com.ar\/2023\/a-19-anos-de-cromanon-sobrevivientes-celebran-que-sea-una-causa-nacional-y-de-ddhh\/"},"modified":"2023-12-30T08:58:01","modified_gmt":"2023-12-30T08:58:01","slug":"a-19-anos-de-cromanon-sobrevivientes-celebran-que-sea-una-causa-nacional-y-de-ddhh","status":"publish","type":"post","link":"https:\/\/radiofenix.com.ar\/2023\/a-19-anos-de-cromanon-sobrevivientes-celebran-que-sea-una-causa-nacional-y-de-ddhh\/","title":{"rendered":"A 19 a\u00f1os de Croma\u00f1\u00f3n, sobrevivientes celebran que sea una &quot;causa nacional&quot; y de DDHH"},"content":{"rendered":"<div>\n<figure class=\"mb-3\"><img decoding=\"async\" src=\"https:\/\/www.telam.com.ar\/thumbs\/bluesteel\/advf\/imagenes\/editadas\/658ef398755e0_1200.jpg\" class=\" lazy \" width=\"100%\" height=\"100%\" alt=\"Se cumplen 19 aos del incendio en el que murieron 194 personas el 30 de diciembre de 2004 foto Cris Sille\"\/><figcaption> Se cumplen 19 a\u00f1os del incendio en el que murieron 194 personas el 30 de diciembre de 2004. foto Cris Sille <\/figcaption><\/figure>\n<p> El estatus de Monumento Hist\u00f3rico Nacional que obtuvo el <strong>ex boliche Rep\u00fablica Croma\u00f1\u00f3n<\/strong> y la reciente reglamentaci\u00f3n de la <strong>ley 27.695,<\/strong> que permite la creaci\u00f3n de un espacio de memoria en ese lugar, \u00ababren una puerta trascendental\u00bb en el proceso de justicia al reconocer lo que sucedi\u00f3 como una \u00ab<strong>causa nacional y de derechos humanos\u00bb,<\/strong> subrayaron sobrevivientes a 19 a\u00f1os del incendio en el que <strong>murieron 194 personas el 30 de diciembre de 2004.<\/strong><\/p>\n<p>\u00abLa experiencia de la sanci\u00f3n de la ley permite abrir una puerta trascendental. En primer lugar porque Croma\u00f1\u00f3n fue reconocida como una causa nacional y en segundo, porque posibilita la novedad de institucionalizar y enmarcar Croma\u00f1\u00f3n como una causa de los derechos humanos. Asumirla como tal, permite profundizar y ampliar las pol\u00edticas p\u00fablicas de memoria, verdad y justicia\u00bb, expres\u00f3 a T\u00e9lam <strong>Nicol\u00e1s Pappolla, sobreviviente de Croma\u00f1\u00f3n e integrante de El Camino es Cultural.<\/strong><\/p>\n<p>El <strong>1\u00b0 de diciembre pasado,<\/strong> el Gobierno nacional reglament\u00f3 la <strong>ley 27.695 <\/strong>-sancionada en octubre de 2022- que declar\u00f3 <strong>\u00abde utilidad p\u00fablica y sujeto a expropiaci\u00f3n\u00bb <\/strong>los inmuebles ubicados en Bartolom\u00e9 Mitre 3038\/78 y Jean Jaures, en el barrio porte\u00f1o de Balvanera, donde funcion\u00f3 Croma\u00f1\u00f3n, cuya autoridad de aplicaci\u00f3n es la <strong>Secretaria de Derechos Humanos.<\/strong><\/p>\n<p>A su vez, el<strong> decreto 571\/2023<\/strong> de noviembre de este a\u00f1o declar\u00f3 a <strong>Croma\u00f1\u00f3n Museo Hist\u00f3rico Nacional<\/strong>, al \u00ab<strong>Paseo de Los Pibes de Croma\u00f1\u00f3n\u00bb como Lugar Hist\u00f3rico Naciona<\/strong>l y a la <strong>Colecci\u00f3n Croma\u00f1\u00f3n<\/strong> alojada en el Archivo Nacional de la Memoria como <strong>Bien de Inter\u00e9s Hist\u00f3rico Nacional.<\/strong><\/p>\n<p>\u00abLo m\u00e1s importante de estos \u00faltimos logros es que <strong>permiten preservar, mantener viva la memoria<\/strong>. Que ese lugar sea preservado por el Estado es justicia tambi\u00e9n para muchas de nosotras y nosotros. Es un paso m\u00e1s hacia la conquista de derechos humanos que son inacabados y siempre hay que ir por m\u00e1s\u00bb, analiz\u00f3 en di\u00e1logo con T\u00e9lam la <strong>sobreviviente Celeste Oyola.<\/strong><\/p>\n<p>La decisi\u00f3n de incluir a Croma\u00f1\u00f3n como patrimonio nacional fue lograda a partir de un \u00abtrabajo arduo\u00bb entre la Comisi\u00f3n Nacional de Monumentos, de Lugares y de Bienes Hist\u00f3ricos del Ministerio de Cultura de la Naci\u00f3n, las organizaciones de sobrevivientes y familiares de v\u00edctimas y la Secretar\u00eda de Derechos Humanos de la Naci\u00f3n.<\/p>\n<p><figure class=\"mb-3\"><img decoding=\"async\" src=\"https:\/\/www.telam.com.ar\/thumbs\/bluesteel\/advf\/imagenes\/2023\/12\/658ef33e45189_1200.jpg\" class=\" lazy \" width=\"100%\" height=\"100%\" alt=\"Sobrevivientes de la tragedia de Cromaon Celeste Oyola y Silvia Bignami foto Pablo Aeli\"\/><figcaption> Sobrevivientes de la tragedia de Croma\u00f1on, Celeste Oyola y Silvia Bignami. foto Pablo A\u00f1eli <\/figcaption><\/figure>\n<p>Se trata de \u00abuna ruptura con la vieja concepci\u00f3n del patrimonio, al superar las miradas esteticistas y hegem\u00f3nicas y al dar cuenta del conflicto que entra\u00f1an las memorias del trauma\u00bb, subray\u00f3 <strong>M\u00f3nica Capano, titular de la Comisi\u00f3n.<\/strong><\/p>\n<p>\u00abEstos lugares que hoy pasan a ser patrimonio de la Patria han sido escenario de una masacre cuyas heridas, de alguna manera con este decreto, el Estado argentino contribuye a saldar\u00bb, sostuvo cuando fue publicado el decreto.<\/p>\n<p>Desde el 2004, <strong>el local Croma\u00f1\u00f3n no volvi\u00f3 a abrir sus puertas, <\/strong>con excepci\u00f3n de las pericias judiciales que se hicieron en su momento.<\/p>\n<p>El<strong> Decreto 652\/2023<\/strong> design\u00f3 al <strong>Ministerio de Justicia y Derechos Humanos como \u00absujeto expropiante de los inmuebles<\/strong>\u00bb y lo instruy\u00f3 para que coordine las acciones necesarias con el fin de \u00abefectivizar el inmediato uso del inmueble sujeto a expropiaci\u00f3n\u00bb.<\/p>\n<p>Para lograr la expropiaci\u00f3n la <strong>Administraci\u00f3n de Bienes del Estado<\/strong> solicit\u00f3 meses atr\u00e1s la <strong>tasaci\u00f3n del inmueble<\/strong> al Tribunal Nacional de Tasaci\u00f3n que, a su vez, solicit\u00f3 el acceso al inmueble para realizar la inspecci\u00f3n.<\/p>\n<p>\u00abEstamos esperando que nos indiquen la persona de contacto para coordinar la fecha de la inspecci\u00f3n. Sin la inspecci\u00f3n no se puede realizar la tasaci\u00f3n\u00bb, inform\u00f3 a esta agencia Diego Martin, presidente del Tribunal, quien consider\u00f3 \u00abfundamental ver en la inspecci\u00f3n el estado en que se encuentra el inmueble\u00bb.<\/p>\n<p>Las y los sobrevivientes imaginan que Croma\u00f1\u00f3n <strong>se convertir\u00e1 en un espacio \u00abdonde habite la vida\u00bb.<\/strong><\/p>\n<p>\u00abImaginamos un lugar donde vuelva a entrar luz, se abran las puertas, y la vida le gane a la muerte. Que la cultura, el arte, la juventud y la sociedad le den color y latir al lugar, porque tambi\u00e9n ser\u00e1 de ellos y ellas\u00bb, describi\u00f3 Pappolla.<\/p>\n<p>Oyola tambi\u00e9n busca que \u00ab<strong>cada uno que visite Croma\u00f1\u00f3n se lleve un relato m\u00e1s humano\u00bb<\/strong> y \u00abque las generaciones que vienen puedan entrar y salir con esperanza\u00bb.<\/p>\n<p><figure class=\"mb-3\"><img decoding=\"async\" src=\"https:\/\/www.telam.com.ar\/thumbs\/bluesteel\/advf\/imagenes\/editadas\/658ef3a800e94_1200.jpg\" class=\" lazy \" width=\"100%\" height=\"100%\" alt=\"foto Cris Sille\"\/><figcaption> foto Cris Sille <\/figcaption><\/figure>\n<p><\/p>\n<h2 class=\"\">Una masacre y no una tragedia<\/h2>\n<p>Las organizaciones de v\u00edctimas buscan justicia y una reparaci\u00f3n de parte del Estado desde hace casi dos d\u00e9cadas, en las que procuraron<strong> instalar que Croma\u00f1\u00f3n fue una \u00abmasacre<\/strong>\u00bb y <strong>no una \u00abtragedia\u00bb<\/strong> para subrayar la <strong>responsabilidad institucional del hecho.<\/strong><\/p>\n<p>\u00abSi bien desde el principio algunas v\u00edctimas fueron solicitando <strong>reparaciones econ\u00f3micas por v\u00eda civil <\/strong>y el <strong>Estado cre\u00f3 un subsidio para algunas<\/strong>, no puede decirse que eso sea una pol\u00edtica reparatoria. Para las v\u00edctimas la reparaci\u00f3n est\u00e1 relacionada con la justicia, la memoria, el reconocimiento, lo subjetivo y psicol\u00f3gico\u00bb, explic\u00f3 a T\u00e9lam el <strong>doctor en Antropolog\u00eda social por la Universidad de Buenos Aires e investigador adjunto del Conicet, Diego Zenobi.<\/strong><\/p>\n<p>Y agreg\u00f3 que \u00ab<strong>esta respuesta del Estado llega tarde, aunque es bienvenida, y es producto de la articulaci\u00f3n, el trabajo y la movilizaci\u00f3n de las propias v\u00edctimas\u00bb.<\/strong><\/p>\n<p>\u00abCada conquista se construy\u00f3 de abajo para arriba, desde la organizaci\u00f3n y las convicciones, pero por sobre todas las cosas bajo un deseo que creo es transversal entre todos y todas los sobrevivientes y todos los familiares, que Croma\u00f1\u00f3n nunca m\u00e1s se repita, y la memoria por los pibes y las pibas le ganen al olvido\u00bb, comparti\u00f3 Pappolla.<\/p>\n<p>\u00abEn la puerta del 2024 nos encontramos con poner en pr\u00e1ctica lo aprendido. En el formato que encontremos Croma\u00f1\u00f3n nos ense\u00f1\u00f3. En estos casi 20 a\u00f1os se ha hecho un recorrido y se ha marcado para generaciones que vienen por d\u00f3nde hay que ir y c\u00f3mo nunca abandonar las causas porque cuando son nobles el resultado llega\u00bb, concluy\u00f3 Oyola.<\/p>\n<p><strong>El 30 de diciembre del 2004, 194 personas murieron y m\u00e1s de 1.500 resultaron heridas<\/strong> al quedar atrapadas en un incendio en el ex boliche Rep\u00fablica Croma\u00f1\u00f3n durante un recital de la banda de rock Callejeros.<\/p>\n<div class=\"jumbotron pt-4 mt-3\">\n<h3 class=\"module-title\">Realizan distintas actividades en homenaje a sobrevivientes y v\u00edctimas de Croma\u00f1\u00f3n<\/h3>\n<p>Sobrevivientes y familiares de v\u00edctimas de Croma\u00f1\u00f3n realizar\u00e1n <strong>este viernes y s\u00e1bado <\/strong>distintas actividades a 19 a\u00f1os del incendio en el boliche del barrio porte\u00f1o de Balvanera en el que <strong>murieron 194 personas<\/strong> durante un recital el <strong>30 de diciembre de 2004.<\/strong><\/p>\n<p>Con motivo del aniversario, la <strong>Coordinadora Croma\u00f1\u00f3n<\/strong> realizar\u00e1 el encuentro <strong>\u00abCroma\u00f1\u00f3n nos pas\u00f3 a todxs<\/strong>\u00bb este viernes desde las 17 en la estaci\u00f3n Tapiales de la l\u00ednea Belgrano Sur, en el partido bonaerense de La Matanza, \u00abpara recordar con m\u00fasica, alegr\u00eda y en familia\u00bb.<\/p>\n<p>Por otra parte, el <strong>s\u00e1bado desde las 17<\/strong> la organizaci\u00f3n<strong> No Nos Cuenten Croma\u00f1\u00f3n<\/strong> llevar\u00e1 adelante una evento en homenaje a v\u00edctimas y sobrevivientes <strong>en el Obelisco<\/strong>, en el barrio porte\u00f1o de San Nicol\u00e1s, con <strong>artistas invitados<\/strong> y la <strong>presentaci\u00f3n del libro Voces, Tiempo, Verdad, escrito por Bruno Larocca.<\/strong><\/p>\n<p>Este evento tambi\u00e9n se podr\u00e1 <strong>ver por streaming <\/strong>con registro previo en www.acto.nonoscuenten.com.ar.<\/p>\n<p>Tambi\u00e9n el s\u00e1bado, <strong>Movimiento Croma\u00f1\u00f3n<\/strong> realizar\u00e1 una jornada durante todo el d\u00eda que comenzar\u00e1 a las 10 en<strong> el Santuario de Once<\/strong> lindero al ex boliche Croma\u00f1\u00f3n, continuar\u00e1 con una <strong>misa a las 18 en la Catedral Metropolitana de Buenos Aires<\/strong>, seguido de una <strong>conferencia de prensa en Plaza de Mayo <\/strong>y a las 19.30 tendr\u00e1 lugar una <strong>marcha hasta el Santuario <\/strong>con un <strong>acto de homenaje de cierre.<\/strong><\/p>\n<p>\u00abAl cumplirse 19 a\u00f1os de la Masacre de Croma\u00f1\u00f3n, nos convocamos a poner el cuerpo en las calles por Memoria, verdad y justicia y contra la impunidad de ayer y de hoy\u00bb, sostuvieron desde Movimiento Croma\u00f1\u00f3n en la difusi\u00f3n de la actividad, mientras agregaron: \u00abM\u00e1s que nunca es importante juntarnos, expresarnos colectivamente, pintar, gritar, cantar, marchar\u00bb.<\/p>\n<\/p><\/div>\n<\/p><\/div>\n<p><script async defer crossorigin=\"anonymous\" src=\"https:\/\/connect.facebook.net\/es_LA\/sdk.js#xfbml=1&#038;version=v12.0\" nonce=\"SBlHQzIF\"><\/script><br \/><a href=\"https:\/\/www.telam.com.ar\/notas\/202312\/651088-a-19-anos-de-cromanon-sobrevivientes-celebran-que-sea-una-causa-nacional-y-de-derechos-humanos.html\">source<\/a><\/p>\n","protected":false},"excerpt":{"rendered":"<p>Se cumplen 19 a\u00f1os del incendio en el que murieron 194 personas el 30 de&#8230;<\/p>\n","protected":false},"author":2,"featured_media":192280,"comment_status":"open","ping_status":"open","sticky":false,"template":"","format":"standard","meta":{"footnotes":""},"categories":[6],"tags":[],"class_list":["post-192279","post","type-post","status-publish","format-standard","has-post-thumbnail","hentry","category-ultimasnoticias"],"featured_image_urls":{"full":["https:\/\/radiofenix.com.ar\/2023\/wp-content\/uploads\/2023\/12\/wp-header-logo-232.png",900,506,false],"thumbnail":["https:\/\/radiofenix.com.ar\/2023\/wp-content\/uploads\/2023\/12\/wp-header-logo-232-150x150.png",150,150,true],"medium":["https:\/\/radiofenix.com.ar\/2023\/wp-content\/uploads\/2023\/12\/wp-header-logo-232-300x169.png",300,169,true],"medium_large":["https:\/\/radiofenix.com.ar\/2023\/wp-content\/uploads\/2023\/12\/wp-header-logo-232-768x432.png",640,360,true],"large":["https:\/\/radiofenix.com.ar\/2023\/wp-content\/uploads\/2023\/12\/wp-header-logo-232.png",640,360,false],"1536x1536":["https:\/\/radiofenix.com.ar\/2023\/wp-content\/uploads\/2023\/12\/wp-header-logo-232.png",900,506,false],"2048x2048":["https:\/\/radiofenix.com.ar\/2023\/wp-content\/uploads\/2023\/12\/wp-header-logo-232.png",900,506,false],"newsium-slider-full":["https:\/\/radiofenix.com.ar\/2023\/wp-content\/uploads\/2023\/12\/wp-header-logo-232.png",900,506,false],"newsium-featured":["https:\/\/radiofenix.com.ar\/2023\/wp-content\/uploads\/2023\/12\/wp-header-logo-232.png",900,506,false],"newsium-medium":["https:\/\/radiofenix.com.ar\/2023\/wp-content\/uploads\/2023\/12\/wp-header-logo-232-720x475.png",720,475,true]},"author_info":{"info":["c1500921"]},"category_info":"<a href=\"https:\/\/radiofenix.com.ar\/2023\/category\/ultimasnoticias\/\" rel=\"category tag\">Ultimas Noticias<\/a>","tag_info":"Ultimas Noticias","comment_count":"0","_links":{"self":[{"href":"https:\/\/radiofenix.com.ar\/2023\/wp-json\/wp\/v2\/posts\/192279","targetHints":{"allow":["GET"]}}],"collection":[{"href":"https:\/\/radiofenix.com.ar\/2023\/wp-json\/wp\/v2\/posts"}],"about":[{"href":"https:\/\/radiofenix.com.ar\/2023\/wp-json\/wp\/v2\/types\/post"}],"author":[{"embeddable":true,"href":"https:\/\/radiofenix.com.ar\/2023\/wp-json\/wp\/v2\/users\/2"}],"replies":[{"embeddable":true,"href":"https:\/\/radiofenix.com.ar\/2023\/wp-json\/wp\/v2\/comments?post=192279"}],"version-history":[{"count":0,"href":"https:\/\/radiofenix.com.ar\/2023\/wp-json\/wp\/v2\/posts\/192279\/revisions"}],"wp:featuredmedia":[{"embeddable":true,"href":"https:\/\/radiofenix.com.ar\/2023\/wp-json\/wp\/v2\/media\/192280"}],"wp:attachment":[{"href":"https:\/\/radiofenix.com.ar\/2023\/wp-json\/wp\/v2\/media?parent=192279"}],"wp:term":[{"taxonomy":"category","embeddable":true,"href":"https:\/\/radiofenix.com.ar\/2023\/wp-json\/wp\/v2\/categories?post=192279"},{"taxonomy":"post_tag","embeddable":true,"href":"https:\/\/radiofenix.com.ar\/2023\/wp-json\/wp\/v2\/tags?post=192279"}],"curies":[{"name":"wp","href":"https:\/\/api.w.org\/{rel}","templated":true}]}}