{"id":192283,"date":"2023-12-31T08:57:42","date_gmt":"2023-12-31T08:57:42","guid":{"rendered":"https:\/\/radiofenix.com.ar\/2023\/la-campana-liderada-por-ginobili-recaudo-us-5-millones-para-los-damnificados\/"},"modified":"2023-12-31T08:57:42","modified_gmt":"2023-12-31T08:57:42","slug":"la-campana-liderada-por-ginobili-recaudo-us-5-millones-para-los-damnificados","status":"publish","type":"post","link":"https:\/\/radiofenix.com.ar\/2023\/la-campana-liderada-por-ginobili-recaudo-us-5-millones-para-los-damnificados\/","title":{"rendered":"La campa\u00f1a liderada por Gin\u00f3bili recaud\u00f3 U$S 5 millones para los damnificados"},"content":{"rendered":"<div>\n<figure class=\"mb-3\"><img decoding=\"async\" src=\"https:\/\/www.telam.com.ar\/thumbs\/bluesteel\/advf\/imagenes\/2023\/12\/658ef5002defc_1200.jpg\" class=\" lazy \" width=\"100%\" height=\"100%\" alt=\"Foto Facebook Federico Susbielles\"\/><figcaption> Foto: Facebook Federico Susbielles <\/figcaption><\/figure>\n<p> La <strong>campa\u00f1a denominada #FuerzaBah\u00eda<\/strong>, liderada por el <strong>ex basquetbolista Emanuel Gin\u00f3bili junto a otros deportistas, artistas y referentes<\/strong> de la cultural, recaud\u00f3 hasta el momento unos 5 millones de d\u00f3lares en el marco de una cruzada solidaria tras el temporal del 16 de diciembre en el partido bonaerense de Bah\u00eda Blanca.<\/p>\n<p>As\u00ed lo inform\u00f3 este viernes el<strong> intendente Federico Susbielles<\/strong>, al indicar que la campa\u00f1a \u00abentregar\u00e1 el equivalente a 2,5 millones de raciones de comidas para sectores vulnerables\u00bb.<\/p>\n<p>\u00abGracias a ustedes tenemos<strong> seguridad alimentaria garantizada por seis meses<\/strong>\u00ab, puntualiz\u00f3 el intendente en su cuenta oficial de la red social X.<\/p>\n<blockquote class=\"twitter-tweet\">\n<p lang=\"es\" dir=\"ltr\">Una cruzada solidaria hist\u00f3rica de bahienses por bahienses <\/p>\n<p>La campa\u00f1a <a href=\"https:\/\/twitter.com\/hashtag\/FuerzaBahia?src=hash&amp;ref_src=twsrc%5Etfw\">#FuerzaBahia<\/a>, impulsada por <a href=\"https:\/\/twitter.com\/manuginobili?ref_src=twsrc%5Etfw\">@ManuGinobili<\/a> y Pepe S\u00e1nchez y grandes idolos de la cultura y el deporte de la ciudad, entregar\u00e1 el equivalente a 2.5 millones de raciones de comida para sectores vulnerables. <a href=\"https:\/\/t.co\/5CKXo7SF3G\">pic.twitter.com\/5CKXo7SF3G<\/a><\/p>\n<p>\u2014 Federico Susbielles (@fsusbielles) <a href=\"https:\/\/twitter.com\/fsusbielles\/status\/1740724968743416093?ref_src=twsrc%5Etfw\">December 29, 2023<\/a><\/p><\/blockquote>\n<p> En la campa\u00f1a, adem\u00e1s de Gin\u00f3bili, se sumaron Juan Ignacio \u00abPepe\u00bb S\u00e1nchez, Lautaro Mart\u00ednez, Germ\u00e1n Pezzela, Abel Pintos, Agustin \u00abRada\u00bb Aristar\u00edan, Alejandro \u00abPuma\u00bb Montecchia, Guido y Catalina Pella, Santiago Alvarez Fourcado, Miguel Lamperti, Facundo Tello y Valentina Costa Biondi, entre otros.<\/p>\n<p>\u00abLa iniciativa comenz\u00f3 el d\u00eda posterior a la tragedia clim\u00e1tica y permiti\u00f3 dar una respuesta r\u00e1pida en el momento m\u00e1s dif\u00edcil\u00bb, dijo el jefe comunal.<\/p>\n<p><figure class=\"mb-3\"><img decoding=\"async\" src=\"https:\/\/www.telam.com.ar\/thumbs\/bluesteel\/advf\/imagenes\/2023\/12\/657f7fd85f03f_1200.jpg\" class=\" lazy \" width=\"100%\" height=\"100%\" alt=\"Foto Diego Izquierdo\"\/><figcaption> Foto: Diego Izquierdo <\/figcaption><\/figure>\n<p>Asimismo, Susbielles indic\u00f3 que \u00ablas donaciones se realizan a trav\u00e9s de la fundaci\u00f3n Manu Gin\u00f3bili\u00bb y que para asegurar transparencia y trazabilidad \u00abtodo el proceso de donaci\u00f3n y entrega de #FuerzaBah\u00eda est\u00e1 <strong>auditado por la auditora internacional Price Waterhouse Cooper<\/strong>\u00ab.<\/p>\n<p>Y agreg\u00f3 que el complejo Dow Center \u00abfuncion\u00f3 como un centro de recepci\u00f3n de evacuados y tambi\u00e9n centro de operaciones log\u00edsticas y operativas de la campa\u00f1a, distribuyendo los alimentos en coordinaci\u00f3n permanente con el comit\u00e9 de crisis, que define los puntos de entrega seg\u00fan las necesidades\u00bb.<\/p>\n<p>Por \u00faltimo, Susbielles agradeci\u00f3 a los que impulsaron la iniciativa y \u00aba todas las personas y empresas que hicieron su aporte\u00bb como al Rotary de Argentina y a los Scouts.<\/p>\n<p>Seg\u00fan se indic\u00f3, los aportes<strong> para la campa\u00f1a se pueden llevar a cabo a trav\u00e9s del alias dona.fuerza.bahia<\/strong> mientras que las <strong>donaciones se llevan a cabo en Dow Center de Bah\u00eda Blanca<\/strong>: Martiniano Rodr\u00edguez 4985, acceso 1 Rotary Bahia Blanca Almafuerte en la calle Julio Argentino Roca 542. <\/p>\n<\/div>\n<p><script async src=\"\/\/platform.twitter.com\/widgets.js\" charset=\"utf-8\"><\/script><script async defer crossorigin=\"anonymous\" src=\"https:\/\/connect.facebook.net\/es_LA\/sdk.js#xfbml=1&#038;version=v12.0\" nonce=\"SBlHQzIF\"><\/script><br \/><a href=\"https:\/\/www.telam.com.ar\/notas\/202312\/651035-campania-solidaria-ginobili-recaudo-millones-dolares-damnificados-temporal.html\">source<\/a><\/p>\n","protected":false},"excerpt":{"rendered":"<p>Foto: Facebook Federico Susbielles La campa\u00f1a denominada #FuerzaBah\u00eda, liderada por el ex basquetbolista Emanuel Gin\u00f3bili&#8230;<\/p>\n","protected":false},"author":0,"featured_media":192284,"comment_status":"open","ping_status":"open","sticky":false,"template":"","format":"standard","meta":{"footnotes":""},"categories":[7],"tags":[],"class_list":["post-192283","post","type-post","status-publish","format-standard","has-post-thumbnail","hentry","category-sociedad"],"featured_image_urls":{"full":["https:\/\/radiofenix.com.ar\/2023\/wp-content\/uploads\/2023\/12\/wp-header-logo-234.png",1200,675,false],"thumbnail":["https:\/\/radiofenix.com.ar\/2023\/wp-content\/uploads\/2023\/12\/wp-header-logo-234-150x150.png",150,150,true],"medium":["https:\/\/radiofenix.com.ar\/2023\/wp-content\/uploads\/2023\/12\/wp-header-logo-234-300x169.png",300,169,true],"medium_large":["https:\/\/radiofenix.com.ar\/2023\/wp-content\/uploads\/2023\/12\/wp-header-logo-234-768x432.png",640,360,true],"large":["https:\/\/radiofenix.com.ar\/2023\/wp-content\/uploads\/2023\/12\/wp-header-logo-234-1024x576.png",640,360,true],"1536x1536":["https:\/\/radiofenix.com.ar\/2023\/wp-content\/uploads\/2023\/12\/wp-header-logo-234.png",1200,675,false],"2048x2048":["https:\/\/radiofenix.com.ar\/2023\/wp-content\/uploads\/2023\/12\/wp-header-logo-234.png",1200,675,false],"newsium-slider-full":["https:\/\/radiofenix.com.ar\/2023\/wp-content\/uploads\/2023\/12\/wp-header-logo-234.png",1200,675,false],"newsium-featured":["https:\/\/radiofenix.com.ar\/2023\/wp-content\/uploads\/2023\/12\/wp-header-logo-234-1024x576.png",1024,576,true],"newsium-medium":["https:\/\/radiofenix.com.ar\/2023\/wp-content\/uploads\/2023\/12\/wp-header-logo-234-720x475.png",720,475,true]},"author_info":{"info":[""]},"category_info":"<a href=\"https:\/\/radiofenix.com.ar\/2023\/category\/sociedad\/\" rel=\"category tag\">Sociedad<\/a>","tag_info":"Sociedad","comment_count":"0","_links":{"self":[{"href":"https:\/\/radiofenix.com.ar\/2023\/wp-json\/wp\/v2\/posts\/192283","targetHints":{"allow":["GET"]}}],"collection":[{"href":"https:\/\/radiofenix.com.ar\/2023\/wp-json\/wp\/v2\/posts"}],"about":[{"href":"https:\/\/radiofenix.com.ar\/2023\/wp-json\/wp\/v2\/types\/post"}],"replies":[{"embeddable":true,"href":"https:\/\/radiofenix.com.ar\/2023\/wp-json\/wp\/v2\/comments?post=192283"}],"version-history":[{"count":0,"href":"https:\/\/radiofenix.com.ar\/2023\/wp-json\/wp\/v2\/posts\/192283\/revisions"}],"wp:featuredmedia":[{"embeddable":true,"href":"https:\/\/radiofenix.com.ar\/2023\/wp-json\/wp\/v2\/media\/192284"}],"wp:attachment":[{"href":"https:\/\/radiofenix.com.ar\/2023\/wp-json\/wp\/v2\/media?parent=192283"}],"wp:term":[{"taxonomy":"category","embeddable":true,"href":"https:\/\/radiofenix.com.ar\/2023\/wp-json\/wp\/v2\/categories?post=192283"},{"taxonomy":"post_tag","embeddable":true,"href":"https:\/\/radiofenix.com.ar\/2023\/wp-json\/wp\/v2\/tags?post=192283"}],"curies":[{"name":"wp","href":"https:\/\/api.w.org\/{rel}","templated":true}]}}