{"id":192289,"date":"2023-12-31T08:57:49","date_gmt":"2023-12-31T08:57:49","guid":{"rendered":"https:\/\/radiofenix.com.ar\/2023\/para-katopodis-el-paro-de-la-cgt-es-la-respuesta-frente-al-ajuste-brutal\/"},"modified":"2023-12-31T08:57:49","modified_gmt":"2023-12-31T08:57:49","slug":"para-katopodis-el-paro-de-la-cgt-es-la-respuesta-frente-al-ajuste-brutal","status":"publish","type":"post","link":"https:\/\/radiofenix.com.ar\/2023\/para-katopodis-el-paro-de-la-cgt-es-la-respuesta-frente-al-ajuste-brutal\/","title":{"rendered":"Para Katopodis, el paro de la CGT &quot;es la respuesta frente al ajuste brutal&quot;"},"content":{"rendered":"<div>\n<figure class=\"mb-3\"><img decoding=\"async\" src=\"https:\/\/www.telam.com.ar\/thumbs\/bluesteel\/advf\/imagenes\/2023\/06\/649b77f3a5056_1200.jpg\" class=\" lazy \" width=\"100%\" height=\"100%\" alt=\"los trabajadores sienten que tenan cosas que se las iban a sacar tenan ganancias y se las sacan tenan salario y se lo pulverizan\"\/><figcaption> \u00ablos trabajadores sienten que ten\u00edan cosas que se las iban a sacar, ten\u00edan ganancias y se las sacan, ten\u00edan salario y se lo pulverizan\u00bb <\/figcaption><\/figure>\n<p>El <strong>ministro bonaerense de Infraestructura y Servicios P\u00fablicos, Gabriel Katopodis<\/strong>, sostuvo que <strong>\u00abno hay otra respuesta al paquete de medidas brutal\u00bb<\/strong> del presidente Javier Milei que \u00abno sea una contundente y pac\u00edfica\u00bb manifestaci\u00f3n, en relaci\u00f3n al paro general convocado por la CGT para el pr\u00f3ximo 24 de enero.<\/p>\n<p>\u00abEl sentido es que al Gobierno se le llame la atenci\u00f3n. Estas medidas sirven para eso y plantear que las cosas no se tienen que hacer por este camino donde <strong>los trabajadores sienten que ten\u00edan cosas que se las iban a sacar, ten\u00edan ganancias y se las sacan, ten\u00edan salario y se lo pulverizan<\/strong>\u00ab, dijo Katopodis este s\u00e1bado en declaraciones a Radio Mitre.<\/p>\n<p>El funcionario bonaerense consider\u00f3 que <strong>el decreto de necesidad y urgencia<\/strong> de desregulaci\u00f3n econ\u00f3mica y <strong>el proyecto de ley<\/strong> enviado al Congreso implican <strong>\u00abun paquete de medidas brutal\u00bb<\/strong> que \u00abnos deja en otra Argentina y no hay otra respuesta que no sea una muy contundente, pacifica, cuidada\u00bb manifestaci\u00f3n para \u00abfrenar que se siga profundizando esto\u00bb.<\/p>\n<h2 class=\"\">El paro de la CGT<\/h2>\n<p>El Comit\u00e9 Central Confederal (CCC) de la CGT declar\u00f3 este jueves un <strong>paro general nacional a partir de las 12 del 24 de enero<\/strong>, que incluir\u00e1 una movilizaci\u00f3n al Congreso en rechazo al DNU de desregulaci\u00f3n econ\u00f3mica dictado por el Gobierno de Javier Milei.<\/p>\n<p>Adem\u00e1s, se aprob\u00f3 la realizaci\u00f3n de un plenario de delegaciones regionales en el Sal\u00f3n Felipe Vallese de Azopardo al 800 el pr\u00f3ximo 10 de enero, una presentaci\u00f3n judicial en rechazo del DNU y solicitar reuniones con todos los bloques parlamentarios de ambas c\u00e1maras para debatir \u00absu acompa\u00f1amiento\u00bb contra esa medida y la Ley \u00d3mnibus elevada al Congreso por la administraci\u00f3n Milei.<\/p>\n<p><figure class=\"mb-3\"><img decoding=\"async\" src=\"https:\/\/www.telam.com.ar\/thumbs\/bluesteel\/advf\/imagenes\/2023\/12\/658dcbd324851_1200.jpg\" class=\" lazy \" width=\"100%\" height=\"100%\" alt=\"El Comit Central Confederal de la CGT declar un paro general nacional a partir de las 12 del 24 de enero Foto Alfredo Luna\"\/><figcaption> El Comit\u00e9 Central Confederal de la CGT declar\u00f3 un paro general nacional a partir de las 12 del 24 de enero. Foto: Alfredo Luna. <\/figcaption><\/figure>\n<p>En sus declaraciones de este s\u00e1bado, <strong>Katopodis dijo que no escuch\u00f3 \u00aben 20 d\u00edas una palabra de desarrollo, inclusi\u00f3n, innovaci\u00f3n\u00bb<\/strong> y a\u00f1adi\u00f3 que \u00abun proyecto de pa\u00eds no puede ser vender 20 empresas p\u00fablicas y pulverizar leyes laborales\u00bb.<\/p>\n<p>El ministro dijo adem\u00e1s que en la provincia de Buenos Aires \u00abla decisi\u00f3n es mantener la obra p\u00fablica porque es un motor de desarrollo\u00bb y consider\u00f3 que \u00abes probable que funcione como contraste porque todos los d\u00edas me entero de c\u00f3mo se van parando obras nacionales que tal vez requieren hoy de sentarse con las empresas, los gobiernos y buscar acuerdos\u00bb.<\/p>\n<p>\u00abVeo intendentes que se agarran la cabeza porque ya asistimos a la primera foto de temporada donde todo se frena, y no era a lo que est\u00e1bamos acostumbrados. Tambi\u00e9n la industria est\u00e1 preocupada por el festival de importaciones\u00bb, advirti\u00f3.<\/p>\n<p>Finalmente, Katopodis dijo que el gobierno tiene que \u00abbuscar acuerdos y construir consensos\u00bb respecto de las medidas anunciadas\u00bb.<\/p>\n<p>\u00abLos problemas nunca se resolvieron con telegramas de despidos\u00bb, finaliz\u00f3 el exministro del gobierno de Alberto Fern\u00e1ndez. <\/p>\n<\/div>\n<p><script async defer crossorigin=\"anonymous\" src=\"https:\/\/connect.facebook.net\/es_LA\/sdk.js#xfbml=1&#038;version=v12.0\" nonce=\"SBlHQzIF\"><\/script><br \/><a href=\"https:\/\/www.telam.com.ar\/notas\/202312\/651102-paro-cgt.html\">source<\/a><\/p>\n","protected":false},"excerpt":{"rendered":"<p>\u00ablos trabajadores sienten que ten\u00edan cosas que se las iban a sacar, ten\u00edan ganancias y&#8230;<\/p>\n","protected":false},"author":0,"featured_media":192290,"comment_status":"open","ping_status":"open","sticky":false,"template":"","format":"standard","meta":{"footnotes":""},"categories":[2],"tags":[],"class_list":["post-192289","post","type-post","status-publish","format-standard","has-post-thumbnail","hentry","category-politica"],"featured_image_urls":{"full":["https:\/\/radiofenix.com.ar\/2023\/wp-content\/uploads\/2023\/12\/wp-header-logo-237.png",1200,675,false],"thumbnail":["https:\/\/radiofenix.com.ar\/2023\/wp-content\/uploads\/2023\/12\/wp-header-logo-237-150x150.png",150,150,true],"medium":["https:\/\/radiofenix.com.ar\/2023\/wp-content\/uploads\/2023\/12\/wp-header-logo-237-300x169.png",300,169,true],"medium_large":["https:\/\/radiofenix.com.ar\/2023\/wp-content\/uploads\/2023\/12\/wp-header-logo-237-768x432.png",640,360,true],"large":["https:\/\/radiofenix.com.ar\/2023\/wp-content\/uploads\/2023\/12\/wp-header-logo-237-1024x576.png",640,360,true],"1536x1536":["https:\/\/radiofenix.com.ar\/2023\/wp-content\/uploads\/2023\/12\/wp-header-logo-237.png",1200,675,false],"2048x2048":["https:\/\/radiofenix.com.ar\/2023\/wp-content\/uploads\/2023\/12\/wp-header-logo-237.png",1200,675,false],"newsium-slider-full":["https:\/\/radiofenix.com.ar\/2023\/wp-content\/uploads\/2023\/12\/wp-header-logo-237.png",1200,675,false],"newsium-featured":["https:\/\/radiofenix.com.ar\/2023\/wp-content\/uploads\/2023\/12\/wp-header-logo-237-1024x576.png",1024,576,true],"newsium-medium":["https:\/\/radiofenix.com.ar\/2023\/wp-content\/uploads\/2023\/12\/wp-header-logo-237-720x475.png",720,475,true]},"author_info":{"info":[""]},"category_info":"<a href=\"https:\/\/radiofenix.com.ar\/2023\/category\/politica\/\" rel=\"category tag\">Pol\u00edtica<\/a>","tag_info":"Pol\u00edtica","comment_count":"0","_links":{"self":[{"href":"https:\/\/radiofenix.com.ar\/2023\/wp-json\/wp\/v2\/posts\/192289","targetHints":{"allow":["GET"]}}],"collection":[{"href":"https:\/\/radiofenix.com.ar\/2023\/wp-json\/wp\/v2\/posts"}],"about":[{"href":"https:\/\/radiofenix.com.ar\/2023\/wp-json\/wp\/v2\/types\/post"}],"replies":[{"embeddable":true,"href":"https:\/\/radiofenix.com.ar\/2023\/wp-json\/wp\/v2\/comments?post=192289"}],"version-history":[{"count":0,"href":"https:\/\/radiofenix.com.ar\/2023\/wp-json\/wp\/v2\/posts\/192289\/revisions"}],"wp:featuredmedia":[{"embeddable":true,"href":"https:\/\/radiofenix.com.ar\/2023\/wp-json\/wp\/v2\/media\/192290"}],"wp:attachment":[{"href":"https:\/\/radiofenix.com.ar\/2023\/wp-json\/wp\/v2\/media?parent=192289"}],"wp:term":[{"taxonomy":"category","embeddable":true,"href":"https:\/\/radiofenix.com.ar\/2023\/wp-json\/wp\/v2\/categories?post=192289"},{"taxonomy":"post_tag","embeddable":true,"href":"https:\/\/radiofenix.com.ar\/2023\/wp-json\/wp\/v2\/tags?post=192289"}],"curies":[{"name":"wp","href":"https:\/\/api.w.org\/{rel}","templated":true}]}}