{"id":192307,"date":"2024-01-01T08:57:49","date_gmt":"2024-01-01T08:57:49","guid":{"rendered":"https:\/\/radiofenix.com.ar\/2023\/recapturaron-a-dos-presos-que-se-habian-fugado-de-un-penal-en-jujuy\/"},"modified":"2024-01-01T08:57:49","modified_gmt":"2024-01-01T08:57:49","slug":"recapturaron-a-dos-presos-que-se-habian-fugado-de-un-penal-en-jujuy","status":"publish","type":"post","link":"https:\/\/radiofenix.com.ar\/2023\/recapturaron-a-dos-presos-que-se-habian-fugado-de-un-penal-en-jujuy\/","title":{"rendered":"Recapturaron a dos presos que se hab\u00edan fugado de un penal en Jujuy"},"content":{"rendered":"<div>\n<figure class=\"mb-3\"><img decoding=\"async\" src=\"https:\/\/www.telam.com.ar\/thumbs\/bluesteel\/advf\/imagenes\/2023\/12\/6591ec1a20f22_1200.jpg\" class=\" lazy \" width=\"100%\" height=\"100%\" alt=\"El penal Alto Comedero en la capital jujea del cual se fugaron dos peligrosos delincuentes que ya fueron recapturados Foto Street View\"\/><figcaption> El penal Alto Comedero, en la capital juje\u00f1a, del cual se fugaron dos peligrosos delincuentes que ya fueron recapturados \/ Foto: Street View. <\/figcaption><\/figure>\n<p><strong>Dos presos que cumplen condenas y se hab\u00edan fugado el viernes \u00faltimo de la Unidad Penal 7 del barrio Alto Comedero, de la capital juje\u00f1a, fueron recapturados <\/strong>en operativos implementados por unidades especiales de la Polic\u00eda, inform\u00f3 este domingo el Gobierno provincial.<\/p>\n<p>Los voceros indicaron que ambos sujetos<strong> hab\u00edan logrado escapar hasta San Pedro de Jujuy, donde pretend\u00edan abordar un rem\u00eds<\/strong> interjurisdiccional en la Terminal de \u00d3mnibus de esa ciudad.<\/p>\n<p><strong>El hecho ocurri\u00f3 el viernes \u00faltimo<\/strong> cuando los presos fugaron de la celda de castigo del penal de Alto Comedero, tras un descuido del personal a cargo de la vigilancia.<\/p>\n<p>\u00abEl dispositivo de b\u00fasqueda y captura se activ\u00f3 en la madrugada del s\u00e1bado cuando autoridades del Penal 7 alertaron la ausencia de dos internos\u00bb, se\u00f1ala la informaci\u00f3n oficial.<\/p>\n<p>A partir de all\u00ed, <strong>las distintas Unidades Regionales de la Polic\u00eda de Jujuy<\/strong> implementaron rastrillajes, controles vehiculares y la presencia en terminales de colectivos a fin de identificar y localizar a los evadidos.<\/p>\n<p>El s\u00e1bado \u00faltimo, personal de la Unidad Regional 2 logr\u00f3 identificar a los pr\u00f3fugos, quienes cumplen condenas por los delitos de \u00abhomicidio en ocasi\u00f3n de robo\u00bb y \u00abrobos con armas de fuego\u00bb, en la ciudad de San Pedro, a 65 kil\u00f3metros al este de San Salvador de Jujuy.<\/p>\n<p><strong>En esa ocasi\u00f3n, solo uno fue atrapado<\/strong> ya que el otro escap\u00f3 y se refugi\u00f3 en la casa de un familiar.<\/p>\n<p><strong>Este sujeto, tambi\u00e9n de 20 a\u00f1os, fue recapturado este domingo <\/strong>tras un nuevo operativo cerrojo y protocolo de fuga implementado por la polic\u00eda tras ser localizado.<\/p>\n<p>\u00abAmbos imputados fueron nuevamente detenidos y quedaron a disposici\u00f3n de la justicia\u00bb, indicaron las fuentes.<\/p>\n<\/div>\n<p><script async defer crossorigin=\"anonymous\" src=\"https:\/\/connect.facebook.net\/es_LA\/sdk.js#xfbml=1&#038;version=v12.0\" nonce=\"SBlHQzIF\"><\/script><br \/><a href=\"https:\/\/www.telam.com.ar\/notas\/202312\/651213-jujuy-fuga-penal-recaptura.html\">source<\/a><\/p>\n","protected":false},"excerpt":{"rendered":"<p>El penal Alto Comedero, en la capital juje\u00f1a, del cual se fugaron dos peligrosos delincuentes&#8230;<\/p>\n","protected":false},"author":2,"featured_media":192308,"comment_status":"open","ping_status":"open","sticky":false,"template":"","format":"standard","meta":{"footnotes":""},"categories":[6],"tags":[],"class_list":["post-192307","post","type-post","status-publish","format-standard","has-post-thumbnail","hentry","category-ultimasnoticias"],"featured_image_urls":{"full":["https:\/\/radiofenix.com.ar\/2023\/wp-content\/uploads\/2024\/01\/wp-header-logo-6.png",1200,675,false],"thumbnail":["https:\/\/radiofenix.com.ar\/2023\/wp-content\/uploads\/2024\/01\/wp-header-logo-6-150x150.png",150,150,true],"medium":["https:\/\/radiofenix.com.ar\/2023\/wp-content\/uploads\/2024\/01\/wp-header-logo-6-300x169.png",300,169,true],"medium_large":["https:\/\/radiofenix.com.ar\/2023\/wp-content\/uploads\/2024\/01\/wp-header-logo-6-768x432.png",640,360,true],"large":["https:\/\/radiofenix.com.ar\/2023\/wp-content\/uploads\/2024\/01\/wp-header-logo-6-1024x576.png",640,360,true],"1536x1536":["https:\/\/radiofenix.com.ar\/2023\/wp-content\/uploads\/2024\/01\/wp-header-logo-6.png",1200,675,false],"2048x2048":["https:\/\/radiofenix.com.ar\/2023\/wp-content\/uploads\/2024\/01\/wp-header-logo-6.png",1200,675,false],"newsium-slider-full":["https:\/\/radiofenix.com.ar\/2023\/wp-content\/uploads\/2024\/01\/wp-header-logo-6.png",1200,675,false],"newsium-featured":["https:\/\/radiofenix.com.ar\/2023\/wp-content\/uploads\/2024\/01\/wp-header-logo-6-1024x576.png",1024,576,true],"newsium-medium":["https:\/\/radiofenix.com.ar\/2023\/wp-content\/uploads\/2024\/01\/wp-header-logo-6-720x475.png",720,475,true]},"author_info":{"info":["c1500921"]},"category_info":"<a href=\"https:\/\/radiofenix.com.ar\/2023\/category\/ultimasnoticias\/\" rel=\"category tag\">Ultimas Noticias<\/a>","tag_info":"Ultimas Noticias","comment_count":"0","_links":{"self":[{"href":"https:\/\/radiofenix.com.ar\/2023\/wp-json\/wp\/v2\/posts\/192307","targetHints":{"allow":["GET"]}}],"collection":[{"href":"https:\/\/radiofenix.com.ar\/2023\/wp-json\/wp\/v2\/posts"}],"about":[{"href":"https:\/\/radiofenix.com.ar\/2023\/wp-json\/wp\/v2\/types\/post"}],"author":[{"embeddable":true,"href":"https:\/\/radiofenix.com.ar\/2023\/wp-json\/wp\/v2\/users\/2"}],"replies":[{"embeddable":true,"href":"https:\/\/radiofenix.com.ar\/2023\/wp-json\/wp\/v2\/comments?post=192307"}],"version-history":[{"count":0,"href":"https:\/\/radiofenix.com.ar\/2023\/wp-json\/wp\/v2\/posts\/192307\/revisions"}],"wp:featuredmedia":[{"embeddable":true,"href":"https:\/\/radiofenix.com.ar\/2023\/wp-json\/wp\/v2\/media\/192308"}],"wp:attachment":[{"href":"https:\/\/radiofenix.com.ar\/2023\/wp-json\/wp\/v2\/media?parent=192307"}],"wp:term":[{"taxonomy":"category","embeddable":true,"href":"https:\/\/radiofenix.com.ar\/2023\/wp-json\/wp\/v2\/categories?post=192307"},{"taxonomy":"post_tag","embeddable":true,"href":"https:\/\/radiofenix.com.ar\/2023\/wp-json\/wp\/v2\/tags?post=192307"}],"curies":[{"name":"wp","href":"https:\/\/api.w.org\/{rel}","templated":true}]}}