{"id":192313,"date":"2024-01-02T08:57:35","date_gmt":"2024-01-02T08:57:35","guid":{"rendered":"https:\/\/radiofenix.com.ar\/2023\/arranca-el-ciclo-de-diego-martinez-como-entrenador-de-boca\/"},"modified":"2024-01-02T08:57:35","modified_gmt":"2024-01-02T08:57:35","slug":"arranca-el-ciclo-de-diego-martinez-como-entrenador-de-boca","status":"publish","type":"post","link":"https:\/\/radiofenix.com.ar\/2023\/arranca-el-ciclo-de-diego-martinez-como-entrenador-de-boca\/","title":{"rendered":"Arranca el ciclo de Diego Martinez como entrenador de Boca"},"content":{"rendered":"<div>\n<figure class=\"mb-3\"><img decoding=\"async\" src=\"https:\/\/www.telam.com.ar\/thumbs\/bluesteel\/advf\/imagenes\/2024\/01\/65934099a61de_1200.jpg\" class=\" lazy \" width=\"100%\" height=\"100%\" alt=\"Diego Martinez y su cuerpo tcnico en la presentacin en Ezeiza Foto XBocaJrsOficial\"\/><figcaption> Diego Martinez y su cuerpo t\u00e9cnico en la presentaci\u00f3n en Ezeiza \/ Foto X@BocaJrsOficial <\/figcaption><\/figure>\n<p> Diego Mart\u00ednez, flamante entrenador de Boca, comenzar\u00e1 este martes su ciclo al frente del plantel \u00abxeneize\u00bb, que volver\u00e1 a las practicas en el predio de Ezeiza despu\u00e9s de 36 d\u00edas de vacaciones, de cara a una temporada 2024 en la que tendr\u00e1 por delante los torneos de la Liga Profesional, la Copa Sudamericana y la Copa Argentina.<\/p>\n<p>En tanto, el consejo de f\u00fatbol boquense del club est\u00e1 muy cerca de llegar un acuerdo con el defensor Cristian Lema, de 33 a\u00f1os, procedente de Lan\u00fas y con el pase en su poder.<\/p>\n<p>Diego Mart\u00ednez, reciente DT de Hurac\u00e1n, llega a Boca a sus 45 a\u00f1os, tras una incipiente pero intensa trayectoria, en la que ya pas\u00f3 por todas las categor\u00edas del f\u00fatbol argentino y se hizo un nombre en Tigre, donde ascendi\u00f3 a Primera Divisi\u00f3n en 2021.<\/p>\n<p>En el \u00abGlobo\u00bb dirigi\u00f3 23 partidos, de los que gan\u00f3 12, empat\u00f3 tres y perdi\u00f3 ocho, con<strong> un 56.52% de efectividad <\/strong>que le permiti\u00f3 a su equipo escalar en la Tabla Anual y, por poco, no jugar copas internacionales. Tambi\u00e9n jug\u00f3 cuartos de final en la Copa de la Liga, en donde su equipo cay\u00f3 por penales ante Platense.<\/p>\n<p>En los primeros minutos del s\u00e1bado 30 de diciembre, el DT firm\u00f3 su vinculo con Boca por un a\u00f1o con opci\u00f3n a otro m\u00e1s, tras una complicada negociaci\u00f3n en la que Hurac\u00e1n -en donde le quedaban seis meses m\u00e1s de contrato- le pidi\u00f3 un resarcimiento econ\u00f3mico para rescindir el v\u00ednculo.<\/p>\n<blockquote class=\"twitter-tweet\">\n<p lang=\"es\" dir=\"ltr\">Diego Mart\u00ednez acord\u00f3 su v\u00ednculo con Boca y es el nuevo entrenador hasta Diciembre de 2025. <\/p>\n<p>\u00a1Bienvenido al \u00fanico grande, Diego! &#x1f499;&#x1f49b;&#x1f499; <a href=\"https:\/\/t.co\/5zsuuyDnjj\">pic.twitter.com\/5zsuuyDnjj<\/a><\/p>\n<p>\u2014 Boca Juniors (@BocaJrsOficial) <a href=\"https:\/\/twitter.com\/BocaJrsOficial\/status\/1740924680692023510?ref_src=twsrc%5Etfw\">December 30, 2023<\/a><\/p><\/blockquote>\n<p> Despu\u00e9s de varios d\u00edas de idas y vueltas, las partes llegaron a un acuerdo por una suma cercana a los 300 mil d\u00f3lares para concretar la desvinculaci\u00f3n del DT del club de Parque de los Patricios.<\/p>\n<p>De esta manera,<strong> Diego Mart\u00ednez vuelve a Boca, la instituci\u00f3n que lo vio nacer como t\u00e9cnico de las divisiones juveniles en 2011, en donde tuvo a su cargo a jugadores que ahora tendr\u00e1 en su plantel.<\/strong><\/p>\n<p>El cuerpo t\u00e9cnico que lo acompa\u00f1ar\u00e1 est\u00e1 compuesto por sus ayudantes de campo Cristian Bardaro, Adri\u00e1n Gonz\u00e1lez y Gustavo Rodr\u00edguez; los preparadores f\u00edsicos Juan Manuel Conte y Leandro Mazziotti; el coaching Patricio Ciavarella; el entrenador de arqueros Pablo Campod\u00f3nico; y el videoanalista Omar Mateo.<\/p>\n<p>Fernando Gayoso, entrenador de arqueros y quien es empleado de Boca, tambi\u00e9n estar\u00e1 en el cuerpo t\u00e9cnico.<\/p>\n<blockquote class=\"twitter-tweet\">\n<p lang=\"es\" dir=\"ltr\">El nuevo entrenador Xeneize, Diego Mart\u00ednez, se prepara para dar inicio a la pretemporada junto a sus colaboradores en <a href=\"https:\/\/twitter.com\/BocaPredio?ref_src=twsrc%5Etfw\">@bocapredio<\/a> &#x26bd;&#xfe0f;<a href=\"https:\/\/twitter.com\/hashtag\/DaleBoca?src=hash&amp;ref_src=twsrc%5Etfw\">#DaleBoca<\/a> &#x1f535;&#x1f7e1;&#x1f535; <a href=\"https:\/\/t.co\/KTk1FPNmnt\">pic.twitter.com\/KTk1FPNmnt<\/a><\/p>\n<p>\u2014 Boca Juniors (@BocaJrsOficial) <a href=\"https:\/\/twitter.com\/BocaJrsOficial\/status\/1741951968581423384?ref_src=twsrc%5Etfw\">January 1, 2024<\/a><\/p><\/blockquote>\n<p><\/p>\n<h2 class=\"\"> Las salidas y las posibles llegadas <\/h2>\n<p>\u00a0 Entre los jugadores que vuelven de sus respectivos pr\u00e9stamos -son 18 en total- figuran Aaron Molinas y Agust\u00edn Obando, a quienes el DT ya dirigi\u00f3 en Tigre: el enganche -especialmente- es un futbolista que le interesa mucho a Mart\u00ednez.<\/p>\n<p>Tambi\u00e9n regresan Renzo Giampaoli, defensor que estuvo en Quilmes; Maximiliano Zalazar, de Platense; y Gonzalo Maroni mediocampista que altern\u00f3 titularidad en San Lorenzo.<\/p>\n<p><strong>Los que no estar\u00e1n son Diego el \u00abPulpo\u00bb Gonz\u00e1lez y Facundo Roncaglia, ya que ambos quedaron libres.<\/strong><\/p>\n<p>El martes ser\u00e1 d\u00eda de estudios m\u00e9dicos para empezar el mi\u00e9rcoles en forma activa una pretemporada de 12 d\u00edas, algunas de triple turno en Ezeiza, y concentraci\u00f3n en un hotel de las cercan\u00edas.<\/p>\n<p>Todav\u00eda no se notific\u00f3 por parte del \u00e1rea de prensa de Boca si existe la posibilidad de que por la tarde sea presentado Diego Mart\u00ednez en la nueva sala de conferencias del Predio, o en la Bombonera.<\/p>\n<p><figure class=\"mb-3\"><img decoding=\"async\" src=\"https:\/\/www.telam.com.ar\/thumbs\/bluesteel\/advf\/imagenes\/2023\/12\/6571f1576bf4c_1200.jpg\" class=\" lazy \" width=\"100%\" height=\"100%\" alt=\"Martnez viene de dirigir a Huracn Foto Ral Ferrari\"\/><figcaption> Mart\u00ednez viene de dirigir a Hurac\u00e1n \/ Foto: Ra\u00fal Ferrari. <\/figcaption><\/figure>\n<p><\/p>\n<h2 class=\"\"> Lema, muy cerca <\/h2>\n<p> En cuanto a refuerzos, <strong>Cristian Lema est\u00e1 a punto de cerrar su vinculaci\u00f3n. No continuar\u00e1 en Lan\u00fas y no se present\u00f3 la semana pasada al inicio de la pretemporada del \u00abGranate\u00bb. El zaguero ya avis\u00f3 que no seguir\u00e1 en el club sure\u00f1o y que ejecutar\u00e1 la cl\u00e1usula de salida del pase que ten\u00eda en su poder, que es de 400 mil dolares.<\/strong><\/p>\n<p>El presidente \u00abxeneize\u00bb, Juan Rom\u00e1n Riquelme, se comunico el domingo con sus pares de Lan\u00fas y esta tarde -o el martes, a m\u00e1s tardar- el jugador espera el llamado de Boca para regresar de Puerto Madryn, su ciudad natal, en donde pas\u00f3 las fiestas de fin de a\u00f1o.<\/p>\n<p>Lema, de larga trayectoria en la cual jug\u00f3 en Brown de Puerto Madryn, Newell&#8217;s, Tigre, Quilmes, Belgrano, Benfica de Portugal, Pe\u00f1arol de Montevideo y el f\u00fatbol saud\u00ed, tiene todo arreglado con Boca y desech\u00f3 una oferta superior de parte de Pe\u00f1arol, ya que su sue\u00f1o -expres\u00f3- es ponerse \u00abla camiseta azul y oro\u00bb.<\/p>\n<p><figure class=\"mb-3\"><img decoding=\"async\" src=\"https:\/\/www.telam.com.ar\/thumbs\/bluesteel\/advf\/imagenes\/2020\/08\/5f3bf1aa650b9_1200.jpg\" class=\" lazy \" width=\"100%\" height=\"100%\" alt=\"Cristian Lema fue uno de los puntales de La Lepra\"\/><figcaption> Cristian Lema fue uno de los puntales de \u00abLa Lepra\u00bb. <\/figcaption><\/figure>\n<p>En esa posici\u00f3n, aparte de quedar libre Roncaglia, Boca est\u00e1 por transferir a un club de Paraguay a Bruno Valdez, y tiene una oferta de un club italiano por Nicol\u00e1s Valentini, de muy buen segundo semestre 2023 en el \u00abXeneize\u00bb.<\/p>\n<p>Otro posible regreso es el de \u00c9ver Banega, quien ya le inform\u00f3 a su club -Al Shabab de Arabia Saudita- que no seguir\u00e1 y tratar\u00e1 de interrumpir su contrato, que vence el 30 de junio de 2024.<\/p>\n<p>Seg\u00fan pudo averiguar T\u00e9lam,<strong> la dirigencia boquense ya tiene arreglado el contrato con el volante, de 35 a\u00f1os, nacido en el club de la Ribera, quien se despidi\u00f3 el s\u00e1bado pasado de su equipo en la victoria por 1 a 0 ante Al Wheda por la Liga Saud\u00ed.<\/strong><\/p>\n<p>Para que el volante vuelva a ponerse la camiseta azul y oro, deber\u00e1 pagar 4 millones de d\u00f3lares para quedar en libertad de acci\u00f3n. Las negociaciones apuntan a acordar una cifra inferior, mientras Banega est\u00e1 en Punta del Este descansando a la espera de las novedades.<\/p>\n<p>En tanto, el viernes hubo una reuni\u00f3n entre los integrantes del Consejo de F\u00fatbol y Adri\u00e1n Ruocco, representante de Valentin Barco y Marcelo Weighandt, para renovar sus contratos.<\/p>\n<p><strong>La propuesta para el \u00abColorado\u00bb Barco, una de las figuras del a\u00f1o que concluy\u00f3, ser\u00eda de una importante suba de su sueldo, equiparado al de los mejores pagos del plantel, contrato de muchos a\u00f1os y con una cl\u00e1usula de rescisi\u00f3n cercana a los 25 millones de d\u00f3lares.<\/strong><\/p>\n<p>El primer partido oficial de Boca en esta temporada ser\u00eda el 24 de enero por la Copa Argentina ante Central Norte de Salta, en estadio a confirmar, mientras que el domingo 28 de ese mes jugar\u00e1 de visitante, por la primera fecha de la Zona B de la Copa de la Liga, ante Platense. <\/p>\n<\/div>\n<p><script async src=\"\/\/platform.twitter.com\/widgets.js\" charset=\"utf-8\"><\/script><script async defer crossorigin=\"anonymous\" src=\"https:\/\/connect.facebook.net\/es_LA\/sdk.js#xfbml=1&#038;version=v12.0\" nonce=\"SBlHQzIF\"><\/script><br \/><a href=\"https:\/\/www.telam.com.ar\/notas\/202401\/651258-ciclo-diego-martinez-dt-boca.html\">source<\/a><\/p>\n","protected":false},"excerpt":{"rendered":"<p>Diego Martinez y su cuerpo t\u00e9cnico en la presentaci\u00f3n en Ezeiza \/ Foto X@BocaJrsOficial Diego&#8230;<\/p>\n","protected":false},"author":0,"featured_media":192314,"comment_status":"open","ping_status":"open","sticky":false,"template":"","format":"standard","meta":{"footnotes":""},"categories":[3],"tags":[],"class_list":["post-192313","post","type-post","status-publish","format-standard","has-post-thumbnail","hentry","category-deportes"],"featured_image_urls":{"full":["https:\/\/radiofenix.com.ar\/2023\/wp-content\/uploads\/2024\/01\/wp-header-logo-9.png",1200,675,false],"thumbnail":["https:\/\/radiofenix.com.ar\/2023\/wp-content\/uploads\/2024\/01\/wp-header-logo-9-150x150.png",150,150,true],"medium":["https:\/\/radiofenix.com.ar\/2023\/wp-content\/uploads\/2024\/01\/wp-header-logo-9-300x169.png",300,169,true],"medium_large":["https:\/\/radiofenix.com.ar\/2023\/wp-content\/uploads\/2024\/01\/wp-header-logo-9-768x432.png",640,360,true],"large":["https:\/\/radiofenix.com.ar\/2023\/wp-content\/uploads\/2024\/01\/wp-header-logo-9-1024x576.png",640,360,true],"1536x1536":["https:\/\/radiofenix.com.ar\/2023\/wp-content\/uploads\/2024\/01\/wp-header-logo-9.png",1200,675,false],"2048x2048":["https:\/\/radiofenix.com.ar\/2023\/wp-content\/uploads\/2024\/01\/wp-header-logo-9.png",1200,675,false],"newsium-slider-full":["https:\/\/radiofenix.com.ar\/2023\/wp-content\/uploads\/2024\/01\/wp-header-logo-9.png",1200,675,false],"newsium-featured":["https:\/\/radiofenix.com.ar\/2023\/wp-content\/uploads\/2024\/01\/wp-header-logo-9-1024x576.png",1024,576,true],"newsium-medium":["https:\/\/radiofenix.com.ar\/2023\/wp-content\/uploads\/2024\/01\/wp-header-logo-9-720x475.png",720,475,true]},"author_info":{"info":[""]},"category_info":"<a href=\"https:\/\/radiofenix.com.ar\/2023\/category\/deportes\/\" rel=\"category tag\">Deportes<\/a>","tag_info":"Deportes","comment_count":"0","_links":{"self":[{"href":"https:\/\/radiofenix.com.ar\/2023\/wp-json\/wp\/v2\/posts\/192313","targetHints":{"allow":["GET"]}}],"collection":[{"href":"https:\/\/radiofenix.com.ar\/2023\/wp-json\/wp\/v2\/posts"}],"about":[{"href":"https:\/\/radiofenix.com.ar\/2023\/wp-json\/wp\/v2\/types\/post"}],"replies":[{"embeddable":true,"href":"https:\/\/radiofenix.com.ar\/2023\/wp-json\/wp\/v2\/comments?post=192313"}],"version-history":[{"count":0,"href":"https:\/\/radiofenix.com.ar\/2023\/wp-json\/wp\/v2\/posts\/192313\/revisions"}],"wp:featuredmedia":[{"embeddable":true,"href":"https:\/\/radiofenix.com.ar\/2023\/wp-json\/wp\/v2\/media\/192314"}],"wp:attachment":[{"href":"https:\/\/radiofenix.com.ar\/2023\/wp-json\/wp\/v2\/media?parent=192313"}],"wp:term":[{"taxonomy":"category","embeddable":true,"href":"https:\/\/radiofenix.com.ar\/2023\/wp-json\/wp\/v2\/categories?post=192313"},{"taxonomy":"post_tag","embeddable":true,"href":"https:\/\/radiofenix.com.ar\/2023\/wp-json\/wp\/v2\/tags?post=192313"}],"curies":[{"name":"wp","href":"https:\/\/api.w.org\/{rel}","templated":true}]}}