{"id":192329,"date":"2024-01-03T08:57:45","date_gmt":"2024-01-03T08:57:45","guid":{"rendered":"https:\/\/radiofenix.com.ar\/2023\/israel-alerto-que-la-guerra-con-hamas-seguira-a-lo-largo-de-2024\/"},"modified":"2024-01-03T08:57:45","modified_gmt":"2024-01-03T08:57:45","slug":"israel-alerto-que-la-guerra-con-hamas-seguira-a-lo-largo-de-2024","status":"publish","type":"post","link":"https:\/\/radiofenix.com.ar\/2023\/israel-alerto-que-la-guerra-con-hamas-seguira-a-lo-largo-de-2024\/","title":{"rendered":"Israel alert\u00f3 que la guerra con Hamas seguir\u00e1 &quot;a lo largo&quot; de 2024"},"content":{"rendered":"<div>\n<figure class=\"mb-3\"><img decoding=\"async\" src=\"https:\/\/www.telam.com.ar\/thumbs\/bluesteel\/advf\/imagenes\/2023\/10\/652151c4cd8e0_1200.jpg\" class=\" lazy \" width=\"100%\" height=\"100%\" alt=\"El portavoz del ejrcito anunci un combate prolongado Foto AFP\"\/><figcaption> El portavoz del ej\u00e9rcito anunci\u00f3 un \u00abcombate prolongado\u00bb \/ Foto: AFP <\/figcaption><\/figure>\n<p><strong>Israel <\/strong>alert\u00f3 este lunes 1 de enero que la guerra contra el movimiento islamista palestino <strong>Hamas<\/strong> continuar\u00e1 \u00aba lo largo\u00bb de 2024 despu\u00e9s de una v\u00edspera de <strong>A\u00f1o Nuevo<\/strong> marcada por incesantes ataques a la <strong>Franja de Gaza<\/strong> y lanzamientos de cohetes contra <strong>Tel Aviv<\/strong>.<\/p>\n<p>El vocero de las Fuerzas de Defensa de Israel (FDI), <strong>Daniel Hagari<\/strong>, anunci\u00f3 a las tropas que algunos reservistas har\u00edan una pausa para prepararse para \u00abcombates prolongados\u00bb.<\/p>\n<p>El ej\u00e9rcito \u00abdebe planificar con anticipaci\u00f3n, ya que se nos pedir\u00e1 que realicemos tareas y combates adicionales a lo largo de este a\u00f1o\u00bb, se\u00f1al\u00f3.<\/p>\n<p>Horas despu\u00e9s, <strong>Harari<\/strong> inform\u00f3 que, con ese prop\u00f3sito, hab\u00eda comenzado el retiro de cinco brigadas de la <strong>Franja de Gaza<\/strong>, sin precisar a cu\u00e1ntos efectivos involucra la medida ni si esta representa el comienzo de una nueva fase de la guerra, seg\u00fan la agencia de noticias <strong>Europa Press<\/strong>.<\/p>\n<p>Las operaciones militares israel\u00edes en la <strong>Franja de Gaza<\/strong> dejaron 21.978 muertos, la mayor\u00eda mujeres, ni\u00f1os y adolescentes, desde el inicio de la guerra el 7 de octubre, seg\u00fan las cifras publicadas por el Gobierno de <strong>Hamas<\/strong> en el enclave.<\/p>\n<p>Estas operaciones se lanzaron en represalia por un ataque de escala sin precedentes de milicianos de ese movimiento palestino, en el que unas 1.200 personas murieron y alrededor de 240 fueron secuestradas, entre ellas una veintena con nacionalidad argentina.<\/p>\n<p>Un corresponsal de la agencia de noticias <strong>AFP <\/strong>report\u00f3 disparos de artiller\u00eda y ataques a\u00e9reos contra las ciudades de Rafah, en la frontera con <strong>Egipto<\/strong>, y Khan Yunis, tambi\u00e9n en el sur del enclave, durante la v\u00edspera de <strong>A\u00f1o Nuevo<\/strong>.<\/p>\n<p><figure class=\"mb-3\"><img decoding=\"async\" src=\"https:\/\/www.telam.com.ar\/thumbs\/bluesteel\/advf\/imagenes\/2023\/12\/656db2485f63f_1200.jpg\" class=\" lazy \" width=\"100%\" height=\"100%\" alt=\"Sin tregua entre Hamas e Israel Foto AFP\"\/><figcaption> Sin tregua entre Hamas e Israel \/ Foto: AFP <\/figcaption><\/figure>\n<p><br open=\"\"\/> Al menos 156 personas fallecieron y 246 m\u00e1s resultaron heridas en las \u00faltimas 24 horas como consecuencia de los ataques en toda la <strong>Franja de Gaza<\/strong>, seg\u00fan inform\u00f3 el Ministerio de Salud gazat\u00ed, controlado por <strong>Hamas<\/strong>.<\/p>\n<p>En tanto, en <strong>Tel Aviv<\/strong> y varias partes de Israel las sirenas de alerta sonaron al comenzar 2024: los sistemas de defensa interceptaron cohetes en el cielo, llevando a algunas de las personas que estaban celebrando el inicio del a\u00f1o a correr en busca de protecci\u00f3n.<\/p>\n<p>Seg\u00fan la prensa, unos 20 cohetes fueron lanzados desde la <strong>Franja de Gaza<\/strong>: algunos de ellos cayeron en \u00e1reas no habitadas y otros fueron interceptados por el sistema C\u00fapula de Hierro, sin causar heridos ni da\u00f1os materiales.<\/p>\n<p>Las brigadas <strong>Ezzedin Al Qasam<\/strong>, brazo armado de <strong>Hamas<\/strong>, reivindicaron el ataque con cohetes M90 efectuado en \u00abrespuesta a la masacre de civiles\u00bb perpetrada por Israel.<\/p>\n<p>El Ej\u00e9rcito israel\u00ed afirm\u00f3, por otro lado, que desmantel\u00f3 una c\u00e9lula del movimiento chiita liban\u00e9s <strong>Hezbollah<\/strong> que se dispon\u00eda a lanzar aviones no tripulados contra el norte del pa\u00eds.<\/p>\n<p>\u00abUn avi\u00f3n de la Fuerza A\u00e9rea atac\u00f3 a la c\u00e9lula antes de que pudiera llevar a cabo el lanzamiento, y destruy\u00f3 el avi\u00f3n que estaban utilizando\u00bb, indic\u00f3 el Ej\u00e9rcito en un comunicado citado por el diario local <strong>Times of Israel<\/strong>.<\/p>\n<p>La fuerza tambi\u00e9n anunci\u00f3 hoy la muerte de un comandante de \u00e9lite de<strong> Hamas<\/strong>, la divisi\u00f3n Nujba, durante un ataque a\u00e9reo nocturno en el centro de la <strong>Franja de Gaza<\/strong>.<\/p>\n<p>El comandante fue identificado como Adel Msama e Israel lo considera el l\u00edder del ataque del 7 de octubre contra el kibutz de Kisufim, consign\u00f3 la agencia de noticias <strong>Europa Press<\/strong>.<\/p>\n<p><figure class=\"mb-3\"><img decoding=\"async\" src=\"https:\/\/www.telam.com.ar\/thumbs\/bluesteel\/advf\/imagenes\/2021\/05\/60a10d3540f3b_1200.jpg\" class=\" lazy \" width=\"100%\" height=\"100%\" alt=\"Foto AFP\"\/><figcaption> Foto: AFP <\/figcaption><\/figure>\n<p><br open=\"\"\/> El ministro de Seguridad Nacional israel\u00ed, <strong>Itamar Ben Gvir,<\/strong> pidi\u00f3 que los colonos jud\u00edos regresen a <strong>Gaza<\/strong> tras la guerra en curso y que se \u00abanime\u00bb a la poblaci\u00f3n palestina a emigrar, un d\u00eda despu\u00e9s de que otro funcionario de extrema derecha hiciera un llamamiento similar.<\/p>\n<p>\u00abPromover una soluci\u00f3n que fomente la emigraci\u00f3n de los habitantes de Gaza es necesario. Es una soluci\u00f3n correcta, justa, moral y humana\u00bb, dijo <strong>Ben Gvir<\/strong> en una reuni\u00f3n del partido, seg\u00fan comentarios que \u00e9l mismo comparti\u00f3 en las redes sociales.<\/p>\n<p>\u00abHago un llamamiento al Primer Ministro y al ministro de Relaciones Exteriores, esta es una oportunidad para desarrollar un proyecto que fomente la emigraci\u00f3n de los habitantes de Gaza a otros pa\u00edses del mundo\u00bb, a\u00f1adi\u00f3 e l\u00edder del partido de extrema derecha Fuerza Jud\u00eda.<\/p>\n<p>Otro representante de la extrema derecha en el gobierno del premier Benjam\u00edn Netanyahu, el ministro de Finanzas <strong>Bezalel Smotrich<\/strong>, tambi\u00e9n abog\u00f3 el domingo por el regreso de los colonos jud\u00edos a Gaza y la emigraci\u00f3n de su poblaci\u00f3n palestina.<\/p>\n<div class=\"video_repositive\"> <a class=\"video_sticky\" href=\"javascript:void();\" onclick=\"removeStuckVideo(true);\"><i class=\"far fa-window-close\"\/><\/a> <\/p>\n<div id=\"5k_EVlBfzRU\" class=\"video_telam\" style=\"background-image:url('https:\/\/img.youtube.com\/vi\/5k_EVlBfzRU\/hqdefault.jpg');background-position: center center;\">\n<div class=\"feature_article_inner\">\n<p><h2 class=\"text-center\">Otro ministro israel\u00ed pidi\u00f3 el regreso de los colonos a Gaza y la salida de los palestinos<\/h2>\n<\/p><\/div>\n<p>VER VIDEO <i class=\"fas fa-play\"\/><\/p>\n<\/p><\/div>\n<\/p><\/div>\n<p>Adem\u00e1s de la<strong> Franja de Gaza<\/strong>, donde seg\u00fan la <strong>ONU<\/strong> el 85% de la poblaci\u00f3n ha sido desplazada y la situaci\u00f3n humanitaria es cr\u00edtica, la tensi\u00f3n contin\u00faa en la Cisjordania ocupada, donde el n\u00famero de arrestados por parte de las fuerzas israel\u00edes desde el estallido de la guerra se elev\u00f3 a 4.910, de acuerdo a fuentes palestinas, que denunciaron 32 detenciones en las \u00faltimas horas.<\/p>\n<p>En un contexto de escalada regional, tambi\u00e9n se avizora un crecimiento de la violencia en el mar Rojo, una importante ruta comercial que es escenario de ataques de los hut\u00edes de Yemen sobre barcos mercantes que obligaron a las compa\u00f1\u00edas navieras a suspender la navegaci\u00f3n en el \u00e1rea.<\/p>\n<p>El buque de guerra iran\u00ed Alborz ingres\u00f3 al mar Rojo, inform\u00f3 la agencia de noticias Tasnim, sin precisar si su presencia est\u00e1 relacionada con esta situaci\u00f3n.<\/p>\n<p>En esa v\u00eda fluvial ya est\u00e1 en operaciones un grupo de trabajo naval multinacional encabezado por Estados Unidos para repeler los misiles y drones de los hut\u00edes, aliados de Ir\u00e1n y que afirman que realizan los ataques en solidaridad con los palestinos en la <strong>Franja de Gaza.<\/strong><\/p>\n<p>Estados Unidos ya acus\u00f3 a Ir\u00e1n de estar \u00abprofundamente involucrado\u00bb en los ataques hut\u00edes, pero las autoridades del pa\u00eds isl\u00e1mico niegan las acusaciones y afirman que los rebeldes act\u00faan por su cuenta.<\/p>\n<p>En tanto, mediadores internacionales contin\u00faan los esfuerzos por alcanzar una nueva pausa en la guerra.<\/p>\n<p>Una delegaci\u00f3n de <strong>Hamas <\/strong>visit\u00f3 El Cairo el viernes pasado para discutir un plan egipcio de treguas renovables, liberaci\u00f3n escalonada de rehenes a cambio de la liberaci\u00f3n de presos palestinos, y el fin de la guerra, indicaron fuentes cercanas al grupo.<\/p>\n<p>Sus aliados de la Yihad Isl\u00e1mica dijeron el s\u00e1bado que las facciones palestinas est\u00e1n \u00aben proceso\u00bb de evaluar la propuesta y responder\u00e1n pr\u00f3ximamente. <\/p>\n<\/div>\n<p><script async defer crossorigin=\"anonymous\" src=\"https:\/\/connect.facebook.net\/es_LA\/sdk.js#xfbml=1&#038;version=v12.0\" nonce=\"SBlHQzIF\"><\/script><br \/><a href=\"https:\/\/www.telam.com.ar\/notas\/202401\/651246-israel-guerra-hamas-2024.html\">source<\/a><\/p>\n","protected":false},"excerpt":{"rendered":"<p>El portavoz del ej\u00e9rcito anunci\u00f3 un \u00abcombate prolongado\u00bb \/ Foto: AFP Israel alert\u00f3 este lunes&#8230;<\/p>\n","protected":false},"author":0,"featured_media":192330,"comment_status":"open","ping_status":"open","sticky":false,"template":"","format":"standard","meta":{"footnotes":""},"categories":[60],"tags":[],"class_list":["post-192329","post","type-post","status-publish","format-standard","has-post-thumbnail","hentry","category-internacional"],"featured_image_urls":{"full":["https:\/\/radiofenix.com.ar\/2023\/wp-content\/uploads\/2024\/01\/wp-header-logo-17.png",1200,675,false],"thumbnail":["https:\/\/radiofenix.com.ar\/2023\/wp-content\/uploads\/2024\/01\/wp-header-logo-17-150x150.png",150,150,true],"medium":["https:\/\/radiofenix.com.ar\/2023\/wp-content\/uploads\/2024\/01\/wp-header-logo-17-300x169.png",300,169,true],"medium_large":["https:\/\/radiofenix.com.ar\/2023\/wp-content\/uploads\/2024\/01\/wp-header-logo-17-768x432.png",640,360,true],"large":["https:\/\/radiofenix.com.ar\/2023\/wp-content\/uploads\/2024\/01\/wp-header-logo-17-1024x576.png",640,360,true],"1536x1536":["https:\/\/radiofenix.com.ar\/2023\/wp-content\/uploads\/2024\/01\/wp-header-logo-17.png",1200,675,false],"2048x2048":["https:\/\/radiofenix.com.ar\/2023\/wp-content\/uploads\/2024\/01\/wp-header-logo-17.png",1200,675,false],"newsium-slider-full":["https:\/\/radiofenix.com.ar\/2023\/wp-content\/uploads\/2024\/01\/wp-header-logo-17.png",1200,675,false],"newsium-featured":["https:\/\/radiofenix.com.ar\/2023\/wp-content\/uploads\/2024\/01\/wp-header-logo-17-1024x576.png",1024,576,true],"newsium-medium":["https:\/\/radiofenix.com.ar\/2023\/wp-content\/uploads\/2024\/01\/wp-header-logo-17-720x475.png",720,475,true]},"author_info":{"info":[""]},"category_info":"<a href=\"https:\/\/radiofenix.com.ar\/2023\/category\/internacional\/\" rel=\"category tag\">Internacional<\/a>","tag_info":"Internacional","comment_count":"0","_links":{"self":[{"href":"https:\/\/radiofenix.com.ar\/2023\/wp-json\/wp\/v2\/posts\/192329","targetHints":{"allow":["GET"]}}],"collection":[{"href":"https:\/\/radiofenix.com.ar\/2023\/wp-json\/wp\/v2\/posts"}],"about":[{"href":"https:\/\/radiofenix.com.ar\/2023\/wp-json\/wp\/v2\/types\/post"}],"replies":[{"embeddable":true,"href":"https:\/\/radiofenix.com.ar\/2023\/wp-json\/wp\/v2\/comments?post=192329"}],"version-history":[{"count":0,"href":"https:\/\/radiofenix.com.ar\/2023\/wp-json\/wp\/v2\/posts\/192329\/revisions"}],"wp:featuredmedia":[{"embeddable":true,"href":"https:\/\/radiofenix.com.ar\/2023\/wp-json\/wp\/v2\/media\/192330"}],"wp:attachment":[{"href":"https:\/\/radiofenix.com.ar\/2023\/wp-json\/wp\/v2\/media?parent=192329"}],"wp:term":[{"taxonomy":"category","embeddable":true,"href":"https:\/\/radiofenix.com.ar\/2023\/wp-json\/wp\/v2\/categories?post=192329"},{"taxonomy":"post_tag","embeddable":true,"href":"https:\/\/radiofenix.com.ar\/2023\/wp-json\/wp\/v2\/tags?post=192329"}],"curies":[{"name":"wp","href":"https:\/\/api.w.org\/{rel}","templated":true}]}}