{"id":192335,"date":"2024-01-03T08:57:51","date_gmt":"2024-01-03T08:57:51","guid":{"rendered":"https:\/\/radiofenix.com.ar\/2023\/murio-adrian-serantoni-uno-de-los-creadores-de-pasion-de-sabado\/"},"modified":"2024-01-03T08:57:51","modified_gmt":"2024-01-03T08:57:51","slug":"murio-adrian-serantoni-uno-de-los-creadores-de-pasion-de-sabado","status":"publish","type":"post","link":"https:\/\/radiofenix.com.ar\/2023\/murio-adrian-serantoni-uno-de-los-creadores-de-pasion-de-sabado\/","title":{"rendered":"Muri\u00f3 Adri\u00e1n Serantoni, uno de los creadores de &quot;Pasi\u00f3n de S\u00e1bado&quot;"},"content":{"rendered":"<div>\n<figure class=\"mb-3\"><img decoding=\"async\" src=\"https:\/\/www.telam.com.ar\/thumbs\/bluesteel\/advf\/imagenes\/2024\/01\/6594ac2bb2f32_1200.jpg\" class=\" lazy \" width=\"100%\" height=\"100%\" alt=\"Adrin Serantoni uno de los productores del xito de Amrica que gan un Martn Fierro en 2017\"\/><figcaption> Adri\u00e1n Serantoni, uno de los productores del \u00e9xito de Am\u00e9rica que gan\u00f3 un Mart\u00edn Fierro en 2017. <\/figcaption><\/figure>\n<p> Adri\u00e1n Serantoni, productor y creador, junto a su hermano Pablo, del ciclo de m\u00fasica <strong>\u00abPasi\u00f3n de S\u00e1bado\u00bb<\/strong> (Am\u00e9rica TV), ganador del Mart\u00edn Fierro en 2017, falleci\u00f3 este martes a los 59 a\u00f1os como consecuencia de un infarto, informaron fuentes del canal.<\/p>\n<div class=\"video_repositive\"> <a class=\"video_sticky\" href=\"javascript:void();\" onclick=\"removeStuckVideo(true);\"><i class=\"far fa-window-close\"\/><\/a> <\/p>\n<div id=\"6pSsy_Wc_b4\" class=\"video_telam\" style=\"background-image:url('https:\/\/img.youtube.com\/vi\/6pSsy_Wc_b4\/hqdefault.jpg');background-position: center center;\">\n<div class=\"feature_article_inner\">\n<p><h2 class=\"text-center\">Premio Mart\u00edn Fierro 2017<\/h2>\n<\/p><\/div>\n<p>VER VIDEO <i class=\"fas fa-play\"\/><\/p>\n<\/p><\/div>\n<\/p><\/div>\n<p>El productor se encontraba internado en la cl\u00ednica Trinidad de la localidad de Quilmes, provincia de Buenos Aires.<\/p>\n<blockquote class=\"twitter-tweet\">\n<p lang=\"es\" dir=\"ltr\">Lamento profundamente la partida de ADRIAN SERANTONI ,jamas se olvida a kien nos deja su PASION<\/p>\n<p>\u2014 Moria Cas\u00e1n (@Moria_Casan) <a href=\"https:\/\/twitter.com\/Moria_Casan\/status\/1742325897636598232?ref_src=twsrc%5Etfw\">January 2, 2024<\/a><\/p><\/blockquote>\n<p> <br open=\"\"\/> Sus restos ser\u00e1n velados este mi\u00e9rcoles en Velatorios Congreso, Avenida Congreso 5252, del barrio porte\u00f1o de Villa Urquiza, entre las 10 y 14 horas.<\/p>\n<blockquote class=\"twitter-tweet\">\n<p lang=\"es\" dir=\"ltr\">Lamentamos profundamente la partida de Adri\u00e1n Serantoni &#x2665;&#xfe0f; \u00a1Gracias por entregar y compartir tu pasi\u00f3n a la movida tropical! <\/p>\n<p>Nuestras condolencias a la familia Serantoni. <a href=\"https:\/\/twitter.com\/PABLOSERANTONI?ref_src=twsrc%5Etfw\">@PABLOSERANTONI<\/a> <a href=\"https:\/\/twitter.com\/PasionOriginal?ref_src=twsrc%5Etfw\">@PasionOriginal<\/a><\/p>\n<p>\u2014 Grupo Rafaga (@gruporafagaofic) <a href=\"https:\/\/twitter.com\/gruporafagaofic\/status\/1742331382146203883?ref_src=twsrc%5Etfw\">January 2, 2024<\/a><\/p><\/blockquote>\n<p> <br open=\"\"\/> Pablo y Adri\u00e1n Serantoni hab\u00edan trabajado, entre m\u00e1s, con la cantante Karina, \u00abLa Princesita\u00bb, quien tuvo un conflicto con los productores derivado de diferentes juicios iniciados por m\u00fasicos de su banda. <\/div>\n<p><script async src=\"\/\/platform.twitter.com\/widgets.js\" charset=\"utf-8\"><\/script><script async defer crossorigin=\"anonymous\" src=\"https:\/\/connect.facebook.net\/es_LA\/sdk.js#xfbml=1&#038;version=v12.0\" nonce=\"SBlHQzIF\"><\/script><br \/><a href=\"https:\/\/www.telam.com.ar\/notas\/202401\/651374-por-un-infarto-murio-adian-serantoni-uno-de-los-creadores-de-pasion-de-sabado.html\">source<\/a><\/p>\n","protected":false},"excerpt":{"rendered":"<p>Adri\u00e1n Serantoni, uno de los productores del \u00e9xito de Am\u00e9rica que gan\u00f3 un Mart\u00edn Fierro&#8230;<\/p>\n","protected":false},"author":0,"featured_media":192336,"comment_status":"open","ping_status":"open","sticky":false,"template":"","format":"standard","meta":{"footnotes":""},"categories":[4],"tags":[],"class_list":["post-192335","post","type-post","status-publish","format-standard","has-post-thumbnail","hentry","category-espectaculos"],"featured_image_urls":{"full":["https:\/\/radiofenix.com.ar\/2023\/wp-content\/uploads\/2024\/01\/wp-header-logo-20.png",1200,675,false],"thumbnail":["https:\/\/radiofenix.com.ar\/2023\/wp-content\/uploads\/2024\/01\/wp-header-logo-20-150x150.png",150,150,true],"medium":["https:\/\/radiofenix.com.ar\/2023\/wp-content\/uploads\/2024\/01\/wp-header-logo-20-300x169.png",300,169,true],"medium_large":["https:\/\/radiofenix.com.ar\/2023\/wp-content\/uploads\/2024\/01\/wp-header-logo-20-768x432.png",640,360,true],"large":["https:\/\/radiofenix.com.ar\/2023\/wp-content\/uploads\/2024\/01\/wp-header-logo-20-1024x576.png",640,360,true],"1536x1536":["https:\/\/radiofenix.com.ar\/2023\/wp-content\/uploads\/2024\/01\/wp-header-logo-20.png",1200,675,false],"2048x2048":["https:\/\/radiofenix.com.ar\/2023\/wp-content\/uploads\/2024\/01\/wp-header-logo-20.png",1200,675,false],"newsium-slider-full":["https:\/\/radiofenix.com.ar\/2023\/wp-content\/uploads\/2024\/01\/wp-header-logo-20.png",1200,675,false],"newsium-featured":["https:\/\/radiofenix.com.ar\/2023\/wp-content\/uploads\/2024\/01\/wp-header-logo-20-1024x576.png",1024,576,true],"newsium-medium":["https:\/\/radiofenix.com.ar\/2023\/wp-content\/uploads\/2024\/01\/wp-header-logo-20-720x475.png",720,475,true]},"author_info":{"info":[""]},"category_info":"<a href=\"https:\/\/radiofenix.com.ar\/2023\/category\/espectaculos\/\" rel=\"category tag\">Espectaculos<\/a>","tag_info":"Espectaculos","comment_count":"0","_links":{"self":[{"href":"https:\/\/radiofenix.com.ar\/2023\/wp-json\/wp\/v2\/posts\/192335","targetHints":{"allow":["GET"]}}],"collection":[{"href":"https:\/\/radiofenix.com.ar\/2023\/wp-json\/wp\/v2\/posts"}],"about":[{"href":"https:\/\/radiofenix.com.ar\/2023\/wp-json\/wp\/v2\/types\/post"}],"replies":[{"embeddable":true,"href":"https:\/\/radiofenix.com.ar\/2023\/wp-json\/wp\/v2\/comments?post=192335"}],"version-history":[{"count":0,"href":"https:\/\/radiofenix.com.ar\/2023\/wp-json\/wp\/v2\/posts\/192335\/revisions"}],"wp:featuredmedia":[{"embeddable":true,"href":"https:\/\/radiofenix.com.ar\/2023\/wp-json\/wp\/v2\/media\/192336"}],"wp:attachment":[{"href":"https:\/\/radiofenix.com.ar\/2023\/wp-json\/wp\/v2\/media?parent=192335"}],"wp:term":[{"taxonomy":"category","embeddable":true,"href":"https:\/\/radiofenix.com.ar\/2023\/wp-json\/wp\/v2\/categories?post=192335"},{"taxonomy":"post_tag","embeddable":true,"href":"https:\/\/radiofenix.com.ar\/2023\/wp-json\/wp\/v2\/tags?post=192335"}],"curies":[{"name":"wp","href":"https:\/\/api.w.org\/{rel}","templated":true}]}}