{"id":192367,"date":"2024-01-05T08:57:36","date_gmt":"2024-01-05T08:57:36","guid":{"rendered":"https:\/\/radiofenix.com.ar\/2023\/san-baltasar-libera-su-fiesta-en-corrientes-con-samba-candombe-y-cultura-afro\/"},"modified":"2024-01-05T08:57:36","modified_gmt":"2024-01-05T08:57:36","slug":"san-baltasar-libera-su-fiesta-en-corrientes-con-samba-candombe-y-cultura-afro","status":"publish","type":"post","link":"https:\/\/radiofenix.com.ar\/2023\/san-baltasar-libera-su-fiesta-en-corrientes-con-samba-candombe-y-cultura-afro\/","title":{"rendered":"San Baltasar libera su fiesta en Corrientes con samba, candombe y cultura afro"},"content":{"rendered":"<div>\n<figure class=\"mb-3\"><img decoding=\"async\" src=\"https:\/\/www.telam.com.ar\/thumbs\/bluesteel\/advf\/imagenes\/2024\/01\/65975b3d48cc8_1200.jpg\" class=\" lazy \" width=\"100%\" height=\"100%\" alt=\"Foto German Pomar\"\/><figcaption> Foto: German Pomar. <\/figcaption><\/figure>\n<p>La visibilizaci\u00f3n contra la resistencia y la adoraci\u00f3n religiosa como una fiesta, sintetizan durante este fin de semana en Corrientes, la veneraci\u00f3n a San Baltasar, el rey mago negro que re\u00fane una multitud cada a\u00f1o, en las v\u00edsperas del 6 de enero y que en este 2024, cuenta con una agenda de numerosas reivindicaciones a las expresiones culturales llegadas de \u00c1frica.<\/p>\n<p>\u00abMantener y visibilizar la identidad afro durante 30 a\u00f1os no fue f\u00e1cil, pero estamos aqu\u00ed, hoy, acompa\u00f1ados\u00bb, dijo a la agencia T\u00e9lam, Gabriela Caballero, directiva de la Cofrad\u00eda de San Baltasar que tiene sede en el barrio Camb\u00e1 Cua (cueva de negros, en guaran\u00ed) de Corrientes, en el inicio de las actividades organizadas por el Gobierno y el municipio para celebrar al santo.<\/p>\n<p><figure class=\"mb-3\"><img decoding=\"async\" src=\"https:\/\/www.telam.com.ar\/thumbs\/bluesteel\/advf\/imagenes\/2024\/01\/65975b3d27f89_1200.jpg\" class=\" lazy \" width=\"100%\" height=\"100%\" alt=\"Foto German Pomar\"\/><figcaption> Foto: German Pomar. <\/figcaption><\/figure>\n<\/p>\n<p>Se trata del acto de inauguraci\u00f3n de una muestra de arte vinculado a la ra\u00edz africana de la cultura correntina, realizado por artistas pl\u00e1sticas que exponen en el centro cultural Adolfo Mors, ubicado en el parque Camb\u00e1 Cu\u00e1, donde tambi\u00e9n estuvo presente el Primer Consejero de la Embajada de la Rep\u00fablica Democr\u00e1tica del Congo en nuestro pa\u00eds, Philippe Mayele Zengabau.<\/p>\n<p>Los dichos de Gabriela Caballero encuentran su contexto en la resistencia que a lo largo de los a\u00f1os se opuso a las manifestaciones de afrodescendientes y que, mediante los aportes generados alrededor de las expresiones culturales en las \u00faltimas d\u00e9cadas, se logr\u00f3 revertir.<\/p>\n<p><figure class=\"mb-3\"><img decoding=\"async\" src=\"https:\/\/www.telam.com.ar\/thumbs\/bluesteel\/advf\/imagenes\/2024\/01\/65975b3d6795e_1200.jpg\" class=\" lazy \" width=\"100%\" height=\"100%\" alt=\"Foto German Pomar\"\/><figcaption> Foto: German Pomar. <\/figcaption><\/figure>\n<\/p>\n<p>En ese sentido, enumer\u00f3 el acompa\u00f1amiento del Gobierno de Corrientes y de la Municipalidad, pero especialmente, invit\u00f3 a una celebraci\u00f3n religiosa que se prepara este s\u00e1bado 6 de enero, a las 20, en una de las iglesias cat\u00f3licas m\u00e1s tradicionales del casco hist\u00f3rico de la ciudad, Nuestra Se\u00f1ora de la Merced.<\/p>\n<p>Ser\u00e1 uno de los puntos con los que culminar\u00e1 la festividad, que inici\u00f3 hoy, con la actuaci\u00f3n de la banda musical Roda Corrientes de Samba, un ensamble de tambores que por primera vez trajo ese estilo musical a esta fecha del calendario lit\u00fargico y cultural de la ciudad.<\/p>\n<p>Mauricio \u00abPancho\u00bb Percara es el director art\u00edstico de Roda Corrientes de Samba y en di\u00e1logo con T\u00e9lam uni\u00f3 con una serie de conceptos musicales al continente africano con la regi\u00f3n, al rescatar la m\u00fasica brasile\u00f1a como la principal ra\u00edz de esta tendencia visibilizada ahora como una veneraci\u00f3n y que durante los a\u00f1os en los que perdur\u00f3 la esclavitud, era reducida y perseguida.<\/p>\n<p>En ese sentido, destac\u00f3 que el samba como el candombe, muestran a la comunidad negra y esclavizada liberarse, momento que tiene como principal episodio al carnaval.<\/p>\n<p><figure class=\"mb-3\"><img decoding=\"async\" src=\"https:\/\/www.telam.com.ar\/thumbs\/bluesteel\/advf\/imagenes\/2024\/01\/65975b3d88534_1200.jpg\" class=\" lazy \" width=\"100%\" height=\"100%\" alt=\"Foto German Pomar\"\/><figcaption> Foto: German Pomar. <\/figcaption><\/figure>\n<\/p>\n<p>\u00abEs donde, y cuando, el preto se libera, es m\u00e1s, en los primeros desfiles usaban la ropa de los amos para desfilar\u00bb, se\u00f1al\u00f3.<\/p>\n<p>\u00abDesde las favelas en Brasil, donde se tocaba en ronda, esta m\u00fasica que nosotros hacemos forma parte de un repertorio que siempre encuentra alguna referencia a su \u00c1frica natal o a alg\u00fan orish\u00e1\u00bb, agreg\u00f3 Percara, en referencia a la dimensi\u00f3n religiosa en la que la m\u00fasica africana nace y se une a la cultura popular.<\/p>\n<p>Ma\u00f1ana a partir de las 10, en la sala Mors, el escritor Enrique Galiana disertar\u00e1 en la charla denominada: \u00abHablemos de San Baltasar\u00bb y a las 21, al igual que el s\u00e1bado, habr\u00e1 un gran festival art\u00edstico en el parque Camb\u00e1 Cu\u00e1 (en la esquina de las calles Chaco y Pellegrini), con destacados artistas locales de m\u00fasica afro, chamam\u00e9, entre otros g\u00e9neros.<\/p>\n<p>En el espacio se contar\u00e1 adem\u00e1s con una feria de emprendedores gastron\u00f3micos y cerveceros.<\/p>\n<p><figure class=\"mb-3\"><img decoding=\"async\" src=\"https:\/\/www.telam.com.ar\/thumbs\/bluesteel\/advf\/imagenes\/2024\/01\/65975b3da7afa_1200.jpg\" class=\" lazy \" width=\"100%\" height=\"100%\" alt=\"Foto German Pomar\"\/><figcaption> Foto: German Pomar. <\/figcaption><\/figure>\n<\/p>\n<p>Tambi\u00e9n el s\u00e1bado a partir de las 11 en el centro Mors se realizar\u00e1 una disertaci\u00f3n sobre la \u00abCofrad\u00eda de San Baltasar en el barrio Camb\u00e1 Cu\u00e1 de Corrientes\u00bb a 30 a\u00f1os de su creaci\u00f3n, a cargo de Osvaldo y Gabriela Caballero,sum\u00e1ndose a ellos Jos\u00e9 Lagra\u00f1a, Agustina Bojorque, Sonia Insaurralde, Celeste Rivero, Ana Laura Pereyra Coimbra y Ronald Isler. <\/p>\n<\/div>\n<p><script async defer crossorigin=\"anonymous\" src=\"https:\/\/connect.facebook.net\/es_LA\/sdk.js#xfbml=1&#038;version=v12.0\" nonce=\"SBlHQzIF\"><\/script><br \/><a href=\"https:\/\/www.telam.com.ar\/notas\/202401\/651617-corrientes-fiesta-san-baltasar.html\">source<\/a><\/p>\n","protected":false},"excerpt":{"rendered":"<p>Foto: German Pomar. La visibilizaci\u00f3n contra la resistencia y la adoraci\u00f3n religiosa como una fiesta,&#8230;<\/p>\n","protected":false},"author":0,"featured_media":192368,"comment_status":"open","ping_status":"open","sticky":false,"template":"","format":"standard","meta":{"footnotes":""},"categories":[7],"tags":[],"class_list":["post-192367","post","type-post","status-publish","format-standard","has-post-thumbnail","hentry","category-sociedad"],"featured_image_urls":{"full":["https:\/\/radiofenix.com.ar\/2023\/wp-content\/uploads\/2024\/01\/wp-header-logo-31.png",1200,675,false],"thumbnail":["https:\/\/radiofenix.com.ar\/2023\/wp-content\/uploads\/2024\/01\/wp-header-logo-31-150x150.png",150,150,true],"medium":["https:\/\/radiofenix.com.ar\/2023\/wp-content\/uploads\/2024\/01\/wp-header-logo-31-300x169.png",300,169,true],"medium_large":["https:\/\/radiofenix.com.ar\/2023\/wp-content\/uploads\/2024\/01\/wp-header-logo-31-768x432.png",640,360,true],"large":["https:\/\/radiofenix.com.ar\/2023\/wp-content\/uploads\/2024\/01\/wp-header-logo-31-1024x576.png",640,360,true],"1536x1536":["https:\/\/radiofenix.com.ar\/2023\/wp-content\/uploads\/2024\/01\/wp-header-logo-31.png",1200,675,false],"2048x2048":["https:\/\/radiofenix.com.ar\/2023\/wp-content\/uploads\/2024\/01\/wp-header-logo-31.png",1200,675,false],"newsium-slider-full":["https:\/\/radiofenix.com.ar\/2023\/wp-content\/uploads\/2024\/01\/wp-header-logo-31.png",1200,675,false],"newsium-featured":["https:\/\/radiofenix.com.ar\/2023\/wp-content\/uploads\/2024\/01\/wp-header-logo-31-1024x576.png",1024,576,true],"newsium-medium":["https:\/\/radiofenix.com.ar\/2023\/wp-content\/uploads\/2024\/01\/wp-header-logo-31-720x475.png",720,475,true]},"author_info":{"info":[""]},"category_info":"<a href=\"https:\/\/radiofenix.com.ar\/2023\/category\/sociedad\/\" rel=\"category tag\">Sociedad<\/a>","tag_info":"Sociedad","comment_count":"0","_links":{"self":[{"href":"https:\/\/radiofenix.com.ar\/2023\/wp-json\/wp\/v2\/posts\/192367","targetHints":{"allow":["GET"]}}],"collection":[{"href":"https:\/\/radiofenix.com.ar\/2023\/wp-json\/wp\/v2\/posts"}],"about":[{"href":"https:\/\/radiofenix.com.ar\/2023\/wp-json\/wp\/v2\/types\/post"}],"replies":[{"embeddable":true,"href":"https:\/\/radiofenix.com.ar\/2023\/wp-json\/wp\/v2\/comments?post=192367"}],"version-history":[{"count":0,"href":"https:\/\/radiofenix.com.ar\/2023\/wp-json\/wp\/v2\/posts\/192367\/revisions"}],"wp:featuredmedia":[{"embeddable":true,"href":"https:\/\/radiofenix.com.ar\/2023\/wp-json\/wp\/v2\/media\/192368"}],"wp:attachment":[{"href":"https:\/\/radiofenix.com.ar\/2023\/wp-json\/wp\/v2\/media?parent=192367"}],"wp:term":[{"taxonomy":"category","embeddable":true,"href":"https:\/\/radiofenix.com.ar\/2023\/wp-json\/wp\/v2\/categories?post=192367"},{"taxonomy":"post_tag","embeddable":true,"href":"https:\/\/radiofenix.com.ar\/2023\/wp-json\/wp\/v2\/tags?post=192367"}],"curies":[{"name":"wp","href":"https:\/\/api.w.org\/{rel}","templated":true}]}}