{"id":192390,"date":"2024-01-06T08:57:40","date_gmt":"2024-01-06T08:57:40","guid":{"rendered":"https:\/\/radiofenix.com.ar\/2023\/el-presidente-de-newells-aseguro-que-banega-tiene-grandes-posibilidades-de-volver\/"},"modified":"2024-01-06T08:57:40","modified_gmt":"2024-01-06T08:57:40","slug":"el-presidente-de-newells-aseguro-que-banega-tiene-grandes-posibilidades-de-volver","status":"publish","type":"post","link":"https:\/\/radiofenix.com.ar\/2023\/el-presidente-de-newells-aseguro-que-banega-tiene-grandes-posibilidades-de-volver\/","title":{"rendered":"El presidente de Newell&#039;s asegur\u00f3 que Banega &quot;tiene grandes posibilidades&quot; de volver"},"content":{"rendered":"<div>\n<figure class=\"mb-3\"><img decoding=\"async\" src=\"https:\/\/www.telam.com.ar\/thumbs\/bluesteel\/advf\/imagenes\/2024\/01\/6596edca3266c_1200.jpg\" class=\" lazy \" width=\"100%\" height=\"100%\" alt=\"Ever Banega en su anterior paso por Newells en 2014 Foto archivo Jos Granata \"\/><figcaption> Ever Banega en su anterior paso por Newell\u00b4s en 2014\/ Foto archivo: Jos\u00e9 Granata. <\/figcaption><\/figure>\n<p> El presidente de Newell&#8217;s Old Boys, Ignacio Astore, confirm\u00f3 este jueves que el mediocampista Ever Banega, tambi\u00e9n pretendido por Boca Juniors, \u00abtiene grandes posibilidades\u00bb de volver a Rosario.<\/p>\n<p>En declaraciones a la radio uruguaya Carve Deportiva, <strong>el titular de la \u00abLepra\u00bb admiti\u00f3 que gestionan el regreso de Banega, quien pas\u00f3 por el club del cual es hincha en 2014.<\/strong><\/p>\n<p>Esta es la segunda vez que Astore busca el regreso de Banega ya que en 2021, a poco de asumir el cargo, tambi\u00e9n reconoci\u00f3 el deseo de la vuelta del mediocampista.<\/p>\n<p><figure class=\"mb-3\"><img decoding=\"async\" src=\"https:\/\/www.telam.com.ar\/thumbs\/bluesteel\/advf\/imagenes\/2023\/12\/6578680224599_1200.jpg\" class=\" lazy \" width=\"100%\" height=\"100%\" alt=\"Ever Banega en el Al Shabab de Arabia Saudita \"\/><figcaption> Ever Banega en el Al Shabab de Arabia Saudita. <\/figcaption><\/figure>\n<p><strong>Banega, con contrato hasta el pr\u00f3ximo 30 de junio en Al Shabab de Arabia Saudita, ten\u00eda avanzada la gesti\u00f3n para rescindir<\/strong> y convertirse en refuerzo de Boca.<\/p>\n<p>Sin embargo, Newell&#8217;s tambi\u00e9n mostr\u00f3 su inter\u00e9s y le ofreci\u00f3 al volante, de 35 a\u00f1os, afrontar la \u00faltima etapa de su carrera en el club de su ciudad natal.<\/p>\n<p>En la misma entrevista, el presidente \u00abrojinegro\u00bb asegur\u00f3 que la negociaci\u00f3n por el delantero uruguayo Juan Ignacio Ram\u00edrez, pretendido por el entrenador Mauricio Larriera, \u00abno est\u00e1 cerca\u00bb.<\/p>\n<p>\u00abNo estamos cerca. Si quieren (cobrar) de contado, que busquen otra instituci\u00f3n\u00bb, afirm\u00f3 Astore, en referencia a la pretensi\u00f3n de Nacional y Liverpool, ambos clubes due\u00f1os del pases del \u00abColo\u00bb, de recibir los cuatro millones de d\u00f3lares del pase en un pago.<\/p>\n<p><figure class=\"mb-3\"><img decoding=\"async\" src=\"https:\/\/www.telam.com.ar\/thumbs\/bluesteel\/advf\/imagenes\/editadas\/615f388de59cc_1200.jpg\" class=\" lazy \" width=\"100%\" height=\"100%\" alt=\"El presidente de Newells Ignacio Astore Foto Sebastin Granata\"\/><figcaption> El presidente de Newell\u00b4s Ignacio Astore \/ Foto: Sebasti\u00e1n Granata. <\/figcaption><\/figure>\n<\/p>\n<\/div>\n<p><script async defer crossorigin=\"anonymous\" src=\"https:\/\/connect.facebook.net\/es_LA\/sdk.js#xfbml=1&#038;version=v12.0\" nonce=\"SBlHQzIF\"><\/script><br \/><a href=\"https:\/\/www.telam.com.ar\/notas\/202401\/651556-presidente-newells-aseguro-banega-grandes-posibilidades-volver-competencia-boca.html\">source<\/a><\/p>\n","protected":false},"excerpt":{"rendered":"<p>Ever Banega en su anterior paso por Newell\u00b4s en 2014\/ Foto archivo: Jos\u00e9 Granata. El&#8230;<\/p>\n","protected":false},"author":0,"featured_media":192391,"comment_status":"open","ping_status":"open","sticky":false,"template":"","format":"standard","meta":{"footnotes":""},"categories":[3],"tags":[],"class_list":["post-192390","post","type-post","status-publish","format-standard","has-post-thumbnail","hentry","category-deportes"],"featured_image_urls":{"full":["https:\/\/radiofenix.com.ar\/2023\/wp-content\/uploads\/2024\/01\/wp-header-logo-40.png",1200,675,false],"thumbnail":["https:\/\/radiofenix.com.ar\/2023\/wp-content\/uploads\/2024\/01\/wp-header-logo-40-150x150.png",150,150,true],"medium":["https:\/\/radiofenix.com.ar\/2023\/wp-content\/uploads\/2024\/01\/wp-header-logo-40-300x169.png",300,169,true],"medium_large":["https:\/\/radiofenix.com.ar\/2023\/wp-content\/uploads\/2024\/01\/wp-header-logo-40-768x432.png",640,360,true],"large":["https:\/\/radiofenix.com.ar\/2023\/wp-content\/uploads\/2024\/01\/wp-header-logo-40-1024x576.png",640,360,true],"1536x1536":["https:\/\/radiofenix.com.ar\/2023\/wp-content\/uploads\/2024\/01\/wp-header-logo-40.png",1200,675,false],"2048x2048":["https:\/\/radiofenix.com.ar\/2023\/wp-content\/uploads\/2024\/01\/wp-header-logo-40.png",1200,675,false],"newsium-slider-full":["https:\/\/radiofenix.com.ar\/2023\/wp-content\/uploads\/2024\/01\/wp-header-logo-40.png",1200,675,false],"newsium-featured":["https:\/\/radiofenix.com.ar\/2023\/wp-content\/uploads\/2024\/01\/wp-header-logo-40-1024x576.png",1024,576,true],"newsium-medium":["https:\/\/radiofenix.com.ar\/2023\/wp-content\/uploads\/2024\/01\/wp-header-logo-40-720x475.png",720,475,true]},"author_info":{"info":[""]},"category_info":"<a href=\"https:\/\/radiofenix.com.ar\/2023\/category\/deportes\/\" rel=\"category tag\">Deportes<\/a>","tag_info":"Deportes","comment_count":"0","_links":{"self":[{"href":"https:\/\/radiofenix.com.ar\/2023\/wp-json\/wp\/v2\/posts\/192390","targetHints":{"allow":["GET"]}}],"collection":[{"href":"https:\/\/radiofenix.com.ar\/2023\/wp-json\/wp\/v2\/posts"}],"about":[{"href":"https:\/\/radiofenix.com.ar\/2023\/wp-json\/wp\/v2\/types\/post"}],"replies":[{"embeddable":true,"href":"https:\/\/radiofenix.com.ar\/2023\/wp-json\/wp\/v2\/comments?post=192390"}],"version-history":[{"count":0,"href":"https:\/\/radiofenix.com.ar\/2023\/wp-json\/wp\/v2\/posts\/192390\/revisions"}],"wp:featuredmedia":[{"embeddable":true,"href":"https:\/\/radiofenix.com.ar\/2023\/wp-json\/wp\/v2\/media\/192391"}],"wp:attachment":[{"href":"https:\/\/radiofenix.com.ar\/2023\/wp-json\/wp\/v2\/media?parent=192390"}],"wp:term":[{"taxonomy":"category","embeddable":true,"href":"https:\/\/radiofenix.com.ar\/2023\/wp-json\/wp\/v2\/categories?post=192390"},{"taxonomy":"post_tag","embeddable":true,"href":"https:\/\/radiofenix.com.ar\/2023\/wp-json\/wp\/v2\/tags?post=192390"}],"curies":[{"name":"wp","href":"https:\/\/api.w.org\/{rel}","templated":true}]}}