{"id":192392,"date":"2024-01-06T08:57:42","date_gmt":"2024-01-06T08:57:42","guid":{"rendered":"https:\/\/radiofenix.com.ar\/2023\/francisco-se-mostro-profundamente-apenado-por-el-ataque-que-dejo-84-muertes-en-iran\/"},"modified":"2024-01-06T08:57:42","modified_gmt":"2024-01-06T08:57:42","slug":"francisco-se-mostro-profundamente-apenado-por-el-ataque-que-dejo-84-muertes-en-iran","status":"publish","type":"post","link":"https:\/\/radiofenix.com.ar\/2023\/francisco-se-mostro-profundamente-apenado-por-el-ataque-que-dejo-84-muertes-en-iran\/","title":{"rendered":"Francisco se mostr\u00f3 &quot;profundamente apenado&quot; por el ataque que dej\u00f3 84 muertes en Ir\u00e1n"},"content":{"rendered":"<div>\n<figure class=\"mb-3\"><img decoding=\"async\" src=\"https:\/\/www.telam.com.ar\/thumbs\/bluesteel\/advf\/imagenes\/2024\/01\/65957042583f8_1200.jpg\" class=\" lazy \" width=\"100%\" height=\"100%\" alt=\"El grupo Estado Islmico EI reivindic el atentado que caus 84 muertos en Irn\"\/><figcaption> El grupo Estado Isl\u00e1mico (EI) reivindic\u00f3 el atentado que caus\u00f3 84 muertos en Ir\u00e1n. <\/figcaption><\/figure>\n<p> El <strong>papa Francisco<\/strong> <strong>se mostr\u00f3 este viernes \u00abprofundamente apenado\u00bb<\/strong> por el ataque reivindicado por el grupo Estado Isl\u00e1mico (EI) que el mi\u00e9rcoles dej\u00f3 <strong>84 muertos en Ir\u00e1n<\/strong>, cerca de la tumba del general Qasem Soleimani y cuando se conmemoraba el cuarto aniversario de su asesinato por Estados Unidos.<\/p>\n<p>\u00ab<strong>Su Santidad el papa Francisco est\u00e1 profundamente apenado<\/strong> al enterarse de la p\u00e9rdida de vidas causada por las recientes explosiones en Kerman\u00bb, plante\u00f3 un telegrama enviado hoy por el secretario de Estado vaticano, Pietro Parolin, divulgado por la Santa Sede.<\/p>\n<p>Seg\u00fan Parolin, <strong>el pont\u00edfice envi\u00f3 \u00absus oraciones para aquellos que fallecieron y para sus afligidas familias\u00bb<\/strong>.<\/p>\n<p><figure class=\"mb-3\"><img decoding=\"async\" src=\"https:\/\/www.telam.com.ar\/thumbs\/bluesteel\/advf\/imagenes\/2023\/10\/653e5cfcba989_1200.jpg\" class=\" lazy \" width=\"100%\" height=\"100%\" alt=\"Foto AFP archivo\"\/><figcaption> Foto: AFP (archivo) <\/figcaption><\/figure>\n<p><\/p>\n<blockquote class=\"\"><p>\u00abSu Santidad el papa Francisco est\u00e1 profundamente apenado al enterarse de la p\u00e9rdida de vidas causada por las recientes explosiones en Kerman\u00bb<cite class=\"author\">Pietro Parolin<\/cite><\/p><\/blockquote>\n<p>Este jueves, el grupo Estado Isl\u00e1mico (EI) reivindic\u00f3 el atentado que caus\u00f3 84 muertos en Ir\u00e1n, cerca de la tumba del general Soleimani, y que fue condenado \u00aben los t\u00e9rminos m\u00e1s duros\u00bb por el Consejo de Seguridad de la ONU.<\/p>\n<p><figure class=\"mb-3\"><img decoding=\"async\" src=\"https:\/\/www.telam.com.ar\/thumbs\/bluesteel\/advf\/imagenes\/2020\/01\/5e148251a6dd6_1200.jpg\" class=\" lazy \" width=\"100%\" height=\"100%\" alt=\"Hace cuatro aos Qasem Soleimani fue asesinado por Estados Unidos\"\/><figcaption> Hace cuatro a\u00f1os Qasem Soleimani fue asesinado por Estados Unidos. <\/figcaption><\/figure>\n<p>A trav\u00e9s de la misiva firmada por su \u00abn\u00famero dos\u00bb, el Papa expres\u00f3 tambi\u00e9n \u00absu solidaridad espiritual con los heridos\u00bb, al tiempo que invoc\u00f3 \u00absobre todo el pueblo de Ir\u00e1n bendiciones de sabidur\u00eda y paz del Todopoderoso\u00bb.<\/p>\n<p>La organizaci\u00f3n yihadista indic\u00f3 en sus canales de Telegram que dos de sus miembros <strong>\u00abactivaron su cintur\u00f3n de explosivos\u00bb<\/strong> en medio de \u00abuna gran multitud de ap\u00f3statas, cerca de la tumba de su l\u00edder Qasem Soleimani\u00bb cerca de la ciudad el sur de Ir\u00e1n. <\/p>\n<\/div>\n<p><script async defer crossorigin=\"anonymous\" src=\"https:\/\/connect.facebook.net\/es_LA\/sdk.js#xfbml=1&#038;version=v12.0\" nonce=\"SBlHQzIF\"><\/script><br \/><a href=\"https:\/\/www.telam.com.ar\/notas\/202401\/651621-francisco-atentado-iran.html\">source<\/a><\/p>\n","protected":false},"excerpt":{"rendered":"<p>El grupo Estado Isl\u00e1mico (EI) reivindic\u00f3 el atentado que caus\u00f3 84 muertos en Ir\u00e1n. El&#8230;<\/p>\n","protected":false},"author":0,"featured_media":192393,"comment_status":"open","ping_status":"open","sticky":false,"template":"","format":"standard","meta":{"footnotes":""},"categories":[60],"tags":[],"class_list":["post-192392","post","type-post","status-publish","format-standard","has-post-thumbnail","hentry","category-internacional"],"featured_image_urls":{"full":["https:\/\/radiofenix.com.ar\/2023\/wp-content\/uploads\/2024\/01\/wp-header-logo-41.png",1200,675,false],"thumbnail":["https:\/\/radiofenix.com.ar\/2023\/wp-content\/uploads\/2024\/01\/wp-header-logo-41-150x150.png",150,150,true],"medium":["https:\/\/radiofenix.com.ar\/2023\/wp-content\/uploads\/2024\/01\/wp-header-logo-41-300x169.png",300,169,true],"medium_large":["https:\/\/radiofenix.com.ar\/2023\/wp-content\/uploads\/2024\/01\/wp-header-logo-41-768x432.png",640,360,true],"large":["https:\/\/radiofenix.com.ar\/2023\/wp-content\/uploads\/2024\/01\/wp-header-logo-41-1024x576.png",640,360,true],"1536x1536":["https:\/\/radiofenix.com.ar\/2023\/wp-content\/uploads\/2024\/01\/wp-header-logo-41.png",1200,675,false],"2048x2048":["https:\/\/radiofenix.com.ar\/2023\/wp-content\/uploads\/2024\/01\/wp-header-logo-41.png",1200,675,false],"newsium-slider-full":["https:\/\/radiofenix.com.ar\/2023\/wp-content\/uploads\/2024\/01\/wp-header-logo-41.png",1200,675,false],"newsium-featured":["https:\/\/radiofenix.com.ar\/2023\/wp-content\/uploads\/2024\/01\/wp-header-logo-41-1024x576.png",1024,576,true],"newsium-medium":["https:\/\/radiofenix.com.ar\/2023\/wp-content\/uploads\/2024\/01\/wp-header-logo-41-720x475.png",720,475,true]},"author_info":{"info":[""]},"category_info":"<a href=\"https:\/\/radiofenix.com.ar\/2023\/category\/internacional\/\" rel=\"category tag\">Internacional<\/a>","tag_info":"Internacional","comment_count":"0","_links":{"self":[{"href":"https:\/\/radiofenix.com.ar\/2023\/wp-json\/wp\/v2\/posts\/192392","targetHints":{"allow":["GET"]}}],"collection":[{"href":"https:\/\/radiofenix.com.ar\/2023\/wp-json\/wp\/v2\/posts"}],"about":[{"href":"https:\/\/radiofenix.com.ar\/2023\/wp-json\/wp\/v2\/types\/post"}],"replies":[{"embeddable":true,"href":"https:\/\/radiofenix.com.ar\/2023\/wp-json\/wp\/v2\/comments?post=192392"}],"version-history":[{"count":0,"href":"https:\/\/radiofenix.com.ar\/2023\/wp-json\/wp\/v2\/posts\/192392\/revisions"}],"wp:featuredmedia":[{"embeddable":true,"href":"https:\/\/radiofenix.com.ar\/2023\/wp-json\/wp\/v2\/media\/192393"}],"wp:attachment":[{"href":"https:\/\/radiofenix.com.ar\/2023\/wp-json\/wp\/v2\/media?parent=192392"}],"wp:term":[{"taxonomy":"category","embeddable":true,"href":"https:\/\/radiofenix.com.ar\/2023\/wp-json\/wp\/v2\/categories?post=192392"},{"taxonomy":"post_tag","embeddable":true,"href":"https:\/\/radiofenix.com.ar\/2023\/wp-json\/wp\/v2\/tags?post=192392"}],"curies":[{"name":"wp","href":"https:\/\/api.w.org\/{rel}","templated":true}]}}