{"id":192396,"date":"2024-01-06T08:57:46","date_gmt":"2024-01-06T08:57:46","guid":{"rendered":"https:\/\/radiofenix.com.ar\/2023\/diputados-iniciara-este-martes-el-debate-en-comisiones-de-la-ley-omnibus\/"},"modified":"2024-01-06T08:57:46","modified_gmt":"2024-01-06T08:57:46","slug":"diputados-iniciara-este-martes-el-debate-en-comisiones-de-la-ley-omnibus","status":"publish","type":"post","link":"https:\/\/radiofenix.com.ar\/2023\/diputados-iniciara-este-martes-el-debate-en-comisiones-de-la-ley-omnibus\/","title":{"rendered":"Diputados iniciar\u00e1 este martes el debate en comisiones de la ley \u00f3mnibus"},"content":{"rendered":"<div>\n<figure class=\"mb-3\"><img decoding=\"async\" src=\"https:\/\/www.telam.com.ar\/thumbs\/bluesteel\/advf\/imagenes\/2024\/01\/6596fffc94471.01.2024%20foto%20prensa%20diputados_1200.jpg\" class=\" lazy \" width=\"100%\" height=\"100%\" alt=\"Foto Prensa\"\/><figcaption> Foto: Prensa <\/figcaption><\/figure>\n<p> El proyecto de ley de \u00abBases y Puntos de Partida para la Libertad de los Argentinos\u00bb impulsado por el Poder Ejecutivo comenzar\u00e1 a ser debatido el martes de la pr\u00f3xima semana por un plenario de comisiones de la C\u00e1mara de Diputados.<\/p>\n<p>Ingresado hace nueve d\u00edas a la C\u00e1mara baja, el proyecto se analizar\u00e1 inicialmente en formato de reuniones informativas el martes y mi\u00e9rcoles de la semana entrante.<\/p>\n<p>Las comisiones de Legislaci\u00f3n General (cabecera); Presupuesto y Hacienda y Asuntos Constitucionales, se reunir\u00e1n el martes de 14 a 20 y el mi\u00e9rcoles de 9 a 20, seg\u00fan se inform\u00f3 oficialmente.<\/p>\n<blockquote class=\"\"><p>Reformas impositivas, suspensi\u00f3n de la aplicaci\u00f3n de la f\u00f3rmula para actualizar los haberes previsionales y habilitaci\u00f3n a imponer sanciones a la protesta son, entre otras, propuestas en el texto del Ejecutivo<\/p><\/blockquote>\n<p> A las reuniones asistir\u00e1n funcionarios nacionales, aunque en la citaci\u00f3n tambi\u00e9n se aclar\u00f3 que los mismos pueden conectarse por v\u00eda remota.<\/p>\n<p>En las notas por las cuales fueron convocados los diputados se les solicit\u00f3 que hagan llegar las preguntas que consideren necesarias antes del lunes a las 20.<\/p>\n<p>Por tratarse de reuniones &#8216;informativas&#8217; no se contempla la posibilidad de que en las mismas se pueda avanzar con la firma de dict\u00e1menes.<\/p>\n<p><figure class=\"mb-3\"><img decoding=\"async\" src=\"https:\/\/www.telam.com.ar\/thumbs\/bluesteel\/advf\/imagenes\/2023\/12\/658c745fe342f_1200.jpg\" class=\" lazy \" width=\"100%\" height=\"100%\" alt=\"Francos entrega a Menem el proyecto Bases y Puntos de Partida para La Libertad de los Argentinos Foto Prensa \"\/><figcaption> Francos entrega a Menem el proyecto \u00abBases y Puntos de Partida para La Libertad de los Argentinos\u00bb. Foto: Prensa. <\/figcaption><\/figure>\n<p>El proyecto pide declarar la emergencia p\u00fablica en materia econ\u00f3mica, financiera, fiscal, previsional, de seguridad, defensa, tarifaria, energ\u00e9tica, sanitaria, administrativa y social hasta el 31 de diciembre de 2025.<\/p>\n<p>Reformas impositivas, suspensi\u00f3n de la aplicaci\u00f3n de la f\u00f3rmula para actualizar los haberes previsionales y habilitaci\u00f3n a imponer sanciones a la protesta son, entre otras, propuestas en el texto del Ejecutivo.<\/p>\n<\/div>\n<p><script async defer crossorigin=\"anonymous\" src=\"https:\/\/connect.facebook.net\/es_LA\/sdk.js#xfbml=1&#038;version=v12.0\" nonce=\"SBlHQzIF\"><\/script><br \/><a href=\"https:\/\/www.telam.com.ar\/notas\/202401\/651701-diputados-ley-omnibus.html\">source<\/a><\/p>\n","protected":false},"excerpt":{"rendered":"<p>Foto: Prensa El proyecto de ley de \u00abBases y Puntos de Partida para la Libertad&#8230;<\/p>\n","protected":false},"author":0,"featured_media":192397,"comment_status":"open","ping_status":"open","sticky":false,"template":"","format":"standard","meta":{"footnotes":""},"categories":[2],"tags":[],"class_list":["post-192396","post","type-post","status-publish","format-standard","has-post-thumbnail","hentry","category-politica"],"featured_image_urls":{"full":["https:\/\/radiofenix.com.ar\/2023\/wp-content\/uploads\/2024\/01\/wp-header-logo-43.png",1200,675,false],"thumbnail":["https:\/\/radiofenix.com.ar\/2023\/wp-content\/uploads\/2024\/01\/wp-header-logo-43-150x150.png",150,150,true],"medium":["https:\/\/radiofenix.com.ar\/2023\/wp-content\/uploads\/2024\/01\/wp-header-logo-43-300x169.png",300,169,true],"medium_large":["https:\/\/radiofenix.com.ar\/2023\/wp-content\/uploads\/2024\/01\/wp-header-logo-43-768x432.png",640,360,true],"large":["https:\/\/radiofenix.com.ar\/2023\/wp-content\/uploads\/2024\/01\/wp-header-logo-43-1024x576.png",640,360,true],"1536x1536":["https:\/\/radiofenix.com.ar\/2023\/wp-content\/uploads\/2024\/01\/wp-header-logo-43.png",1200,675,false],"2048x2048":["https:\/\/radiofenix.com.ar\/2023\/wp-content\/uploads\/2024\/01\/wp-header-logo-43.png",1200,675,false],"newsium-slider-full":["https:\/\/radiofenix.com.ar\/2023\/wp-content\/uploads\/2024\/01\/wp-header-logo-43.png",1200,675,false],"newsium-featured":["https:\/\/radiofenix.com.ar\/2023\/wp-content\/uploads\/2024\/01\/wp-header-logo-43-1024x576.png",1024,576,true],"newsium-medium":["https:\/\/radiofenix.com.ar\/2023\/wp-content\/uploads\/2024\/01\/wp-header-logo-43-720x475.png",720,475,true]},"author_info":{"info":[""]},"category_info":"<a href=\"https:\/\/radiofenix.com.ar\/2023\/category\/politica\/\" rel=\"category tag\">Pol\u00edtica<\/a>","tag_info":"Pol\u00edtica","comment_count":"0","_links":{"self":[{"href":"https:\/\/radiofenix.com.ar\/2023\/wp-json\/wp\/v2\/posts\/192396","targetHints":{"allow":["GET"]}}],"collection":[{"href":"https:\/\/radiofenix.com.ar\/2023\/wp-json\/wp\/v2\/posts"}],"about":[{"href":"https:\/\/radiofenix.com.ar\/2023\/wp-json\/wp\/v2\/types\/post"}],"replies":[{"embeddable":true,"href":"https:\/\/radiofenix.com.ar\/2023\/wp-json\/wp\/v2\/comments?post=192396"}],"version-history":[{"count":0,"href":"https:\/\/radiofenix.com.ar\/2023\/wp-json\/wp\/v2\/posts\/192396\/revisions"}],"wp:featuredmedia":[{"embeddable":true,"href":"https:\/\/radiofenix.com.ar\/2023\/wp-json\/wp\/v2\/media\/192397"}],"wp:attachment":[{"href":"https:\/\/radiofenix.com.ar\/2023\/wp-json\/wp\/v2\/media?parent=192396"}],"wp:term":[{"taxonomy":"category","embeddable":true,"href":"https:\/\/radiofenix.com.ar\/2023\/wp-json\/wp\/v2\/categories?post=192396"},{"taxonomy":"post_tag","embeddable":true,"href":"https:\/\/radiofenix.com.ar\/2023\/wp-json\/wp\/v2\/tags?post=192396"}],"curies":[{"name":"wp","href":"https:\/\/api.w.org\/{rel}","templated":true}]}}