{"id":192400,"date":"2024-01-06T08:57:50","date_gmt":"2024-01-06T08:57:50","guid":{"rendered":"https:\/\/radiofenix.com.ar\/2023\/argentina-ya-conoce-a-su-rival-para-la-primera-ventana-clasificatoria\/"},"modified":"2024-01-06T08:57:50","modified_gmt":"2024-01-06T08:57:50","slug":"argentina-ya-conoce-a-su-rival-para-la-primera-ventana-clasificatoria","status":"publish","type":"post","link":"https:\/\/radiofenix.com.ar\/2023\/argentina-ya-conoce-a-su-rival-para-la-primera-ventana-clasificatoria\/","title":{"rendered":"Argentina ya conoce a su rival para la primera ventana clasificatoria"},"content":{"rendered":"<div>\n<figure class=\"mb-3\"><img decoding=\"async\" src=\"https:\/\/www.telam.com.ar\/thumbs\/bluesteel\/advf\/imagenes\/2023\/02\/63f89a9723301_1200.jpg\" class=\" lazy \" width=\"100%\" height=\"100%\" alt=\"Foto Diego Izquierdo\"\/><figcaption> Foto: Diego Izquierdo <\/figcaption><\/figure>\n<p> El seleccionado argentino de b\u00e1squetbol debutar\u00e1 ante su par de Chile en febrero durante la primera ventana clasificatoria para la AmeriCup (Copa Am\u00e9rica) de la disciplina, a disputarse en 2025.<\/p>\n<p>El encuentro se jugar\u00e1 el jueves 22 del mes entrante, a las 21.40, en el Polideportivo Islas Malvinas de la ciudad de Mar del Plata. El partido corresponde al grupo A del certamen continental.<\/p>\n<p>Tres d\u00edas m\u00e1s tarde, el domingo 25, ambos representativos se enfrentar\u00e1n entre s\u00ed nuevamente, aunque en esta ocasi\u00f3n lo har\u00e1n en el Polideportivo Antonio Azurmendi, de la ciudad de Valdivia.<\/p>\n<p>El entrenador albiceleste, Pablo Prigioni, brindar\u00e1 en los pr\u00f3ximos d\u00edas la n\u00f3mina de convocados para ambos cruces ante el combinado trasandino.<\/p>\n<blockquote class=\"twitter-tweet\">\n<p lang=\"en\" dir=\"ltr\">&#x1f5d3;&#x1f3c0; Schedules, venues announced for FIBA <a href=\"https:\/\/twitter.com\/hashtag\/AmeriCup?src=hash&amp;ref_src=twsrc%5Etfw\">#AmeriCup<\/a> 2025 Qualifiers\u2019 first window!<br \/>&#x1f449; <a href=\"https:\/\/t.co\/keH23Fi8uD\">https:\/\/t.co\/keH23Fi8uD<\/a> <a href=\"https:\/\/t.co\/MiOnAY2v92\">pic.twitter.com\/MiOnAY2v92<\/a><\/p>\n<p>\u2014 FIBA AmeriCup (@AmeriCup) <a href=\"https:\/\/twitter.com\/AmeriCup\/status\/1743380363462820228?ref_src=twsrc%5Etfw\">January 5, 2024<\/a><\/p><\/blockquote>\n<p>Por el grupo A, el enfrentamiento inaugural entre Venezuela y Colombia se jugar\u00e1 tambi\u00e9n el jueves 22, desde las 18.30 hora local (19.30 de Argentina) en el domo Jos\u00e9 Mar\u00eda Vargas, de Maiquet\u00eda.<\/p>\n<p>La zona B se pondr\u00e1 en marcha con los partidos Brasil-Paraguay (en el Maracanazinho de R\u00edo de Janeiro) y Uruguay-Panam\u00e1 (en el Antel Arena de Montevideo), ambos pautados para el viernes 23.<\/p>\n<p>La secci\u00f3n C, por su lado, comprender\u00e1 los partidos Canad\u00e1-Nicaragua (en Ontario) y Rep\u00fablica Dominicana-M\u00e9xico (en Santo Domingo), tambi\u00e9n el viernes 23.<\/p>\n<p>Mientras que el grupo D empezar\u00e1 el jueves 22 con los choques Estados Unidos-Cuba (en la Florida) y Puerto Rico-Bahamas (en San Juan).<\/p>\n<p>La AmeriCup (Copa Am\u00e9rica) 2025 se celebrar\u00e1 en el Polideportivo Alexis Arguello de la ciudad de Managua, Nicaragua, que ya est\u00e1 clasificado directamente.<\/p>\n<p>Los tres primeros de los grupos A, B y D avanzar\u00e1n a la cita continental, mientras que lo mismo pasar\u00e1 con los dos primeros de la zona C. <\/p>\n<\/div>\n<p><script async src=\"\/\/platform.twitter.com\/widgets.js\" charset=\"utf-8\"><\/script><script async defer crossorigin=\"anonymous\" src=\"https:\/\/connect.facebook.net\/es_LA\/sdk.js#xfbml=1&#038;version=v12.0\" nonce=\"SBlHQzIF\"><\/script><br \/><a href=\"https:\/\/www.telam.com.ar\/notas\/202401\/651711-argentina-debutara-ante-chile-en-la-ventana-clasificatoria-para-la-americup-de-basquetbol.html\">source<\/a><\/p>\n","protected":false},"excerpt":{"rendered":"<p>Foto: Diego Izquierdo El seleccionado argentino de b\u00e1squetbol debutar\u00e1 ante su par de Chile en&#8230;<\/p>\n","protected":false},"author":2,"featured_media":192401,"comment_status":"open","ping_status":"open","sticky":false,"template":"","format":"standard","meta":{"footnotes":""},"categories":[6],"tags":[],"class_list":["post-192400","post","type-post","status-publish","format-standard","has-post-thumbnail","hentry","category-ultimasnoticias"],"featured_image_urls":{"full":["https:\/\/radiofenix.com.ar\/2023\/wp-content\/uploads\/2024\/01\/wp-header-logo-45.png",1200,675,false],"thumbnail":["https:\/\/radiofenix.com.ar\/2023\/wp-content\/uploads\/2024\/01\/wp-header-logo-45-150x150.png",150,150,true],"medium":["https:\/\/radiofenix.com.ar\/2023\/wp-content\/uploads\/2024\/01\/wp-header-logo-45-300x169.png",300,169,true],"medium_large":["https:\/\/radiofenix.com.ar\/2023\/wp-content\/uploads\/2024\/01\/wp-header-logo-45-768x432.png",640,360,true],"large":["https:\/\/radiofenix.com.ar\/2023\/wp-content\/uploads\/2024\/01\/wp-header-logo-45-1024x576.png",640,360,true],"1536x1536":["https:\/\/radiofenix.com.ar\/2023\/wp-content\/uploads\/2024\/01\/wp-header-logo-45.png",1200,675,false],"2048x2048":["https:\/\/radiofenix.com.ar\/2023\/wp-content\/uploads\/2024\/01\/wp-header-logo-45.png",1200,675,false],"newsium-slider-full":["https:\/\/radiofenix.com.ar\/2023\/wp-content\/uploads\/2024\/01\/wp-header-logo-45.png",1200,675,false],"newsium-featured":["https:\/\/radiofenix.com.ar\/2023\/wp-content\/uploads\/2024\/01\/wp-header-logo-45-1024x576.png",1024,576,true],"newsium-medium":["https:\/\/radiofenix.com.ar\/2023\/wp-content\/uploads\/2024\/01\/wp-header-logo-45-720x475.png",720,475,true]},"author_info":{"info":["c1500921"]},"category_info":"<a href=\"https:\/\/radiofenix.com.ar\/2023\/category\/ultimasnoticias\/\" rel=\"category tag\">Ultimas Noticias<\/a>","tag_info":"Ultimas Noticias","comment_count":"0","_links":{"self":[{"href":"https:\/\/radiofenix.com.ar\/2023\/wp-json\/wp\/v2\/posts\/192400","targetHints":{"allow":["GET"]}}],"collection":[{"href":"https:\/\/radiofenix.com.ar\/2023\/wp-json\/wp\/v2\/posts"}],"about":[{"href":"https:\/\/radiofenix.com.ar\/2023\/wp-json\/wp\/v2\/types\/post"}],"author":[{"embeddable":true,"href":"https:\/\/radiofenix.com.ar\/2023\/wp-json\/wp\/v2\/users\/2"}],"replies":[{"embeddable":true,"href":"https:\/\/radiofenix.com.ar\/2023\/wp-json\/wp\/v2\/comments?post=192400"}],"version-history":[{"count":0,"href":"https:\/\/radiofenix.com.ar\/2023\/wp-json\/wp\/v2\/posts\/192400\/revisions"}],"wp:featuredmedia":[{"embeddable":true,"href":"https:\/\/radiofenix.com.ar\/2023\/wp-json\/wp\/v2\/media\/192401"}],"wp:attachment":[{"href":"https:\/\/radiofenix.com.ar\/2023\/wp-json\/wp\/v2\/media?parent=192400"}],"wp:term":[{"taxonomy":"category","embeddable":true,"href":"https:\/\/radiofenix.com.ar\/2023\/wp-json\/wp\/v2\/categories?post=192400"},{"taxonomy":"post_tag","embeddable":true,"href":"https:\/\/radiofenix.com.ar\/2023\/wp-json\/wp\/v2\/tags?post=192400"}],"curies":[{"name":"wp","href":"https:\/\/api.w.org\/{rel}","templated":true}]}}