{"id":192406,"date":"2024-01-06T14:04:14","date_gmt":"2024-01-06T14:04:14","guid":{"rendered":"https:\/\/radiofenix.com.ar\/2023\/?p=192406"},"modified":"2024-01-06T14:04:14","modified_gmt":"2024-01-06T14:04:14","slug":"provincia-avanza-en-la-construccion-de-dos-nuevas-escuelas-en-rosario","status":"publish","type":"post","link":"https:\/\/radiofenix.com.ar\/2023\/provincia-avanza-en-la-construccion-de-dos-nuevas-escuelas-en-rosario\/","title":{"rendered":"Provincia avanza en la construcci\u00f3n de dos nuevas escuelas en Rosario"},"content":{"rendered":"\n<p>Se trata de la Primaria \u201cBarrio Nuevo Alberdi\u201d y de Educaci\u00f3n T\u00e9cnica N\u00ba 392 \u201cJuramento de la Bandera\u201d. La inversi\u00f3n del Gobierno de la Provincia superar\u00e1 los $ 2.340 millones.<\/p>\n\n\n<figure class=\"wp-block-post-featured-image\"><img loading=\"lazy\" decoding=\"async\" width=\"1600\" height=\"1066\" src=\"https:\/\/radiofenix.com.ar\/2023\/wp-content\/uploads\/2024\/01\/WhatsApp-Image-2024-01-06-at-10.50.16.jpeg\" class=\"attachment-post-thumbnail size-post-thumbnail wp-post-image\" alt=\"\" style=\"object-fit:cover;\" srcset=\"https:\/\/radiofenix.com.ar\/2023\/wp-content\/uploads\/2024\/01\/WhatsApp-Image-2024-01-06-at-10.50.16.jpeg 1600w, https:\/\/radiofenix.com.ar\/2023\/wp-content\/uploads\/2024\/01\/WhatsApp-Image-2024-01-06-at-10.50.16-300x200.jpeg 300w, https:\/\/radiofenix.com.ar\/2023\/wp-content\/uploads\/2024\/01\/WhatsApp-Image-2024-01-06-at-10.50.16-1024x682.jpeg 1024w, https:\/\/radiofenix.com.ar\/2023\/wp-content\/uploads\/2024\/01\/WhatsApp-Image-2024-01-06-at-10.50.16-768x512.jpeg 768w, https:\/\/radiofenix.com.ar\/2023\/wp-content\/uploads\/2024\/01\/WhatsApp-Image-2024-01-06-at-10.50.16-1536x1023.jpeg 1536w\" sizes=\"auto, (max-width: 1600px) 100vw, 1600px\" \/><\/figure>\n\n\n<p>El Gobierno de Santa Fe avanza en la construcci\u00f3n de dos nuevos establecimientos educativos en la ciudad de Rosario. Se trata de la Escuela Primaria \u201cBarrio Nuevo Alberdi\u201d y de la Escuela Educaci\u00f3n T\u00e9cnica N\u00ba392 \u201cJuramento de la Bandera\u201d en cuyas edificaciones la Provincia invierte m\u00e1s de $ 2.340 millones.<br>\u201cLa educaci\u00f3n y la obra p\u00fablica, que son pilares en la gesti\u00f3n del gobernador Maximiliano Pullaro, se dan la mano en estos valiosos proyectos a los que les estamos dando impulso en el sur provincial\u201d, asegur\u00f3 el ministro de Obras P\u00fablicas, Lisandro Enrico, tras supervisar los trabajos junto al secretario de Obras P\u00fablicas y H\u00e1bitat, Marcelo Pascual\u00f3n, al subsecretario Lucas Condal y al subdirector Jos\u00e9 Rabasedas. Luego, indic\u00f3 que \u201clos prototipos de estos edificios escolares que estamos llevando adelante desde el Gobierno son sustentables y funcionales. Esto posibilitar\u00e1 un uso intensivo. Todos los espacios de aprendizaje contemplados en estos proyectos se caracterizan por contar con flexibilidad espacial y ambientes saludables que podr\u00e1n integrarse o segregarse seg\u00fan las necesidades pedag\u00f3gicas\u201d. En este sentido, Enrico explic\u00f3 que \u201cel edificio en barrio Nuevo Alberdi, ubicado en el predio de calle Benito \u00c1lvarez entre Joaqu\u00edn Su\u00e1rez y Matheu, posee un avance del 20 %; mientras que la obra de la EET N\u00ba392, ubicada entre Av. San Mart\u00edn, Av. Arij\u00f3n, calle Mitre y calle Centenario, cuenta con un avance de tareas que supera el 30 %.<\/p>\n\n\n\n<p><strong>Escuela \u201cBarrio Nuevo Alberdi\u201d<\/strong><\/p>\n\n\n\n<p>En el caso de la escuela primaria, el proyecto desarrolla una planta baja, donde estar\u00e1 la escuela de nivel primario con un polideportivo semicubierto con un \u00e1rea de vestuario y un sector de huerta intermedio y nueve aulas, de las cuales ocho tienen la posibilidad de agruparse de a dos. La superficie abierta intervenida es de 3097.71 m2, la cubierta es de 842.40 m2, y la semicubierta es de 679.97 m2.<br>El SUM tiene un rol protag\u00f3nico en el ingreso con un frente totalmente abierto al hall central y con la posibilidad de uso a la comunidad, de manera independiente al funcionamiento de la Escuela. Todos los recorridos son accesibles y sin barreras arquitect\u00f3nicas. Se trata de un edificio sustentable, con alta eficiencia. Se instalar\u00e1n en la cubierta del edificio paneles solares fotovoltaicos que aportar\u00e1n gran parte de la energ\u00eda necesaria para el funcionamiento de la Escuela y, adem\u00e1s, inyectar\u00e1n energ\u00eda a la red cuando haya excedente.<br>La climatizaci\u00f3n de las aulas se resuelve a trav\u00e9s de piso radiante, que es el sistema de mayor eficiencia y confort. Asimismo, a trav\u00e9s del proyecto se garantiza la iluminaci\u00f3n natural, ventilaci\u00f3n natural cruzada y un sistema de ventilaci\u00f3n forzada que asegura condiciones \u00f3ptimas requeridas de acuerdo a la ocupaci\u00f3n de los locales.<\/p>\n\n\n\n<figure class=\"wp-block-image size-large\"><a href=\"https:\/\/radiofenix.com.ar\/2023\/wp-content\/uploads\/2024\/01\/WhatsApp-Image-2024-01-06-at-10.50.18.jpeg\"><img loading=\"lazy\" decoding=\"async\" width=\"1024\" height=\"682\" src=\"https:\/\/radiofenix.com.ar\/2023\/wp-content\/uploads\/2024\/01\/WhatsApp-Image-2024-01-06-at-10.50.18-1024x682.jpeg\" alt=\"\" class=\"wp-image-192408\" srcset=\"https:\/\/radiofenix.com.ar\/2023\/wp-content\/uploads\/2024\/01\/WhatsApp-Image-2024-01-06-at-10.50.18-1024x682.jpeg 1024w, https:\/\/radiofenix.com.ar\/2023\/wp-content\/uploads\/2024\/01\/WhatsApp-Image-2024-01-06-at-10.50.18-300x200.jpeg 300w, https:\/\/radiofenix.com.ar\/2023\/wp-content\/uploads\/2024\/01\/WhatsApp-Image-2024-01-06-at-10.50.18-768x512.jpeg 768w, https:\/\/radiofenix.com.ar\/2023\/wp-content\/uploads\/2024\/01\/WhatsApp-Image-2024-01-06-at-10.50.18-1536x1023.jpeg 1536w, https:\/\/radiofenix.com.ar\/2023\/wp-content\/uploads\/2024\/01\/WhatsApp-Image-2024-01-06-at-10.50.18.jpeg 1600w\" sizes=\"auto, (max-width: 1024px) 100vw, 1024px\" \/><\/a><\/figure>\n\n\n\n<p><strong>Nueva Escuela T\u00e9cnica<\/strong><\/p>\n\n\n\n<p>En el caso de la Escuela T\u00e9cnica \u201cJuramento de la Bandera\u201d, del proyecto completo se preserva el edificio hist\u00f3rico para someterlo a una restauraci\u00f3n y reacondicionamiento general. La Escuela se dise\u00f1\u00f3 para una matr\u00edcula de 600 estudiantes de nivel secundario y cuenta con una superficie cubierta total de 2.485 m2, una semicubierta de 2.047 m2, desarrolladas en dos niveles, y una superficie abierta de 3.157 m2.<br>El proyecto se desarrolla en planta baja y primer piso con un total de 13 aulas comunes (con la posibilidad de agruparse de a 2) adem\u00e1s de 13 aulas talleres.<br>Todos los elementos del proyecto que consumen energ\u00eda (equipos, bombas, iluminaci\u00f3n, etc.) que se utilizan en el proyecto son de alta eficiencia y m\u00ednimo consumo energ\u00e9tico. La estructura del edificio est\u00e1 conformada por un entramado de vigas y columnas met\u00e1licas a la vista y la cubierta de paneles met\u00e1licos conformados. En funci\u00f3n de este sistema constructivo se ordenan y modulan los espacios, permitiendo la flexibilidad requerida y una r\u00e1pida y eficiente ejecuci\u00f3n, minimizando los tiempos de obra.<\/p>\n","protected":false},"excerpt":{"rendered":"<p>Se trata de la Primaria \u201cBarrio Nuevo Alberdi\u201d y de Educaci\u00f3n T\u00e9cnica N\u00ba 392 \u201cJuramento&#8230;<\/p>\n","protected":false},"author":3,"featured_media":192407,"comment_status":"open","ping_status":"open","sticky":true,"template":"","format":"standard","meta":{"footnotes":""},"categories":[13,2,6],"tags":[22,129,118,128,119],"class_list":["post-192406","post","type-post","status-publish","format-standard","has-post-thumbnail","hentry","category-educacion","category-politica","category-ultimasnoticias","tag-felipe-michlig","tag-gobierno-de-santa-fe","tag-maximiliano-pullaro","tag-obras-publicas","tag-provincia-de-santa-fe"],"featured_image_urls":{"full":["https:\/\/radiofenix.com.ar\/2023\/wp-content\/uploads\/2024\/01\/WhatsApp-Image-2024-01-06-at-10.50.16.jpeg",1600,1066,false],"thumbnail":["https:\/\/radiofenix.com.ar\/2023\/wp-content\/uploads\/2024\/01\/WhatsApp-Image-2024-01-06-at-10.50.16-150x150.jpeg",150,150,true],"medium":["https:\/\/radiofenix.com.ar\/2023\/wp-content\/uploads\/2024\/01\/WhatsApp-Image-2024-01-06-at-10.50.16-300x200.jpeg",300,200,true],"medium_large":["https:\/\/radiofenix.com.ar\/2023\/wp-content\/uploads\/2024\/01\/WhatsApp-Image-2024-01-06-at-10.50.16-768x512.jpeg",640,427,true],"large":["https:\/\/radiofenix.com.ar\/2023\/wp-content\/uploads\/2024\/01\/WhatsApp-Image-2024-01-06-at-10.50.16-1024x682.jpeg",640,426,true],"1536x1536":["https:\/\/radiofenix.com.ar\/2023\/wp-content\/uploads\/2024\/01\/WhatsApp-Image-2024-01-06-at-10.50.16-1536x1023.jpeg",1536,1023,true],"2048x2048":["https:\/\/radiofenix.com.ar\/2023\/wp-content\/uploads\/2024\/01\/WhatsApp-Image-2024-01-06-at-10.50.16.jpeg",1600,1066,false],"newsium-slider-full":["https:\/\/radiofenix.com.ar\/2023\/wp-content\/uploads\/2024\/01\/WhatsApp-Image-2024-01-06-at-10.50.16-1280x845.jpeg",1280,845,true],"newsium-featured":["https:\/\/radiofenix.com.ar\/2023\/wp-content\/uploads\/2024\/01\/WhatsApp-Image-2024-01-06-at-10.50.16-1024x682.jpeg",1024,682,true],"newsium-medium":["https:\/\/radiofenix.com.ar\/2023\/wp-content\/uploads\/2024\/01\/WhatsApp-Image-2024-01-06-at-10.50.16-720x475.jpeg",720,475,true]},"author_info":{"info":["Radio Fenix"]},"category_info":"<a href=\"https:\/\/radiofenix.com.ar\/2023\/category\/educacion\/\" rel=\"category tag\">Educaci\u00f3n<\/a> <a href=\"https:\/\/radiofenix.com.ar\/2023\/category\/politica\/\" rel=\"category tag\">Pol\u00edtica<\/a> <a href=\"https:\/\/radiofenix.com.ar\/2023\/category\/ultimasnoticias\/\" rel=\"category tag\">Ultimas Noticias<\/a>","tag_info":"Ultimas Noticias","comment_count":"0","_links":{"self":[{"href":"https:\/\/radiofenix.com.ar\/2023\/wp-json\/wp\/v2\/posts\/192406","targetHints":{"allow":["GET"]}}],"collection":[{"href":"https:\/\/radiofenix.com.ar\/2023\/wp-json\/wp\/v2\/posts"}],"about":[{"href":"https:\/\/radiofenix.com.ar\/2023\/wp-json\/wp\/v2\/types\/post"}],"author":[{"embeddable":true,"href":"https:\/\/radiofenix.com.ar\/2023\/wp-json\/wp\/v2\/users\/3"}],"replies":[{"embeddable":true,"href":"https:\/\/radiofenix.com.ar\/2023\/wp-json\/wp\/v2\/comments?post=192406"}],"version-history":[{"count":1,"href":"https:\/\/radiofenix.com.ar\/2023\/wp-json\/wp\/v2\/posts\/192406\/revisions"}],"predecessor-version":[{"id":192409,"href":"https:\/\/radiofenix.com.ar\/2023\/wp-json\/wp\/v2\/posts\/192406\/revisions\/192409"}],"wp:featuredmedia":[{"embeddable":true,"href":"https:\/\/radiofenix.com.ar\/2023\/wp-json\/wp\/v2\/media\/192407"}],"wp:attachment":[{"href":"https:\/\/radiofenix.com.ar\/2023\/wp-json\/wp\/v2\/media?parent=192406"}],"wp:term":[{"taxonomy":"category","embeddable":true,"href":"https:\/\/radiofenix.com.ar\/2023\/wp-json\/wp\/v2\/categories?post=192406"},{"taxonomy":"post_tag","embeddable":true,"href":"https:\/\/radiofenix.com.ar\/2023\/wp-json\/wp\/v2\/tags?post=192406"}],"curies":[{"name":"wp","href":"https:\/\/api.w.org\/{rel}","templated":true}]}}