{"id":192410,"date":"2024-01-06T15:36:45","date_gmt":"2024-01-06T15:36:45","guid":{"rendered":"https:\/\/radiofenix.com.ar\/2023\/?p=192410"},"modified":"2024-01-06T15:36:45","modified_gmt":"2024-01-06T15:36:45","slug":"presentacion-oficial-del-instituto-ballet-estrella-azul-en-ceres","status":"publish","type":"post","link":"https:\/\/radiofenix.com.ar\/2023\/presentacion-oficial-del-instituto-ballet-estrella-azul-en-ceres\/","title":{"rendered":"PRESENTACI\u00d3N OFICIAL DEL INSTITUTO BALLET ESTRELLA AZUL EN CERES"},"content":{"rendered":"\n<p>En la noche del viernes 5 de Enero de 2024 en la Sociedad Italiana de Ceres se llev\u00f3 a cabo el Acto de Colaci\u00f3n de la primer promoci\u00f3n del Instructorado Superior en Danzas Nativas Folkl\u00f3ricas Argentinas. Con este evento, el Profesor Superior y Coordinador General Gustavo Alejandro Perez present\u00f3 oficialmente el IBEA Instituto Ballet Estrella Azul. <\/p>\n\n\n\n<p>El acto cont\u00f3 con la presencia de la Sra. Stella Maris Boidi, Fundadora del Ballet Estrella Azul; la Sra. Alejandra Dupouy Intendente del Gobierno de la Ciudad de Ceres, el Sr. Roberto Fabian Nu\u00f1ez T\u00e9cnico Universitario Diplomado en Gesti\u00f3n Cultural, el Sr. Roberto Zelaya Presidente de la Asociaci\u00f3n Amigos del Arte, la Sra. Malori Kopp Coordinadora de Cultura de Ceres, y la Sra. Romina Meshler Presidente del Consejo Deliberante del Gobierno de la Ciudad de Ceres. <\/p>\n\n\n<figure class=\"wp-block-post-featured-image\"><img loading=\"lazy\" decoding=\"async\" width=\"1280\" height=\"960\" src=\"https:\/\/radiofenix.com.ar\/2023\/wp-content\/uploads\/2024\/01\/WhatsApp-Image-2024-01-06-at-11.35.15.jpeg\" class=\"attachment-post-thumbnail size-post-thumbnail wp-post-image\" alt=\"\" style=\"object-fit:cover;\" srcset=\"https:\/\/radiofenix.com.ar\/2023\/wp-content\/uploads\/2024\/01\/WhatsApp-Image-2024-01-06-at-11.35.15.jpeg 1280w, https:\/\/radiofenix.com.ar\/2023\/wp-content\/uploads\/2024\/01\/WhatsApp-Image-2024-01-06-at-11.35.15-300x225.jpeg 300w, https:\/\/radiofenix.com.ar\/2023\/wp-content\/uploads\/2024\/01\/WhatsApp-Image-2024-01-06-at-11.35.15-1024x768.jpeg 1024w, https:\/\/radiofenix.com.ar\/2023\/wp-content\/uploads\/2024\/01\/WhatsApp-Image-2024-01-06-at-11.35.15-768x576.jpeg 768w\" sizes=\"auto, (max-width: 1280px) 100vw, 1280px\" \/><\/figure>\n\n\n<p>El Acto estuvo cargado de emociones por el crecimiento que significa tanto para el Ballet Estrella Azul y sus integrantes en general, como para la historia del Ballet y su profesor en particular. El Coordinador General Gustavo Perez record\u00f3 a su padre Alcidez, qui\u00e9n fuera Fundador del Ballet Estrella Azul, en sus palabras agradeci\u00f3 a cada uno de los que hicieron posible la concreci\u00f3n de este proyecto, y anunci\u00f3 la pr\u00f3xima presentaci\u00f3n de MALON BALLET el Ballet Oficial del Instituo Ballet Estrella Azul y la Escuela de Danza Infantil EL RESPLANDOR que estar\u00e1 a cargo de Delfina Gorosito y Marcelo Artaza. <\/p>\n\n\n\n<p>La Intendente Alejandra Dupouy reconoci\u00f3 al Profesor Gustavo Perez por su trayectoria y resalt\u00f3 la importancia Cultural y de valorizaci\u00f3n de nuestras ra\u00edces a lo largo del tiempo por parte del Ballet Estrella Azul. Tambi\u00e9n llam\u00f3 a revalorizar nuestras costumbres y tradiciones, \u00abCuando escucho una chacarera o un chamame, me hierve la sangre, nuestras danzas me movilizan por completo&#8230;\u00bb expres\u00f3 al recordar cuando curs\u00f3 el Profesorado de Danzas Folkl\u00f3ricas Argentinas en el Instituto de Juan de los Santos Amores en Rafaela.<\/p>\n\n\n\n<figure class=\"wp-block-image size-large\"><a href=\"https:\/\/radiofenix.com.ar\/2023\/wp-content\/uploads\/2024\/01\/WhatsApp-Image-2024-01-06-at-02.03.07.jpeg\"><img loading=\"lazy\" decoding=\"async\" width=\"1024\" height=\"768\" src=\"https:\/\/radiofenix.com.ar\/2023\/wp-content\/uploads\/2024\/01\/WhatsApp-Image-2024-01-06-at-02.03.07-1024x768.jpeg\" alt=\"\" class=\"wp-image-192412\" srcset=\"https:\/\/radiofenix.com.ar\/2023\/wp-content\/uploads\/2024\/01\/WhatsApp-Image-2024-01-06-at-02.03.07-1024x768.jpeg 1024w, https:\/\/radiofenix.com.ar\/2023\/wp-content\/uploads\/2024\/01\/WhatsApp-Image-2024-01-06-at-02.03.07-300x225.jpeg 300w, https:\/\/radiofenix.com.ar\/2023\/wp-content\/uploads\/2024\/01\/WhatsApp-Image-2024-01-06-at-02.03.07-768x576.jpeg 768w, https:\/\/radiofenix.com.ar\/2023\/wp-content\/uploads\/2024\/01\/WhatsApp-Image-2024-01-06-at-02.03.07.jpeg 1280w\" sizes=\"auto, (max-width: 1024px) 100vw, 1024px\" \/><\/a><\/figure>\n\n\n\n<p>El T\u00e9cnico Universitario Diplomado en Gesti\u00f3n Cultural Roberto Fabian Nu\u00f1ez, es art\u00edfice de la promoci\u00f3n y gesti\u00f3n Cultural en el Departamento San Crist\u00f3bal desde hace ya muchos a\u00f1os. Estuvo a cargo del dictado del \u00e1rea Gesti\u00f3n Cultural, y acompa\u00f1ando al Ballet Estrella Azul en su conformaci\u00f3n como Instituto. <\/p>\n\n\n\n<p>El Instituto Ballet Estrella Azul dictar\u00e1 cursos de formaci\u00f3n profesional en Danzas Nativas Folkl\u00f3ricas Argentinas con Resoluci\u00f3n Ministerial del Ministerio de Cultura del Gobierno de la Provincia de Santa Fe. Tambi\u00e9n tendr\u00e1 la propuesta del Instructorado en Danzas Nativas Folkl\u00f3ricas Argentinas del cual se graduaron los primeros Instructores y cuenta adem\u00e1s del aval mencionado, con los avales de la Federaci\u00f3n Argentina de Profesionales de Danza y la CIAD Confederaci\u00f3n Mundial de Profesionales de Danza.<\/p>\n\n\n\n<p>De nuestra localidad de Arruf\u00f3, se graduaron los Instructores Analia Ivana Barrios y Jos\u00e9 Ignacio Alonso.<\/p>\n\n\n\n<figure class=\"wp-block-image size-large\"><a href=\"https:\/\/radiofenix.com.ar\/2023\/wp-content\/uploads\/2024\/01\/WhatsApp-Image-2024-01-06-at-02.03.05.jpeg\"><img loading=\"lazy\" decoding=\"async\" width=\"768\" height=\"1024\" src=\"https:\/\/radiofenix.com.ar\/2023\/wp-content\/uploads\/2024\/01\/WhatsApp-Image-2024-01-06-at-02.03.05-768x1024.jpeg\" alt=\"\" class=\"wp-image-192413\" srcset=\"https:\/\/radiofenix.com.ar\/2023\/wp-content\/uploads\/2024\/01\/WhatsApp-Image-2024-01-06-at-02.03.05-768x1024.jpeg 768w, https:\/\/radiofenix.com.ar\/2023\/wp-content\/uploads\/2024\/01\/WhatsApp-Image-2024-01-06-at-02.03.05-225x300.jpeg 225w, https:\/\/radiofenix.com.ar\/2023\/wp-content\/uploads\/2024\/01\/WhatsApp-Image-2024-01-06-at-02.03.05.jpeg 960w\" sizes=\"auto, (max-width: 768px) 100vw, 768px\" \/><\/a><\/figure>\n","protected":false},"excerpt":{"rendered":"<p>En la noche del viernes 5 de Enero de 2024 en la Sociedad Italiana de&#8230;<\/p>\n","protected":false},"author":3,"featured_media":192411,"comment_status":"open","ping_status":"open","sticky":true,"template":"","format":"standard","meta":{"footnotes":""},"categories":[12,13,18,6],"tags":[134,136,131,68,139,140,135,133,130,132,138,137],"class_list":["post-192410","post","type-post","status-publish","format-standard","has-post-thumbnail","hentry","category-destacado","category-educacion","category-regionales","category-ultimasnoticias","tag-alejandra-dupouy","tag-asociacion-amigos-del-arte","tag-ballet-estrella-azul","tag-cultura","tag-danza","tag-folklore","tag-gobierno-de-la-ciudad-de-ceres","tag-gustavo-perez","tag-ibea","tag-instituto-ballet-estrella-azul","tag-roberto-nunez","tag-roberto-zelaya"],"featured_image_urls":{"full":["https:\/\/radiofenix.com.ar\/2023\/wp-content\/uploads\/2024\/01\/WhatsApp-Image-2024-01-06-at-11.35.15.jpeg",1280,960,false],"thumbnail":["https:\/\/radiofenix.com.ar\/2023\/wp-content\/uploads\/2024\/01\/WhatsApp-Image-2024-01-06-at-11.35.15-150x150.jpeg",150,150,true],"medium":["https:\/\/radiofenix.com.ar\/2023\/wp-content\/uploads\/2024\/01\/WhatsApp-Image-2024-01-06-at-11.35.15-300x225.jpeg",300,225,true],"medium_large":["https:\/\/radiofenix.com.ar\/2023\/wp-content\/uploads\/2024\/01\/WhatsApp-Image-2024-01-06-at-11.35.15-768x576.jpeg",640,480,true],"large":["https:\/\/radiofenix.com.ar\/2023\/wp-content\/uploads\/2024\/01\/WhatsApp-Image-2024-01-06-at-11.35.15-1024x768.jpeg",640,480,true],"1536x1536":["https:\/\/radiofenix.com.ar\/2023\/wp-content\/uploads\/2024\/01\/WhatsApp-Image-2024-01-06-at-11.35.15.jpeg",1280,960,false],"2048x2048":["https:\/\/radiofenix.com.ar\/2023\/wp-content\/uploads\/2024\/01\/WhatsApp-Image-2024-01-06-at-11.35.15.jpeg",1280,960,false],"newsium-slider-full":["https:\/\/radiofenix.com.ar\/2023\/wp-content\/uploads\/2024\/01\/WhatsApp-Image-2024-01-06-at-11.35.15-1280x845.jpeg",1280,845,true],"newsium-featured":["https:\/\/radiofenix.com.ar\/2023\/wp-content\/uploads\/2024\/01\/WhatsApp-Image-2024-01-06-at-11.35.15-1024x768.jpeg",1024,768,true],"newsium-medium":["https:\/\/radiofenix.com.ar\/2023\/wp-content\/uploads\/2024\/01\/WhatsApp-Image-2024-01-06-at-11.35.15-720x475.jpeg",720,475,true]},"author_info":{"info":["Radio Fenix"]},"category_info":"<a href=\"https:\/\/radiofenix.com.ar\/2023\/category\/destacado\/\" rel=\"category tag\">Destacado<\/a> <a href=\"https:\/\/radiofenix.com.ar\/2023\/category\/educacion\/\" rel=\"category tag\">Educaci\u00f3n<\/a> <a href=\"https:\/\/radiofenix.com.ar\/2023\/category\/regionales\/\" rel=\"category tag\">Regionales<\/a> <a href=\"https:\/\/radiofenix.com.ar\/2023\/category\/ultimasnoticias\/\" rel=\"category tag\">Ultimas Noticias<\/a>","tag_info":"Ultimas Noticias","comment_count":"0","_links":{"self":[{"href":"https:\/\/radiofenix.com.ar\/2023\/wp-json\/wp\/v2\/posts\/192410","targetHints":{"allow":["GET"]}}],"collection":[{"href":"https:\/\/radiofenix.com.ar\/2023\/wp-json\/wp\/v2\/posts"}],"about":[{"href":"https:\/\/radiofenix.com.ar\/2023\/wp-json\/wp\/v2\/types\/post"}],"author":[{"embeddable":true,"href":"https:\/\/radiofenix.com.ar\/2023\/wp-json\/wp\/v2\/users\/3"}],"replies":[{"embeddable":true,"href":"https:\/\/radiofenix.com.ar\/2023\/wp-json\/wp\/v2\/comments?post=192410"}],"version-history":[{"count":1,"href":"https:\/\/radiofenix.com.ar\/2023\/wp-json\/wp\/v2\/posts\/192410\/revisions"}],"predecessor-version":[{"id":192414,"href":"https:\/\/radiofenix.com.ar\/2023\/wp-json\/wp\/v2\/posts\/192410\/revisions\/192414"}],"wp:featuredmedia":[{"embeddable":true,"href":"https:\/\/radiofenix.com.ar\/2023\/wp-json\/wp\/v2\/media\/192411"}],"wp:attachment":[{"href":"https:\/\/radiofenix.com.ar\/2023\/wp-json\/wp\/v2\/media?parent=192410"}],"wp:term":[{"taxonomy":"category","embeddable":true,"href":"https:\/\/radiofenix.com.ar\/2023\/wp-json\/wp\/v2\/categories?post=192410"},{"taxonomy":"post_tag","embeddable":true,"href":"https:\/\/radiofenix.com.ar\/2023\/wp-json\/wp\/v2\/tags?post=192410"}],"curies":[{"name":"wp","href":"https:\/\/api.w.org\/{rel}","templated":true}]}}