{"id":192431,"date":"2024-01-07T08:57:48","date_gmt":"2024-01-07T08:57:48","guid":{"rendered":"https:\/\/radiofenix.com.ar\/2023\/el-gobierno-no-contempla-extender-el-plazo-de-las-sesiones-extraordinarias\/"},"modified":"2024-01-07T08:57:48","modified_gmt":"2024-01-07T08:57:48","slug":"el-gobierno-no-contempla-extender-el-plazo-de-las-sesiones-extraordinarias","status":"publish","type":"post","link":"https:\/\/radiofenix.com.ar\/2023\/el-gobierno-no-contempla-extender-el-plazo-de-las-sesiones-extraordinarias\/","title":{"rendered":"El Gobierno no contempla extender el plazo de las sesiones extraordinarias"},"content":{"rendered":"<div>\n<div class=\"video_repositive\"> <a class=\"video_sticky\" href=\"javascript:void();\" onclick=\"removeStuckVideo(true);\"><i class=\"far fa-window-close\"\/><\/a> <\/p>\n<div id=\"RxMNiHe4eSs\" class=\"video_telam\" style=\"background-image:url('https:\/\/img.youtube.com\/vi\/RxMNiHe4eSs\/hqdefault.jpg');background-position: center center;\">\n<div class=\"feature_article_inner\">\n<p><h2 class=\"text-center\">El Gobierno no contempla extender el plazo de las sesiones extraordinarias<\/h2>\n<\/p><\/div>\n<p>VER VIDEO <i class=\"fas fa-play\"\/><\/p>\n<\/p><\/div>\n<\/p><\/div>\n<p>El vocero Presidencial, Manuel Adorni, afirm\u00f3 este viernes que \u00abpor ahora\u00bb <strong>no est\u00e1 contemplado extender el plazo de las sesiones extraordinarias del Congreso <\/strong>para el tratamiento de las iniciativas del Ejecutivo. En su habitual conferencia de prensa diaria ofrecida en Casa Rosada retiter\u00f3\u00a0que <strong>el Gobierno nacional \u201capelar\u00e1\u201d los <a href=\"https:\/\/www.telam.com.ar\/notas\/202401\/651532-cautelar-dnu-laboral-cta-yasky.html\" target=\"_blank\" rel=\"noopener\">fallos contra el Decreto de Necesidad y Urgencia (DNU)<\/a><\/strong> que emiti\u00f3 el presidente Javier Milei para desregular la econom\u00eda.<\/p>\n<p>Adorni asegur\u00f3 adem\u00e1s que el Gobierno \u201cno le cierra el di\u00e1logo a nadie\u201d, pero asegur\u00f3 que <strong>la administraci\u00f3n del Presidente \u201cest\u00e1 convencida\u201d de impulsar la \u00abLey \u00f3mnibus\u201d<\/strong>.<\/p>\n<p>El Gobierno es \u00abm\u00e1s que respetuoso\u00bb de los fallos adversos de la justicia que obtuvo el Decreto de Necesidad y Urgencia (DNU) emitido por el Gobierno nacional para desregular la econom\u00eda, asegur\u00f3 Adorni, y ratific\u00f3 que el Ejecutivo apelar\u00e1s las resoluciones en contrario que cosech\u00f3 esa iniciativa en los tribunales.<\/p>\n<p>\u00abSomos m\u00e1s que respetuosos con el proceso judicial hasta las \u00faltimas instancias. <strong>Esas decisiones judiciales van a ser apeladas y seguiremos atentos el camino. No hay nada que haya ocurrido que no hubiese sido esperado por nosotros. El Gobierno seguir\u00e1 analizando paso a paso no solo el tr\u00e1mite judicial y el legislativo<\/strong>\u00ab, se\u00f1al\u00f3 Adorni en su habitual conferencia de prensa en Casa Rosada.<\/p>\n<blockquote class=\"twitter-tweet\" data-conversation=\"none\">\n<p lang=\"es\" dir=\"ltr\">Adorni afirm\u00f3 que \u00abpor ahora\u00bb el Gobierno no contempla extender el plazo de las sesiones extraordinarias del Congreso <a href=\"https:\/\/t.co\/jTXyFzeaul\">pic.twitter.com\/jTXyFzeaul<\/a><\/p>\n<p>\u2014 Agencia T\u00e9lam (@AgenciaTelam) <a href=\"https:\/\/twitter.com\/AgenciaTelam\/status\/1743279234720629182?ref_src=twsrc%5Etfw\">January 5, 2024<\/a><\/p><\/blockquote>\n<p> El vocero respondi\u00f3 as\u00ed sobre el fallo del juez federal en lo Contencioso Administrativo Enrique Lavi\u00e9 Pico, quien habilit\u00f3 la feria judicial, firm\u00f3 otro amparo contra el DNU del presidente Javier MIlei y pidi\u00f3 desarmar el \u00abproceso colectivo\u00bb que se tramitaba en ese fuero en manos de su colega, el magistrado Esteban Furnari.<\/p>\n<div> Asimismo, el vocero <strong>resalt\u00f3 la conformaci\u00f3n de las comisiones legislativas en el Congreso para tratar el paquete de leyes enviado por el Poder Ejecutivo para las sesiones extraordinarias hasta el 31 de enero, bajo el t\u00edtulo \u00abBases y principios para la libertad de los argentinos\u00bb.<\/strong><\/p>\n<p>\u00abEl Gobierno y sus aliados lograron conformar cuatro comisiones fundamentales para el tratamiento de la Ley y para impulsar todos los cambios que Argentina necesita\u00bb, subray\u00f3.<\/p>\n<p>Adorni precis\u00f3 en ese sentido que son las comisiones de <strong>Relaciones Exteriores<\/strong>, la de <strong>Legislaci\u00f3n General<\/strong>, la de <strong>Asuntos Constitucionales<\/strong> y la de <strong>Presupuesto<\/strong>.<\/p>\n<p>\u00abNuestra felicitaci\u00f3n para <strong>Mart\u00edn Menem<\/strong>, presidente de la C\u00e1mara de Diputados, y a los presidentes de las respectivas comisiones, y esperando, por supuesto, que el trabajo de ellos pueda impulsar las reformas que el pa\u00eds necesita\u00bb.<\/p>\n<p>Ante una consulta sobre la posibilidad de extender el per\u00edodo de sesiones extraordinarias hasta febrero, respondi\u00f3: \u00abNo lo estamos evaluando\u00bb.<\/p>\n<p>\u00abEntendemos que los tiempos legislativos tienen su propia din\u00e1mica, pero estamos dentro de los plazos y par\u00e1metros que har\u00e1n que se pueda cumplir, se\u00f1al\u00f3 sobre el per\u00edodo de sesiones del Congreso que comenz\u00f3 el pasado 26 de diciembre y concluir\u00e1 el pr\u00f3ximo 31 de enero.<br \/>\u00a0<\/p>\n<\/div>\n<figure class=\"mb-3\"><img decoding=\"async\" src=\"https:\/\/www.telam.com.ar\/thumbs\/bluesteel\/advf\/imagenes\/2024\/01\/65981409c9dda_1200.jpg\" class=\" lazy \" width=\"100%\" height=\"100%\" alt=\"Foto Cris Sille\"\/><figcaption> Foto: Cris Sille. <\/figcaption><\/figure>\n<p><\/p>\n<h2 class=\"\">\u00abNo vamos a intervenir en precios\u00bb<\/h2>\n<p>\u00abNosotros <strong>no vamos a intervenir en precios<\/strong>\u00ab, expres\u00f3 ante una pregunta sobre qu\u00e9 estrategia tomar\u00e1 el Gobierno ante la <strong>suba de los valores de la carne vacuna y otros alimentos<\/strong>, aclarando que \u00ablos acuerdos que se han conocido son libres entre partes e impulsados por la propia cadena de comercializaci\u00f3n\u00bb.<\/p>\n<p>Adorni se\u00f1al\u00f3 que \u00abla inflaci\u00f3n es un tema muy cruel porque afecta al que menos tiene\u00bb, y si bien indic\u00f3 que <strong>\u00ablos alimentos est\u00e1n dentro de lo que preocupa\u00bb al Gobierno, remarc\u00f3 que la suba de precios \u00abes un tema general, no particular\u00bb de un rubro espec\u00edfico.<\/strong><\/p>\n<p>\u00abEn l\u00ednea con eso, el Gobierno est\u00e1 utilizando todas las herramientas que tiene a su alcance para proteger a los m\u00e1s vulnerables y dentro de la situaci\u00f3n en que est\u00e1 la Argentina, a los que m\u00e1s vamos a proteger es a los m\u00e1s chicos\u00bb, asever\u00f3.<\/p>\n<p>Al respecto, resalt\u00f3 que en <strong>el Gobierno est\u00e1n \u00abtrabajando 24&#215;7\u00bb abocados a \u00abexterminar, pulverizar la inflaci\u00f3n, que es uno de los grandes problemas\u00bb.<\/strong><\/p>\n<p>\u00abPor eso hablamos de la importancia del <strong>d\u00e9ficit fiscal<\/strong> y de tener las cuentas en orden\u00bb, advirti\u00f3, un prop\u00f3sito al que consider\u00f3 \u00abla madre de todas las batallas\u00bb.<\/p>\n<p><figure class=\"mb-3\"><img decoding=\"async\" src=\"https:\/\/www.telam.com.ar\/thumbs\/bluesteel\/advf\/imagenes\/2024\/01\/65981409e5184_1200.jpg\" class=\" lazy \" width=\"100%\" height=\"100%\" alt=\"Foto Cris Sille\"\/><figcaption> Foto: Cris Sille. <\/figcaption><\/figure>\n<p><\/p>\n<h2 class=\"\">Pol\u00edtica de cielos abiertos<\/h2>\n<p>Por otra parte, el vocero destac\u00f3 que \u00abalgunos logros de la pol\u00edtica aerocomercial de pol\u00edticas abiertos en virtud de lo dispuesto por el Decreto de Necesidad y Urgencia\u00bb. <\/p>\n<p> \u00a0<\/p>\n<p> \u00abLo cierto es que <strong>la pol\u00edtica aerocomercial de los \u00faltimos a\u00f1os, marcada por la expropiaci\u00f3n de Aerol\u00edneas Argentinas, le quit\u00f3 posibilidad a muchas empresas de volar a su plena capacidad. Limit\u00f3 la competencia y mantuvo a los argentinos presos de un servicio que no fue el acorde, ni en precios ni en frecuencias ni en rutas<\/strong>\u00ab, fundament\u00f3 el vocero.<\/p>\n<p> \u00a0<\/p>\n<p> En esa l\u00ednea, el funcionario indic\u00f3 que el \u00abDNU de <strong>desregulaci\u00f3n <\/strong>firmado por el presidente Javier Milei el 20 de diciembre pasado propuso un nuevo marco regulatorio que permite a las compa\u00f1\u00edas a\u00e9reas \u00abproyectar hacia adelante nuevas rutas y nuevos vuelos\u00bb.<\/p>\n<p> \u00a0<\/p>\n<p> Al respecto, Adorni destac\u00f3 \u00abalgunos casos como el de Jet Smart, que va a conectar Buenos Aires con la ciudad de Concepci\u00f3n, en el sur de Chile, en un vuelo directo; el caso de Paran\u00e1air, que unir\u00e1 Asunci\u00f3n (la capital de Paraguay) con la ciudad de C\u00f3rdoba y Fly Bondi, que anunci\u00f3 su primer vuelo a Mar del Plata\u00bb.<\/p>\n<p> \u00a0<\/p>\n<p> \u00abEsto es muy relevante para nosotros y para los argentinos porque <strong>muchos que antes no pod\u00edan viajar van a poder hacerlo. Muchos que no viajaban a precios elevados lo van a poder hacer a precios econ\u00f3micos. E incluso gente que no vol\u00f3 nunca, tendr\u00e1 la posibilidad de hacerlo<\/strong>\u00ab, expres\u00f3 Adorni.<\/p>\n<p> \u00a0<\/p>\n<figure class=\"mb-3\"><img decoding=\"async\" src=\"https:\/\/www.telam.com.ar\/thumbs\/bluesteel\/advf\/imagenes\/2024\/01\/65981cff58b2a_1200.jpg\" class=\" lazy \" width=\"100%\" height=\"100%\" alt=\"Foto Cris Sille\"\/><figcaption> Foto: Cris Sille. <\/figcaption><\/figure>\n<p><\/p>\n<h2 class=\"\">Sobre la protesta de Barrios de Pie frente al Hotel Libertador<\/h2>\n<p>Por otra parte, Adorni destac\u00f3 que la <a href=\"https:\/\/www.telam.com.ar\/notas\/202401\/651518-barios-de-pie-protesta-hotel-libertador.html\" target=\"_blank\" rel=\"noopener\">marcha de la organizaci\u00f3n Barrios de Pie al hotel Libertador donde se aloja el presidente Javier MIlei<\/a> <strong>\u201ctranscurri\u00f3 con normalidad y orden\u201d <\/strong>como pretende el gobierno ten la habitual conferencia de prensa ofrecida en Casa Rosada.<\/p>\n<p>\u00ab<strong>Se cumpli\u00f3 con el protocolo<\/strong> correspondiente del Gobierno en materia de seguridad y orden p\u00fablico. Los manifestantes entregaron un petitorio pidiendo el aumento en las partidas de los comedores y eso ser\u00e1 analizado y evaluado. Tambi\u00e9n celebramos que se haya cumplido con el orden y no se haya incumplido la Ley\u00bb, puntualiz\u00f3 el vocero.<\/p>\n<div class=\"video_repositive\"> <a class=\"video_sticky\" href=\"javascript:void();\" onclick=\"removeStuckVideo(true);\"><i class=\"far fa-window-close\"\/><\/a> <\/p>\n<div id=\"SFmpAJipiQY\" class=\"video_telam\" style=\"background-image:url('https:\/\/img.youtube.com\/vi\/SFmpAJipiQY\/hqdefault.jpg');background-position: center center;\">\n<div class=\"feature_article_inner\">\n<p><h2 class=\"text-center\">Adorni dijo que el Gobierno \u00abno ha cambiado nada\u00bb en materia de pesca sino \u00abaclarado algunos puntos\u00bb<\/h2>\n<\/p><\/div>\n<p>VER VIDEO <i class=\"fas fa-play\"\/><\/p>\n<\/p><\/div>\n<\/p><\/div>\n<div class=\"jumbotron pt-4 mt-3\">\n<h3 class=\"module-title\">No ha cambiado nada\u00bb en materia de pesca<\/h3>\n<p>Adorni asegur\u00f3 que el Gobierno \u00abno ha cambiado nada\u00bb respecto de las\u00a0<a href=\"http:\/\/www.telam.com.ar\/notas\/202401\/651560-francos-clarificaciones-pesca-ley-omnibus.html\" target=\"_blank\" rel=\"noopener\">modificaciones a la ley de Pesca<\/a>\u00a0incorporadas en el proyecto presentado al Congreso, sino que\u00a0<strong>se han \u00abaclarado algunos puntos\u00bb, manteniendo el \u00abesp\u00edritu\u00bb de \u00abpromover la libertad, la competencia y que aumente la producci\u00f3n\u00bb del sector<\/strong>.<\/p>\n<p>Adorni ratific\u00f3 que el Gobierno no va a \u00abintervenir en precios\u00bb y que los funcionarios se encuentran \u00abtrabajando 24&#215;7\u00bb para \u00abexterminar\u00bb y \u00abpulverizar\u00bb la inflaci\u00f3n, adem\u00e1s de asegurar que la\u00a0<a href=\"https:\/\/www.telam.com.ar\/notas\/202401\/651635-presupuesto-modificacion-deuda-letras.html\" target=\"_blank\" rel=\"noopener\">autorizaci\u00f3n a la emisi\u00f3n de una letra del Banco Central por US$ 3.200 millones<\/a>\u00a0no representa \u00abning\u00fan perjuicio patrimonial\u00bb para la autoridad monetaria.<\/p>\n<p>El portavoz se refiri\u00f3 a la reuni\u00f3n que el ministro del Interior,\u00a0<strong>Guillermo Francos<\/strong>, mantuvo con el gobernador de Chubut,\u00a0<strong>Ignacio Torres<\/strong>, respecto de las preocupaciones expresadas sobre las modificaciones al R\u00e9gimen Federal de Pesca contempladas en el proyecto de ley \u00abBases y puntos de partida para la libertad de los argentinos\u00bb.<\/p>\n<p>En ese sentido, sostuvo que\u00a0<strong>hubo una \u00abmala interpretaci\u00f3n que el ministro Francos se ha encargado de despejar\u00bb\u00a0<\/strong>y que \u00abel esp\u00edritu de toda la ley, y el del apartado de pesca en particular, es promover la libertad, la competencia y que aumente la producci\u00f3n pesquera\u00bb.<\/p>\n<p><strong>\u00abEstamos en contra de la pesca ilegal, pero estamos a favor del orden, la competencia y que la producci\u00f3n aumente<\/strong>\u00ab, plante\u00f3.<\/p>\n<p>En ese sentido, dijo que celebra \u00abeste tipo de di\u00e1logo en el que no se ha cambiado nada, sino que se han aclarado algunos puntos\u00bb.<\/p>\n<p>En otro orden, manifest\u00f3 que el\u00a0<strong>DNU 23\/2024, por el que se autoriza la emisi\u00f3n de una letra del Banco Central por US$ 3.200 millones para el pago de vencimientos<\/strong>, no implica \u00abning\u00fan perjuicio patrimonial\u00bb para la autoridad monetaria, y que la operaci\u00f3n \u00abempez\u00f3 el 26 de diciembre en un proceso de adquisici\u00f3n de d\u00f3lares por parte del Tesoro\u00bb.<\/p>\n<\/p><\/div>\n<\/p><\/div>\n<p><script async src=\"\/\/platform.twitter.com\/widgets.js\" charset=\"utf-8\"><\/script><script async defer crossorigin=\"anonymous\" src=\"https:\/\/connect.facebook.net\/es_LA\/sdk.js#xfbml=1&#038;version=v12.0\" nonce=\"SBlHQzIF\"><\/script><br \/><a href=\"https:\/\/www.telam.com.ar\/notas\/202401\/651636-adorni-conferencia-viernes-5.html\">source<\/a><\/p>\n","protected":false},"excerpt":{"rendered":"<p>El Gobierno no contempla extender el plazo de las sesiones extraordinarias VER VIDEO El vocero&#8230;<\/p>\n","protected":false},"author":0,"featured_media":192432,"comment_status":"open","ping_status":"open","sticky":false,"template":"","format":"standard","meta":{"footnotes":""},"categories":[2],"tags":[],"class_list":["post-192431","post","type-post","status-publish","format-standard","has-post-thumbnail","hentry","category-politica"],"featured_image_urls":{"full":["https:\/\/radiofenix.com.ar\/2023\/wp-content\/uploads\/2024\/01\/wp-header-logo-51.png",1200,675,false],"thumbnail":["https:\/\/radiofenix.com.ar\/2023\/wp-content\/uploads\/2024\/01\/wp-header-logo-51-150x150.png",150,150,true],"medium":["https:\/\/radiofenix.com.ar\/2023\/wp-content\/uploads\/2024\/01\/wp-header-logo-51-300x169.png",300,169,true],"medium_large":["https:\/\/radiofenix.com.ar\/2023\/wp-content\/uploads\/2024\/01\/wp-header-logo-51-768x432.png",640,360,true],"large":["https:\/\/radiofenix.com.ar\/2023\/wp-content\/uploads\/2024\/01\/wp-header-logo-51-1024x576.png",640,360,true],"1536x1536":["https:\/\/radiofenix.com.ar\/2023\/wp-content\/uploads\/2024\/01\/wp-header-logo-51.png",1200,675,false],"2048x2048":["https:\/\/radiofenix.com.ar\/2023\/wp-content\/uploads\/2024\/01\/wp-header-logo-51.png",1200,675,false],"newsium-slider-full":["https:\/\/radiofenix.com.ar\/2023\/wp-content\/uploads\/2024\/01\/wp-header-logo-51.png",1200,675,false],"newsium-featured":["https:\/\/radiofenix.com.ar\/2023\/wp-content\/uploads\/2024\/01\/wp-header-logo-51-1024x576.png",1024,576,true],"newsium-medium":["https:\/\/radiofenix.com.ar\/2023\/wp-content\/uploads\/2024\/01\/wp-header-logo-51-720x475.png",720,475,true]},"author_info":{"info":[""]},"category_info":"<a href=\"https:\/\/radiofenix.com.ar\/2023\/category\/politica\/\" rel=\"category tag\">Pol\u00edtica<\/a>","tag_info":"Pol\u00edtica","comment_count":"0","_links":{"self":[{"href":"https:\/\/radiofenix.com.ar\/2023\/wp-json\/wp\/v2\/posts\/192431","targetHints":{"allow":["GET"]}}],"collection":[{"href":"https:\/\/radiofenix.com.ar\/2023\/wp-json\/wp\/v2\/posts"}],"about":[{"href":"https:\/\/radiofenix.com.ar\/2023\/wp-json\/wp\/v2\/types\/post"}],"replies":[{"embeddable":true,"href":"https:\/\/radiofenix.com.ar\/2023\/wp-json\/wp\/v2\/comments?post=192431"}],"version-history":[{"count":0,"href":"https:\/\/radiofenix.com.ar\/2023\/wp-json\/wp\/v2\/posts\/192431\/revisions"}],"wp:featuredmedia":[{"embeddable":true,"href":"https:\/\/radiofenix.com.ar\/2023\/wp-json\/wp\/v2\/media\/192432"}],"wp:attachment":[{"href":"https:\/\/radiofenix.com.ar\/2023\/wp-json\/wp\/v2\/media?parent=192431"}],"wp:term":[{"taxonomy":"category","embeddable":true,"href":"https:\/\/radiofenix.com.ar\/2023\/wp-json\/wp\/v2\/categories?post=192431"},{"taxonomy":"post_tag","embeddable":true,"href":"https:\/\/radiofenix.com.ar\/2023\/wp-json\/wp\/v2\/tags?post=192431"}],"curies":[{"name":"wp","href":"https:\/\/api.w.org\/{rel}","templated":true}]}}