{"id":192458,"date":"2024-01-07T22:54:16","date_gmt":"2024-01-07T22:54:16","guid":{"rendered":"https:\/\/radiofenix.com.ar\/2023\/la-agenda-electoral-internacional-de-enero\/"},"modified":"2024-01-07T22:54:16","modified_gmt":"2024-01-07T22:54:16","slug":"la-agenda-electoral-internacional-de-enero","status":"publish","type":"post","link":"https:\/\/radiofenix.com.ar\/2023\/la-agenda-electoral-internacional-de-enero\/","title":{"rendered":"La agenda electoral internacional de enero"},"content":{"rendered":"<div> <iframe loading=\"lazy\" width=\"760px\" height=\"500px\" src=\"https:\/\/sway.cloud.microsoft\/s\/CqB3MvrK7PvfJGQX\/embed\" frameborder=\"0\" marginheight=\"0\" marginwidth=\"0\" max-width=\"100%\" sandbox=\"allow-forms allow-modals allow-orientation-lock allow-popups allow-same-origin allow-scripts\" scrolling=\"no\" style=\"border: none; max-width: 100%; max-height: 100vh\" allowfullscreen=\"\" mozallowfullscreen=\"\" msallowfullscreen=\"\" webkitallowfullscreen=\"\"><\/iframe><\/p>\n<p>Por orden cronol\u00f3gico, las elecciones destacadas a llevarse a cabo en el mundo durante enero de 2024 son las siguientes:<\/p>\n<p><span class=\"badge badge-primary\">Domingo 7<\/span><\/p>\n<h2 class=\"\">Parlamentarias en BANGLADESH<\/h2>\n<p><\/p>\n<figure class=\"mb-3\"><img decoding=\"async\" src=\"https:\/\/www.telam.com.ar\/thumbs\/bluesteel\/advf\/imagenes\/2024\/01\/659743f491298_1200.jpg\" class=\" lazy \" width=\"100%\" height=\"100%\" alt=\"La primera ministra Sheikh Hasina va por un nuevo mandato en Bangladesh Foto AFP\"\/><figcaption> La primera ministra Sheikh Hasina va por un nuevo mandato en Bangladesh. Foto: AFP <\/figcaption><\/figure>\n<p> Los bengal\u00edes renovar\u00e1n por voto directo a 300 miembros de su parlamento (Jatiya Santgsad), donde la primera ministra Sheikh Hasina, en el poder desde 2009, ir\u00e1 por la reelecci\u00f3n con el apoyo de la Liga Awami que pone en juego su mayor\u00eda absoluta. Por el lado de la oposici\u00f3n se destaca el parlamentario, Ghulam Muhammed Qader, l\u00edder del Partido Nacional (Jatiya).<\/p>\n<p>El opositor Partido Nacionalista de Bangladesh no se presentar\u00e1 a las elecciones, alegando el autoritarismo de la primera ministra y el que no halla dado paso a un gobierno de transici\u00f3n hasta que se celebren los comicios.<\/p>\n<p><span class=\"badge badge-primary\">Martes 9<\/span><\/p>\n<h2 class=\"\">Legislativas en BUT\u00c1N<\/h2>\n<p><\/p>\n<figure class=\"mb-3\"><img decoding=\"async\" src=\"https:\/\/www.telam.com.ar\/thumbs\/bluesteel\/advf\/imagenes\/2018\/05\/5aebfede17cc9_1200.jpg\" class=\" lazy \" width=\"100%\" height=\"100%\" alt=\"En Butn se renueva completamente la Asamblea Nacional\"\/><figcaption> En But\u00e1n se renueva completamente la Asamblea Nacional <\/figcaption><\/figure>\n<p> Tras la primera ronda del 30 de noviembre, se terminan de definir los 47 miembros de la Asamblea Nacional, donde el Partido Democr\u00e1tico Popular (PDP) del ex primer ministro Tshering Tobgay competir\u00e1 con el Partido del Tendril de But\u00e1n (BTP) de Dasho Pema Chewang.<\/p>\n<p>En los resultados de la primera vuelta, el PDP obtuvo el 42,5 % de los votos y el BTP 19,6 %; quedando fuera de carrera Paz y Prosperidad (DPT) con el 14,9 %, los oficialistas del Partido Socialdem\u00f3crata (DNT) con el 13,1 % y el partido progresista DTT con el 9,8 %.<\/p>\n<p><span class=\"badge badge-primary\">S\u00e1bado 13<\/span><\/p>\n<h2 class=\"\">Gobierno y Legislatura de Taiw\u00e1n, CHINA<\/h2>\n<p><\/p>\n<figure class=\"mb-3\"><img decoding=\"async\" src=\"https:\/\/www.telam.com.ar\/thumbs\/bluesteel\/advf\/imagenes\/2024\/01\/65974a072922e_1200.jpg\" class=\" lazy \" width=\"100%\" height=\"100%\" alt=\"La conflictiva isla de China celebra la renovacin de sus autoridades Hou Yuih centro va por el partido Kuomintang\"\/><figcaption> La conflictiva isla de China celebra la renovaci\u00f3n de sus autoridades, Hou Yu-ih (centro) va por el partido Kuomintang <\/figcaption><\/figure>\n<p> Tras completar dos mandatos al frente de la isla, Tsai Ing-wen, no volver\u00e1 a presentarse y por el Partido Dem\u00f3crata Progresista va el actual vicepresidente isle\u00f1o Lai Ching-Te. Por la oposici\u00f3n se destaca el partido nacionalista Kuomintang que quiere recuperar el poder con Hou Yu-ih, el exalcalde (2018-23) de la populosa ciudad de Nueva Taipei. Tambi\u00e9n con posibilidades se presenta el exalcalde de la capital Taipei (2014-22), Ko Wen-je, del Partido Popular de Taiw\u00e1n. \u00a0<\/p>\n<p>En la misma fecha se renuevan los 113 miembros de la Legislatura, donde la Coalici\u00f3n Verde encabezada por los dem\u00f3cratas progresistas intentar\u00e1n retener la mayor\u00eda absoluta que ostentan y la Coalici\u00f3n Azul liderada por el Kuomintang buscar\u00e1 arrebat\u00e1rsela. Tambi\u00e9n se presentan el Partido Popular y Nuevo Poder.<\/p>\n<p><span class=\"badge badge-primary\">Domingo 14<\/span><\/p>\n<h2 class=\"\">Presidenciales en COMORAS<\/h2>\n<p><\/p>\n<figure class=\"mb-3\"><img decoding=\"async\" src=\"https:\/\/www.telam.com.ar\/thumbs\/bluesteel\/advf\/imagenes\/2024\/01\/659744c7e95b6_1200.jpg\" class=\" lazy \" width=\"100%\" height=\"100%\" alt=\"Azali Assoumani busca otro mandato en Comoras Foto XPR_AZALI\"\/><figcaption> Azali Assoumani busca otro mandato en Comoras. Foto: X@PR_AZALI <\/figcaption><\/figure>\n<p> En este pa\u00eds insular africano en el Oc\u00e9ano \u00cdndico, el actual mandatario Azali Assoumani buscar\u00e1 la reelecci\u00f3n apoyado por su partido Convenci\u00f3n para la Renovaci\u00f3n de las Comoras (CRC). Por la oposici\u00f3n se destacan Salim Issa Abdillah del partido Juwa, Mohamed Daoudou del Partido Naranja y Mohamed Ali Soilihi de la Uni\u00f3n Para el Desarrollo de Comoras (UPDC).<\/p>\n<p><span class=\"badge badge-primary\">Domingo 21<\/span><\/p>\n<h2 class=\"\">Refer\u00e9ndums en LIECHTENSTEIN<\/h2>\n<p> En el pr\u00edncipado se celebrar\u00e1n 3 referendos simult\u00e1neos, el primero es contra la adopci\u00f3n del modelo de requisitos energ\u00e9ticos de los cantones suizos (MoPEC 2014), el segundo\u00a0contra la instalaci\u00f3n obligatoria de paneles fotovoltaicos en los tejados y el tercero\u00a0es una niciativa popular para modificar la ley de historias cl\u00ednicas electr\u00f3nicas.<\/p>\n<p><span class=\"badge badge-primary\">Viernes 26<\/span><\/p>\n<h2 class=\"\">Parlamentarias en TUVALU<\/h2>\n<p> En este pa\u00eds de la Polinesia se renuevan las 16 bancas de su Parlamento del cual luego surgir\u00e1 su presidente por votaci\u00f3n indirecta. Los parlamentarios se eligen dos por cada uno de los 8 distritos electorales y en todos los casos se presentan como candidatos independientes.<\/p>\n<p><span class=\"badge badge-primary\">Domingo 28<\/span><\/p>\n<h2 class=\"\">Presidenciales en FINLANDIA<\/h2>\n<p><\/p>\n<figure class=\"mb-3\"><img decoding=\"async\" src=\"https:\/\/www.telam.com.ar\/thumbs\/bluesteel\/advf\/imagenes\/2023\/04\/642978acacbbf_1200.jpg\" class=\" lazy \" width=\"100%\" height=\"100%\" alt=\"Tras votar por su Parlamento el ao pasado los finlandeses vuelven a las urnas para definir al jefe de Estado Foto AFP\"\/><figcaption> Tras votar por su Parlamento el a\u00f1o pasado, los finlandeses vuelven a las urnas para definir al jefe de Estado. Foto: AFP <\/figcaption><\/figure>\n<p> Tras una docena de a\u00f1os con dos mandatos de Sauli Niinisto en la jefatura del Estado, los finlandeses elegir\u00e1n nuevo presidente y se destacan las candidaturas del ex primer ministro Alexander Stubb de la Coalici\u00f3n Nacional, el exministro de Exteriores Pekka Haavisto de la Liga Verde, el actual presidente del parlamento finland\u00e9s Jussi Halla-aho del Partido Fin\u00e9s y el exministro de Econom\u00eda Olli Rehn del Partido de Centro.<\/div>\n<p><script async defer crossorigin=\"anonymous\" src=\"https:\/\/connect.facebook.net\/es_LA\/sdk.js#xfbml=1&#038;version=v12.0\" nonce=\"SBlHQzIF\"><\/script><br \/><a href=\"https:\/\/www.telam.com.ar\/notas\/202401\/651599-la-agenda-electoral-internacional-de-enero.html\">source<\/a><\/p>\n","protected":false},"excerpt":{"rendered":"<p>Por orden cronol\u00f3gico, las elecciones destacadas a llevarse a cabo en el mundo durante enero&#8230;<\/p>\n","protected":false},"author":0,"featured_media":192459,"comment_status":"open","ping_status":"open","sticky":false,"template":"","format":"standard","meta":{"footnotes":""},"categories":[60],"tags":[],"class_list":["post-192458","post","type-post","status-publish","format-standard","has-post-thumbnail","hentry","category-internacional"],"featured_image_urls":{"full":["https:\/\/radiofenix.com.ar\/2023\/wp-content\/uploads\/2024\/01\/wp-header-logo-57.png",1200,675,false],"thumbnail":["https:\/\/radiofenix.com.ar\/2023\/wp-content\/uploads\/2024\/01\/wp-header-logo-57-150x150.png",150,150,true],"medium":["https:\/\/radiofenix.com.ar\/2023\/wp-content\/uploads\/2024\/01\/wp-header-logo-57-300x169.png",300,169,true],"medium_large":["https:\/\/radiofenix.com.ar\/2023\/wp-content\/uploads\/2024\/01\/wp-header-logo-57-768x432.png",640,360,true],"large":["https:\/\/radiofenix.com.ar\/2023\/wp-content\/uploads\/2024\/01\/wp-header-logo-57-1024x576.png",640,360,true],"1536x1536":["https:\/\/radiofenix.com.ar\/2023\/wp-content\/uploads\/2024\/01\/wp-header-logo-57.png",1200,675,false],"2048x2048":["https:\/\/radiofenix.com.ar\/2023\/wp-content\/uploads\/2024\/01\/wp-header-logo-57.png",1200,675,false],"newsium-slider-full":["https:\/\/radiofenix.com.ar\/2023\/wp-content\/uploads\/2024\/01\/wp-header-logo-57.png",1200,675,false],"newsium-featured":["https:\/\/radiofenix.com.ar\/2023\/wp-content\/uploads\/2024\/01\/wp-header-logo-57-1024x576.png",1024,576,true],"newsium-medium":["https:\/\/radiofenix.com.ar\/2023\/wp-content\/uploads\/2024\/01\/wp-header-logo-57-720x475.png",720,475,true]},"author_info":{"info":[""]},"category_info":"<a href=\"https:\/\/radiofenix.com.ar\/2023\/category\/internacional\/\" rel=\"category tag\">Internacional<\/a>","tag_info":"Internacional","comment_count":"0","_links":{"self":[{"href":"https:\/\/radiofenix.com.ar\/2023\/wp-json\/wp\/v2\/posts\/192458","targetHints":{"allow":["GET"]}}],"collection":[{"href":"https:\/\/radiofenix.com.ar\/2023\/wp-json\/wp\/v2\/posts"}],"about":[{"href":"https:\/\/radiofenix.com.ar\/2023\/wp-json\/wp\/v2\/types\/post"}],"replies":[{"embeddable":true,"href":"https:\/\/radiofenix.com.ar\/2023\/wp-json\/wp\/v2\/comments?post=192458"}],"version-history":[{"count":0,"href":"https:\/\/radiofenix.com.ar\/2023\/wp-json\/wp\/v2\/posts\/192458\/revisions"}],"wp:featuredmedia":[{"embeddable":true,"href":"https:\/\/radiofenix.com.ar\/2023\/wp-json\/wp\/v2\/media\/192459"}],"wp:attachment":[{"href":"https:\/\/radiofenix.com.ar\/2023\/wp-json\/wp\/v2\/media?parent=192458"}],"wp:term":[{"taxonomy":"category","embeddable":true,"href":"https:\/\/radiofenix.com.ar\/2023\/wp-json\/wp\/v2\/categories?post=192458"},{"taxonomy":"post_tag","embeddable":true,"href":"https:\/\/radiofenix.com.ar\/2023\/wp-json\/wp\/v2\/tags?post=192458"}],"curies":[{"name":"wp","href":"https:\/\/api.w.org\/{rel}","templated":true}]}}