{"id":192466,"date":"2024-01-08T08:57:28","date_gmt":"2024-01-08T08:57:28","guid":{"rendered":"https:\/\/radiofenix.com.ar\/2023\/el-verano-tendra-lluvias-aseguradas-pero-preocupan-las-consecuencias-de-las-tormentas\/"},"modified":"2024-01-08T08:57:28","modified_gmt":"2024-01-08T08:57:28","slug":"el-verano-tendra-lluvias-aseguradas-pero-preocupan-las-consecuencias-de-las-tormentas","status":"publish","type":"post","link":"https:\/\/radiofenix.com.ar\/2023\/el-verano-tendra-lluvias-aseguradas-pero-preocupan-las-consecuencias-de-las-tormentas\/","title":{"rendered":"El verano tendr\u00e1 lluvias aseguradas, pero preocupan las consecuencias de las tormentas"},"content":{"rendered":"<div>\n<figure class=\"mb-3\"><img decoding=\"async\" src=\"https:\/\/www.telam.com.ar\/thumbs\/bluesteel\/advf\/imagenes\/2024\/01\/659abf14b80ff_1200.jpg\" class=\" lazy \" width=\"100%\" height=\"100%\" alt=\"Aseguran que el verano no traer temperaturas extremas que perjudiquen la cosecha Foto Pablo Aeli \"\/><figcaption> Aseguran que el verano no traer\u00e1 temperaturas extremas que perjudiquen la cosecha. \/Foto: Pablo A\u00f1eli. <\/figcaption><\/figure>\n<p>\u00a0El campo argentino, a diferencia de las \u00faltimas tres campa\u00f1as, tendr\u00e1 este verano -de la mano del fen\u00f3meno de El Ni\u00f1o&#8217;- un r\u00e9gimen de lluvias acorde con los cultivos y sin una fuerte ola de calor que pueda afectar a las plantaciones, aunque <strong>preocupa en el sector la posibilidad de que continuen eventos clim\u00e1ticos violentos como los que se dieron \u00faltimas semanas, con fuertes r\u00e1fagas de viento y ca\u00edda de granizo.<\/strong><\/p>\n<p>Seg\u00fan el <strong>director del Centro de Investigaci\u00f3n de Recursos Naturales (CIRN) del INTA, Pablo Mercuri,<\/strong> \u00abdada la importante recomposici\u00f3n h\u00eddrica en la mayor\u00eda de las zonas productivas, en esta campa\u00f1a de gruesa podemos afirmar que <strong>el agua no es el factor limitante, y alcanzar altos niveles de producci\u00f3n ser\u00e1 mucho m\u00e1s dependiente del manejo agron\u00f3mico\u00bb.<\/strong><\/p>\n<p>En un art\u00edculo publicado por el INTA, Mercuri agreg\u00f3 que \u00absin la limitaci\u00f3n del agua, se espera que en lotes donde se pudieron realizar siembras tempranas y ciclos largos, ma\u00edces y sojas podr\u00e1n expresar su potencial gen\u00e9tico o superar los techos productivos, incluso dadas las perspectivas de nuevas lluvias durante el periodo de floraci\u00f3n y llenado de granos\u00bb.<\/p>\n<p>De hecho, <strong>las estimaciones de cosecha de los granos gruesos son alentadores, con un considerable aumento en el volumen de producci\u00f3n previsto para la campa\u00f1a 2023\/24.<\/strong><\/p>\n<p>En este sentido, la Bolsa de Comercio de Rosario (BCR) estim\u00f3 que la producci\u00f3n de granos podr\u00eda alcanzar las 137 millones de toneladas en el actual ciclo agr\u00edcola, un 65,3% m\u00e1s que lo obtenido en 2022\/23.<\/p>\n<p>De ese total, la soja aportar\u00eda 50 millones de toneladas; el ma\u00edz, 56 millones; el girasol, 4,3 millones; y el sorgo en 2,4 millones.<\/p>\n<p>La especialista del CIRN, Natalia Gattinoni, sostuvo que a diferencia del a\u00f1o pasado, \u00abs<strong>on menores las probabilidades de ocurrencia de eventos t\u00e9rmicos extremos<\/strong> dando condiciones adecuadas para el desarrollo de los cultivos de veranos que transitar\u00edan la \u00e9poca c\u00e1lida con menores niveles de estr\u00e9s t\u00e9rmico y con adecuada disponibilidad de humedad en el suelo en general\u00bb.<\/p>\n<p><figure class=\"mb-3\"><img decoding=\"async\" src=\"https:\/\/www.telam.com.ar\/thumbs\/bluesteel\/advf\/imagenes\/2024\/01\/659abf14a7bb5_1200.jpg\" class=\" lazy \" width=\"100%\" height=\"100%\" alt=\"Foto Pablo Aeli\"\/><figcaption> Foto: Pablo A\u00f1eli. <\/figcaption><\/figure>\n<p>\u00abEn el caso de la Regi\u00f3n Pampeana y el Litoral, la perspectiva clim\u00e1tica de temperaturas medias asigna una mayor probabilidad de un periodo con valores en el rango normal para la \u00e9poca\u00bb, explic\u00f3 Gattinoni.<\/p>\n<p>Y, agreg\u00f3 que \u00absi a este panorama le sumamos el pron\u00f3stico estacional de temperaturas extremas,<strong> se espera una menor ocurrencia de temperaturas m\u00e1ximas extremas, mientras que son mayores las chances de d\u00edas con temperaturas m\u00ednimas m\u00e1s bajas sobre la principal zona productiva\u00bb.<\/strong><\/p>\n<p>Por su parte, el<strong> jefe de la Gu\u00eda Estrat\u00e9gica para el Agro (GEA) de la BCR, Cristi\u00e1n Russo<\/strong>, si bien hizo hincapi\u00e9 en las abundantes y beneficiosas lluvias que se dieron en estos \u00faltimos meses y que se prev\u00e9 que seguir\u00e1n, <strong>manifest\u00f3 su preocupaci\u00f3n por la \u00abviolencia\u00bb y lo \u00abimpredecible\u00bb de algunos eventos.<\/strong><\/p>\n<p>\u00abEstamos viendo mucho viento en estos fen\u00f3menos que tienen que ver con masas de aire muy caliente que chocan con estas circulaciones que est\u00e1n siendo no caracter\u00edsticas del verano, que siguen muy activas y que son circulaciones de aire muy fr\u00edo, y que generan choques t\u00e9rmicos que son muy grandes\u00bb, dijo Russo.<\/p>\n<p>El especialista marc\u00f3 que es as\u00ed como se da \u00abla violencia de las tormentas, estamos viendo muchas situaciones de granizo y de viento muy fuerte, de car\u00e1cter impredecible\u00bb.<\/p>\n<p>Seg\u00fan Russo,<strong> \u00ablos agr\u00f3nomos con los que estamos hablando nos est\u00e1n contando de los efectos (de las tormentas) y nos dicen que no han visto mangas de granizo tan grandes como la que se han dado este a\u00f1o <\/strong>y que no solamente es el nivel de da\u00f1o (que provocan), sino que la extensi\u00f3n que est\u00e1n generando estos eventos son realmente muy importantes\u00bb.<\/p>\n<p>Al respecto, un informe de la BCR alert\u00f3 que \u00abeste patr\u00f3n de tormentas intensas y destructivas no es un fen\u00f3meno aislado\u00bb.<\/p>\n<p>\u00abDurante las tormentas de Navidad, aproximadamente 50.000 hect\u00e1reas agr\u00edcolas en la regi\u00f3n n\u00facleo sufrieron da\u00f1os considerables a causa del granizo y los excesos de lluvia. Estos eventos clim\u00e1ticos han desafiado los modelos predictivos, present\u00e1ndose con una ferocidad inesperada y causando inundaciones y da\u00f1os significativos a su paso\u00bb, detall\u00f3 el trabajo.<\/p>\n<p>Con \u00abEl Ni\u00f1o\u00bb asegurado para el verano y con pron\u00f3sticos de que comience a debilitarse en el trimestre abril\/mayo\/junio, la inc\u00f3gnita en el sector es qu\u00e9 va a suceder durante el invierno.<\/p>\n<p>Si bien es muy temprano para confirmarlo, Gattinoni remarc\u00f3 que \u00abseg\u00fan la actualizaci\u00f3n de los modelos a diciembre de 2023 hay un 40 % en igualdad entre transitar una fase Neutral y una fase La Ni\u00f1a a partir del trimestre julio, agosto y septiembre de 2024, por lo que no es posible adelantar cu\u00e1l ser\u00e1 la fase que prevalecer\u00e1 para la segunda parte del a\u00f1o\u00bb.<\/p>\n<p>\u00abSer\u00e1 importante continuar su seguimiento sabiendo la naturaleza c\u00edclica de este fen\u00f3meno y lo que ha ocurrido a\u00f1os donde se present\u00f3 un Ni\u00f1o similar\u00bb, concluy\u00f3 el especialista. <\/p>\n<\/div>\n<p><script async defer crossorigin=\"anonymous\" src=\"https:\/\/connect.facebook.net\/es_LA\/sdk.js#xfbml=1&#038;version=v12.0\" nonce=\"SBlHQzIF\"><\/script><br \/><a href=\"https:\/\/www.telam.com.ar\/notas\/202401\/651799-cosecha-lluvias-consecuencias-tormenta.html\">source<\/a><\/p>\n","protected":false},"excerpt":{"rendered":"<p>Aseguran que el verano no traer\u00e1 temperaturas extremas que perjudiquen la cosecha. \/Foto: Pablo A\u00f1eli&#8230;.<\/p>\n","protected":false},"author":0,"featured_media":192467,"comment_status":"open","ping_status":"open","sticky":false,"template":"","format":"standard","meta":{"footnotes":""},"categories":[5],"tags":[],"class_list":["post-192466","post","type-post","status-publish","format-standard","has-post-thumbnail","hentry","category-economia"],"featured_image_urls":{"full":["https:\/\/radiofenix.com.ar\/2023\/wp-content\/uploads\/2024\/01\/wp-header-logo-61.png",1200,675,false],"thumbnail":["https:\/\/radiofenix.com.ar\/2023\/wp-content\/uploads\/2024\/01\/wp-header-logo-61-150x150.png",150,150,true],"medium":["https:\/\/radiofenix.com.ar\/2023\/wp-content\/uploads\/2024\/01\/wp-header-logo-61-300x169.png",300,169,true],"medium_large":["https:\/\/radiofenix.com.ar\/2023\/wp-content\/uploads\/2024\/01\/wp-header-logo-61-768x432.png",640,360,true],"large":["https:\/\/radiofenix.com.ar\/2023\/wp-content\/uploads\/2024\/01\/wp-header-logo-61-1024x576.png",640,360,true],"1536x1536":["https:\/\/radiofenix.com.ar\/2023\/wp-content\/uploads\/2024\/01\/wp-header-logo-61.png",1200,675,false],"2048x2048":["https:\/\/radiofenix.com.ar\/2023\/wp-content\/uploads\/2024\/01\/wp-header-logo-61.png",1200,675,false],"newsium-slider-full":["https:\/\/radiofenix.com.ar\/2023\/wp-content\/uploads\/2024\/01\/wp-header-logo-61.png",1200,675,false],"newsium-featured":["https:\/\/radiofenix.com.ar\/2023\/wp-content\/uploads\/2024\/01\/wp-header-logo-61-1024x576.png",1024,576,true],"newsium-medium":["https:\/\/radiofenix.com.ar\/2023\/wp-content\/uploads\/2024\/01\/wp-header-logo-61-720x475.png",720,475,true]},"author_info":{"info":[""]},"category_info":"<a href=\"https:\/\/radiofenix.com.ar\/2023\/category\/economia\/\" rel=\"category tag\">Economia<\/a>","tag_info":"Economia","comment_count":"0","_links":{"self":[{"href":"https:\/\/radiofenix.com.ar\/2023\/wp-json\/wp\/v2\/posts\/192466","targetHints":{"allow":["GET"]}}],"collection":[{"href":"https:\/\/radiofenix.com.ar\/2023\/wp-json\/wp\/v2\/posts"}],"about":[{"href":"https:\/\/radiofenix.com.ar\/2023\/wp-json\/wp\/v2\/types\/post"}],"replies":[{"embeddable":true,"href":"https:\/\/radiofenix.com.ar\/2023\/wp-json\/wp\/v2\/comments?post=192466"}],"version-history":[{"count":0,"href":"https:\/\/radiofenix.com.ar\/2023\/wp-json\/wp\/v2\/posts\/192466\/revisions"}],"wp:featuredmedia":[{"embeddable":true,"href":"https:\/\/radiofenix.com.ar\/2023\/wp-json\/wp\/v2\/media\/192467"}],"wp:attachment":[{"href":"https:\/\/radiofenix.com.ar\/2023\/wp-json\/wp\/v2\/media?parent=192466"}],"wp:term":[{"taxonomy":"category","embeddable":true,"href":"https:\/\/radiofenix.com.ar\/2023\/wp-json\/wp\/v2\/categories?post=192466"},{"taxonomy":"post_tag","embeddable":true,"href":"https:\/\/radiofenix.com.ar\/2023\/wp-json\/wp\/v2\/tags?post=192466"}],"curies":[{"name":"wp","href":"https:\/\/api.w.org\/{rel}","templated":true}]}}