{"id":192470,"date":"2024-01-08T08:57:32","date_gmt":"2024-01-08T08:57:32","guid":{"rendered":"https:\/\/radiofenix.com.ar\/2023\/etapa-1-kevin-benavides-quedo-octavo-tras-declarar-ganador-a-branch\/"},"modified":"2024-01-08T08:57:32","modified_gmt":"2024-01-08T08:57:32","slug":"etapa-1-kevin-benavides-quedo-octavo-tras-declarar-ganador-a-branch","status":"publish","type":"post","link":"https:\/\/radiofenix.com.ar\/2023\/etapa-1-kevin-benavides-quedo-octavo-tras-declarar-ganador-a-branch\/","title":{"rendered":"Etapa 1: Kevin Benavides qued\u00f3 octavo tras declarar ganador a Branch"},"content":{"rendered":"<div>\n<figure class=\"mb-3\"><img decoding=\"async\" src=\"https:\/\/www.telam.com.ar\/thumbs\/bluesteel\/advf\/imagenes\/2024\/01\/6599555a79a94_1200.jpg\" class=\" lazy \" width=\"100%\" height=\"100%\" alt=\"Kevin Benavides el bicampen del Rally Dakar termin la Etapa 1 Foto X kmbenavides\"\/><figcaption> Kevin Benavides, el bicampe\u00f3n del Rally Dakar, termin\u00f3 la Etapa 1 | Foto: X @kmbenavides <\/figcaption><\/figure>\n<p> El bicampe\u00f3n salte\u00f1o <strong>Kevin Benavides<\/strong> (KTM) ocup\u00f3 finalmente este s\u00e1bado el octavo puesto de la clasificaci\u00f3n general de motos en el <strong>Rally Dakar 2024 <\/strong>luego que se declarara ganador de la primera etapa al botsuano Ross Branch (Hero), quien detuvo su marcha en el tramo de 541 kil\u00f3metros (414 de especial) entre las localidades de <strong>Al-Ula y Al Henakiyah <\/strong>para asistir al accidentado espa\u00f1ol Tosha Schareina (Honda).<\/p>\n<p>El piloto del equipo Red Bull cubri\u00f3 esa distancia en 5 horas, 11 minutos, 38 segundos y mejor\u00f3 una posiciones en las posiciones globales tras ingresar noveno en el pr\u00f3logo que dio inicio el viernes a la carrera m\u00e1s exigente del mundo en Arabia Saudita.<\/p>\n<blockquote class=\"twitter-tweet\" data-media-max-width=\"560\">\n<p lang=\"en\" dir=\"ltr\">&#x1f5fa; With a special stage over 400 km long, we&#8217;re getting right to it!<\/p>\n<p>&#x1f5e3; Race director David Castera takes you through the 1st stage of the <a href=\"https:\/\/twitter.com\/hashtag\/Dakar2024?src=hash&amp;ref_src=twsrc%5Etfw\">#Dakar2024<\/a> with <a href=\"https:\/\/twitter.com\/aramco?ref_src=twsrc%5Etfw\">@aramco<\/a> <a href=\"https:\/\/t.co\/h9w0JsoDpP\">pic.twitter.com\/h9w0JsoDpP<\/a><\/p>\n<p>\u2014 DAKAR RALLY (@dakar) <a href=\"https:\/\/twitter.com\/dakar\/status\/1743485248292200714?ref_src=twsrc%5Etfw\">January 6, 2024<\/a><\/p><\/blockquote>\n<p> El salte\u00f1o de 34 a\u00f1os, que busca repetir la victoria conseguida en 2021 y 2023, tambi\u00e9n fue octavo en la primera etapa efectiva de la prueba, que se adjudic\u00f3 Branch en 4:56:01, escoltado por los estadounidenses Ricky Brabec (Honda) y Mason Klein (Kove).<\/p>\n<p>El botsuano qued\u00f3 consagrado cuando las autoridades de la competencia le descontaron el tiempo que invirti\u00f3 para colaborar con su colega espa\u00f1ol Schareina (Honda), ganador del pr\u00f3logo, quien abandon\u00f3 el Dakar 2024 por una fractura en la mu\u00f1eca izquierda producto de un accidente en el kil\u00f3metro 240 de la parte cronometrada.<\/p>\n<p>El valenciano, de 28 a\u00f1os, cay\u00f3 de su moto cuando golpe\u00f3 una piedra con la rueda trasera, por lo que \u00abfue evacuado de la especial por los equipos m\u00e9dicos\u00bb, indic\u00f3 la organizaci\u00f3n Amaury Sport Organisation (ASO).<\/p>\n<p>\u201cHa sido una jornada dura, creo que hoy he pasado por todo. Pero cuando ves a alguien en tierra, lo mejor es parar y esperar hasta asegurarse de que todo va bien. Espero que Tosha vuelva pronto a subirse a la moto porque es un piloto muy bueno y un tipo estupendo y nunca gusta ver a un amigo as\u00ed\u00bb, declar\u00f3 Branch, quien acompa\u00f1\u00f3 al accidentado por m\u00e1s de 25 minutos.<\/p>\n<p>\u00abEn general ha sido una buena jornada para m\u00ed, muy larga y exigente. La navegaci\u00f3n no ha sido sencilla pero he procurado disfrutar. Bueno, hemos dejado atr\u00e1s una etapa de 400 kil\u00f3metros y me siento bien de cara a ma\u00f1ana\u201d, abund\u00f3 el flamante l\u00edder de la general.<\/p>\n<p>Kevin Benavides cuestion\u00f3 las caracter\u00edsticas del trazado, al afirmar que los organizadores \u00abse les fue un poquito la mano con las piedras\u00bb, lo que hizo que la etapa resultara \u00abmuy dura, muy f\u00edsica y muy lenta\u00bb.<\/p>\n<p>Su hermano Luciano, del equipo oficial Husqvarna, tuvo un retroceso del quinto al decimocuarto lugar de la clasificaci\u00f3n, luego de cruzar la meta en el decimoquinto puesto y quedar a 23 minutos, 16 segundos del botsuano.<\/p>\n<blockquote class=\"twitter-tweet\">\n<p lang=\"en\" dir=\"ltr\">What a view! <a href=\"https:\/\/twitter.com\/hashtag\/Dakar2024?src=hash&amp;ref_src=twsrc%5Etfw\">#Dakar2024<\/a> providing the ultimate spectacle &#x1f9d0;<a href=\"https:\/\/twitter.com\/dakarinsaudi?ref_src=twsrc%5Etfw\">@DakarInSaudi<\/a> &#x1f304; <a href=\"https:\/\/t.co\/rJE4aW8Unf\">pic.twitter.com\/rJE4aW8Unf<\/a><\/p>\n<p>\u2014 DAKAR RALLY (@dakar) <a href=\"https:\/\/twitter.com\/dakar\/status\/1743615900840857782?ref_src=twsrc%5Etfw\">January 6, 2024<\/a><\/p><\/blockquote>\n<p> \u201cNo entiendo el par\u00e1metro de hacer tantos kil\u00f3metros en piedra, esto no parec\u00eda nada a un rally, vi dos ca\u00eddas y me perd\u00ed un poco con el tiempo. No me sent\u00ed muy c\u00f3modo\u201d, coincidi\u00f3 el menor de los Benavides.<\/p>\n<p>La desventaja del riojano <strong>Diego Gamaliel Llanos<\/strong> (KTM), otro de los argentinos que participa en motos, qued\u00f3 establecida en 45 minutos, 50 segundos, en el 27mo. puesto de la general.<\/p>\n<p>Los argentinos de la divisi\u00f3n quads,<strong> Francisco Moreno Flores y Manuel And\u00fajar<\/strong>, resignaron posiciones tras dominar el pr\u00f3logo en el primer y segundo escal\u00f3n. La etapa de este s\u00e1bado fue ganada por el brasile\u00f1o Marcelo Medeiros (Yamaha), lo que le acredit\u00f3 el liderazgo de la categor\u00eda. Sus escotas resultaron el eslovaco Juraj Varga (Yamaha) y el lituano Laisvydas Kancius (Yamaha).<\/p>\n<p>And\u00fajar (Yamaha), campe\u00f3n 2021, finaliz\u00f3 el d\u00eda cuarto y se ubic\u00f3 tercero en la clasificaci\u00f3n, en tanto que el mendocino Moreno Flores (Yamaha) cay\u00f3 del primer al s\u00e9ptimo pelda\u00f1o por un retraso de 38 minutos, 55 segundos para arribar a la meta en Al Henakiyah.<\/p>\n<p>Delante suyo ingres\u00f3 el bicampe\u00f3n titular franc\u00e9s Alexandro Giroud (Yahama), que tambi\u00e9n ocupa el sexto puesto en la global.<\/p>\n<p>En <strong>autos<\/strong>, el belga Guillaume De Mevius (Overdrive) se puso al frente con un acumulado de 4:35.59, seguido por el espa\u00f1ol Carlos Sainz (Audi), +1m.44s. y el sudafricano Giniel De Villiers (Toyota), +9m.18s.<\/p>\n<blockquote class=\"twitter-tweet\">\n<p lang=\"en\" dir=\"ltr\">&#x1f30b; Flying across the volcanic landscape on Stage 1 of <a href=\"https:\/\/twitter.com\/hashtag\/Dakar2024?src=hash&amp;ref_src=twsrc%5Etfw\">#Dakar2024<\/a> <a href=\"https:\/\/t.co\/f6Md3vJ931\">pic.twitter.com\/f6Md3vJ931<\/a><\/p>\n<p>\u2014 DAKAR RALLY (@dakar) <a href=\"https:\/\/twitter.com\/dakar\/status\/1743640210028589321?ref_src=twsrc%5Etfw\">January 6, 2024<\/a><\/p><\/blockquote>\n<p> El argentino <strong>Juan Cruz Yacopini<\/strong> qued\u00f3 en un meritorio duod\u00e9cimo puesto (+14m.38s.), por encima de dos leyendas del Dakar como el espa\u00f1ol Nani Roma (18\u00b0), el qatar\u00ed Nasser Al-Attiyah (22\u00b0) y el franc\u00e9s St\u00e9phane Peterhansel (24\u00b0).<\/p>\n<p>El Dakar 2024 se disputa hasta el pr\u00f3ximo viernes 19 de enero con un recorrido de 7.891 kil\u00f3metros (4.727 cronometrados) en doce etapas hasta llegar a la meta en Yanbu. El segundo segmento tendr\u00e1 lugar este domingo entre Al-Henakiyah y Al Duwadimi, con un tramo de 463km. de especial y 192 de enlace.<\/p>\n<div class=\"jumbotron pt-4 mt-3\">\n<h3 class=\"module-title\">Tosha Schareina con saldo negativo tras una ca\u00edda y una fractura<\/h3>\n<p>El piloto espa\u00f1ol, a bordo de su Honda tuvo que cerrar su participaci\u00f3n en el Dakar 2024 el s\u00e1bado despu\u00e9s de un accidente en el kil\u00f3metro 240 de la parte cronometrada de la primera etapa del rali, entre Al-Ula y Al-Henakiyah, en Arabia Saudita.<\/p>\n<p>Tosha Schareina, vencedor del pr\u00f3logo del viernes en el comienzo del Rally Dakar se convirti\u00f3 en el r\u00e1pido abandono por una fuerte ca\u00edda. El piloto \u00abfue evacuado de la especial por los equipos m\u00e9dicos\u00bb, indic\u00f3 la organizaci\u00f3n Amaury Sport Organisation (ASO).<\/p>\n<blockquote class=\"instagram-media\" data-instgrm-captioned=\"\" data-instgrm-permalink=\"https:\/\/www.instagram.com\/reel\/C1wWErlteCW\/?utm_source=ig_embed&amp;utm_campaign=loading\" data-instgrm-version=\"14\" style=\" background:#FFF; border:0; border-radius:3px; box-shadow:0 0 1px 0 rgba(0,0,0,0.5),0 1px 10px 0 rgba(0,0,0,0.15); margin: 1px; max-width:540px; min-width:326px; padding:0; width:99.375%; width:-webkit-calc(100% - 2px); width:calc(100% - 2px);\"><\/blockquote>\n<p> Seg\u00fan la organizaci\u00f3n Schareina, que termin\u00f3 13\u00ba en la pasada edici\u00f3n del Dakar, sufri\u00f3 una fractura en un antebrazo, as\u00ed consigna AFP.<\/p>\n<p>Se trata del segundo abandono del s\u00e1bado, tras el del portugu\u00e9s Joaquim Rodrigues (Hero). <\/p>\n<\/div>\n<p><\/div>\n<p><script async src=\"\/\/platform.twitter.com\/widgets.js\" charset=\"utf-8\"><\/script><script async defer crossorigin=\"anonymous\" src=\"https:\/\/connect.facebook.net\/es_LA\/sdk.js#xfbml=1&#038;version=v12.0\" nonce=\"SBlHQzIF\"><\/script><br \/><a href=\"https:\/\/www.telam.com.ar\/notas\/202401\/651729-rally-dakar-etapa-1-benavides-yaccopini-andujar-sanz-torlaschi-arabia-saudita-alula-al-henakiyah.html\">source<\/a><\/p>\n","protected":false},"excerpt":{"rendered":"<p>Kevin Benavides, el bicampe\u00f3n del Rally Dakar, termin\u00f3 la Etapa 1 | Foto: X @kmbenavides&#8230;<\/p>\n","protected":false},"author":0,"featured_media":192471,"comment_status":"open","ping_status":"open","sticky":false,"template":"","format":"standard","meta":{"footnotes":""},"categories":[3],"tags":[],"class_list":["post-192470","post","type-post","status-publish","format-standard","has-post-thumbnail","hentry","category-deportes"],"featured_image_urls":{"full":["https:\/\/radiofenix.com.ar\/2023\/wp-content\/uploads\/2024\/01\/wp-header-logo-63.png",1200,675,false],"thumbnail":["https:\/\/radiofenix.com.ar\/2023\/wp-content\/uploads\/2024\/01\/wp-header-logo-63-150x150.png",150,150,true],"medium":["https:\/\/radiofenix.com.ar\/2023\/wp-content\/uploads\/2024\/01\/wp-header-logo-63-300x169.png",300,169,true],"medium_large":["https:\/\/radiofenix.com.ar\/2023\/wp-content\/uploads\/2024\/01\/wp-header-logo-63-768x432.png",640,360,true],"large":["https:\/\/radiofenix.com.ar\/2023\/wp-content\/uploads\/2024\/01\/wp-header-logo-63-1024x576.png",640,360,true],"1536x1536":["https:\/\/radiofenix.com.ar\/2023\/wp-content\/uploads\/2024\/01\/wp-header-logo-63.png",1200,675,false],"2048x2048":["https:\/\/radiofenix.com.ar\/2023\/wp-content\/uploads\/2024\/01\/wp-header-logo-63.png",1200,675,false],"newsium-slider-full":["https:\/\/radiofenix.com.ar\/2023\/wp-content\/uploads\/2024\/01\/wp-header-logo-63.png",1200,675,false],"newsium-featured":["https:\/\/radiofenix.com.ar\/2023\/wp-content\/uploads\/2024\/01\/wp-header-logo-63-1024x576.png",1024,576,true],"newsium-medium":["https:\/\/radiofenix.com.ar\/2023\/wp-content\/uploads\/2024\/01\/wp-header-logo-63-720x475.png",720,475,true]},"author_info":{"info":[""]},"category_info":"<a href=\"https:\/\/radiofenix.com.ar\/2023\/category\/deportes\/\" rel=\"category tag\">Deportes<\/a>","tag_info":"Deportes","comment_count":"0","_links":{"self":[{"href":"https:\/\/radiofenix.com.ar\/2023\/wp-json\/wp\/v2\/posts\/192470","targetHints":{"allow":["GET"]}}],"collection":[{"href":"https:\/\/radiofenix.com.ar\/2023\/wp-json\/wp\/v2\/posts"}],"about":[{"href":"https:\/\/radiofenix.com.ar\/2023\/wp-json\/wp\/v2\/types\/post"}],"replies":[{"embeddable":true,"href":"https:\/\/radiofenix.com.ar\/2023\/wp-json\/wp\/v2\/comments?post=192470"}],"version-history":[{"count":0,"href":"https:\/\/radiofenix.com.ar\/2023\/wp-json\/wp\/v2\/posts\/192470\/revisions"}],"wp:featuredmedia":[{"embeddable":true,"href":"https:\/\/radiofenix.com.ar\/2023\/wp-json\/wp\/v2\/media\/192471"}],"wp:attachment":[{"href":"https:\/\/radiofenix.com.ar\/2023\/wp-json\/wp\/v2\/media?parent=192470"}],"wp:term":[{"taxonomy":"category","embeddable":true,"href":"https:\/\/radiofenix.com.ar\/2023\/wp-json\/wp\/v2\/categories?post=192470"},{"taxonomy":"post_tag","embeddable":true,"href":"https:\/\/radiofenix.com.ar\/2023\/wp-json\/wp\/v2\/tags?post=192470"}],"curies":[{"name":"wp","href":"https:\/\/api.w.org\/{rel}","templated":true}]}}