{"id":192472,"date":"2024-01-08T08:57:34","date_gmt":"2024-01-08T08:57:34","guid":{"rendered":"https:\/\/radiofenix.com.ar\/2023\/el-presidente-de-iran-prometio-venganza-por-el-atentado-que-dejo-cerca-de-90-muertos\/"},"modified":"2024-01-08T08:57:34","modified_gmt":"2024-01-08T08:57:34","slug":"el-presidente-de-iran-prometio-venganza-por-el-atentado-que-dejo-cerca-de-90-muertos","status":"publish","type":"post","link":"https:\/\/radiofenix.com.ar\/2023\/el-presidente-de-iran-prometio-venganza-por-el-atentado-que-dejo-cerca-de-90-muertos\/","title":{"rendered":"El presidente de Ir\u00e1n prometi\u00f3 &quot;venganza&quot; por el atentado que dej\u00f3 cerca de 90 muertos"},"content":{"rendered":"<div>\n<figure class=\"mb-3\"><img decoding=\"async\" src=\"https:\/\/www.telam.com.ar\/thumbs\/bluesteel\/advf\/imagenes\/2024\/01\/659800d6ca377_1200.jpg\" class=\" lazy \" width=\"100%\" height=\"100%\" alt=\"El presidente de Irn Ebrahim Raisi prometi una venganza a manos de las poderosas Fuerzas Armadas Foto AFP\"\/><figcaption> El presidente de Ir\u00e1n, Ebrahim Raisi, prometi\u00f3 una \u00abvenganza\u00bb a manos de las \u00abpoderosas\u00bb Fuerzas Armadas \/ Foto: AFP. <\/figcaption><\/figure>\n<p> El presidente de Ir\u00e1n, Ebrahim Raisi, prometi\u00f3 este viernes una \u00abvenganza\u00bb a manos de las \u00abpoderosas\u00bb Fuerzas Armadas de su pa\u00eds, <strong>al hablar durante los funerales de los casi 90 muertos <\/strong>que dej\u00f3 el mi\u00e9rcoles el atentado cerca de la tumba del general Qasem Soleimani, cometido cuando se conmemoraba el cuarto aniversario de su asesinato por Estados Unidos.<\/p>\n<p>\u00abEl momento y lugar de la venganza contra el enemigo ser\u00e1 determinado por nosotros\u00bb, manifest\u00f3 el mandatario, seg\u00fan las declaraciones publicadas por la Presidencia iran\u00ed a trav\u00e9s de su p\u00e1gina web y citadas por la agencia de noticias Europa Press.<\/p>\n<p>En un discurso, Raisi afirm\u00f3 que el Estado Isl\u00e1mico (EI), que reivindic\u00f3 este jueves el ataque, fue \u00abentrenado\u00bb por Israel, el gran enemigo de Ir\u00e1n.<\/p>\n<p>El<strong> grupo yihadista \u00abdesapareci\u00f3\u00bb y \u00abahora s\u00f3lo puede actuar como mercenario de la pol\u00edtica sionista y estadounidense\u00bb<\/strong>, acus\u00f3 por su parte el <strong>general Hosein Salami<\/strong>, jefe de la Guardia Revolucionaria, una <strong>rama de las Fuerzas Armadas de la Rep\u00fablica Isl\u00e1mica.<\/strong><\/p>\n<blockquote class=\"\"><p>El Estado Isl\u00e1mico es musulm\u00e1n sunnita y enemigo de Ir\u00e1n,\u00a0un pa\u00eds tambi\u00e9n musulm\u00e1n pero de la rama chiita<\/p><\/blockquote>\n<p> El Estado Isl\u00e1mico es musulm\u00e1n sunnita y tambi\u00e9n enemigo de Ir\u00e1n, un pa\u00eds tambi\u00e9n musulm\u00e1n pero de la rama chiita.<\/p>\n<p>Ir\u00e1n lo culpa adem\u00e1s por un ataque en diciembre en Siria que mat\u00f3 a Razi Musavi, un alto comandante de la Fuerza Quds, la misma rama del Cuerpo de la Guardia Revolucionaria que Soleimani hab\u00eda dirigido en su momento.<\/p>\n<p><figure class=\"mb-3\"><img decoding=\"async\" src=\"https:\/\/www.telam.com.ar\/thumbs\/bluesteel\/advf\/imagenes\/2024\/01\/65957042583f8_1200.jpg\" class=\" lazy \" width=\"100%\" height=\"100%\" alt=\"El ltimo balance oficial del atentado subi a 89 los fallecidos incluyendo mujeres y nios Foto AFP\"\/><figcaption> El \u00faltimo balance oficial del atentado subi\u00f3 a 89 los fallecidos, incluyendo mujeres y ni\u00f1os \/ Foto: AFP. <\/figcaption><\/figure>\n<p>Al hablar ante miles de personas concentradas para participar de los funerales, Raisi indic\u00f3 que \u00ablos enemigos saben muy bien que Ir\u00e1n es poderoso\u00bb.<\/p>\n<p>\u00abLos enemigos han visto el poder de la Rep\u00fablica Isl\u00e1mica y lo han experimentado muchas veces\u00bb, agreg\u00f3.<\/p>\n<p>\u00abEl enemigo quer\u00eda llevar a cabo otro crimen en la regi\u00f3n tras la creaci\u00f3n del usurpador y falso r\u00e9gimen israel\u00ed y tras 75 a\u00f1os de opresi\u00f3n del pueblo palestino\u00bb, recalc\u00f3.<\/p>\n<h2 class=\"\">Los funerales<\/h2>\n<p>Las v\u00edctimas del atentado en Kerman, en el sur del pa\u00eds, fueron <strong>enterradas en el cementerio de los m\u00e1rtires<\/strong> de la ciudad tras la gran oraci\u00f3n del viernes y el resto de los muertos ser\u00e1n trasladados a sus ciudades de origen.<\/p>\n<p>Los funerales comenzaron en el <strong>patio de la mezquita de Emam Ali<\/strong>, donde se hab\u00eda congregado una <strong>multitud <\/strong>ante decenas de <strong>ata\u00fades envueltos en banderas iran\u00edes<\/strong>, seg\u00fan im\u00e1genes difundidas por la televisi\u00f3n estatal.<\/p>\n<blockquote class=\"\"><p>El \u00faltimo balance subi\u00f3 a 89 fallecidos, incluyendo mujeres y ni\u00f1os, tras la muerte de cinco heridos, anunci\u00f3 este viernes la televisi\u00f3n estatal<\/p><\/blockquote>\n<p>El \u00faltimo balance subi\u00f3 a 89 fallecidos, incluyendo mujeres y ni\u00f1os, tras la muerte de cinco heridos, anunci\u00f3 este viernes la televisi\u00f3n estatal.<\/p>\n<h2 class=\"\">El ataque<\/h2>\n<p>El ataque (dos explosiones con un intervalo de 15 minutos) se produjo cerca de la mezquita Saheb al Zaman en Kerman, donde se encuentra la tumba del general Soleimani, responsable de las operaciones militares iran\u00edes en Medio Oriente y asesinado por Estados Unidos en Irak el 3 de enero de 2020.<\/p>\n<p>El <strong>ministro del Interior iran\u00ed, Ahmad Vahidi<\/strong>, dijo este viernes por televisi\u00f3n que los servicios de inteligencia del pa\u00eds detuvieron a \u00abciertos individuos implicados\u00bb en el ataque, sin dar m\u00e1s detalles.<\/p>\n<p>Por su parte, el Ministerio de Inteligencia precis\u00f3 en un comunicado que \u00abuno de los terroristas kamikazes\u00bb era de \u00abnacionalidad tayika\u00bb y que a\u00fan se desconoc\u00eda la identidad del segundo.<\/p>\n<p>El ministerio tambi\u00e9n inform\u00f3 del <strong>arresto de \u00abnueve miembros de la red de apoyo de la c\u00e9lula terrorista\u00bb<\/strong> en seis provincias, as\u00ed como de dos individuos que ofrecieron alojamiento a los dos kamikazes en los alrededores de Kerman.<\/p>\n<\/div>\n<p><script async defer crossorigin=\"anonymous\" src=\"https:\/\/connect.facebook.net\/es_LA\/sdk.js#xfbml=1&#038;version=v12.0\" nonce=\"SBlHQzIF\"><\/script><br \/><a href=\"https:\/\/www.telam.com.ar\/notas\/202401\/651628-iran-atentado-venganza.html\">source<\/a><\/p>\n","protected":false},"excerpt":{"rendered":"<p>El presidente de Ir\u00e1n, Ebrahim Raisi, prometi\u00f3 una \u00abvenganza\u00bb a manos de las \u00abpoderosas\u00bb Fuerzas&#8230;<\/p>\n","protected":false},"author":0,"featured_media":192473,"comment_status":"open","ping_status":"open","sticky":false,"template":"","format":"standard","meta":{"footnotes":""},"categories":[60],"tags":[],"class_list":["post-192472","post","type-post","status-publish","format-standard","has-post-thumbnail","hentry","category-internacional"],"featured_image_urls":{"full":["https:\/\/radiofenix.com.ar\/2023\/wp-content\/uploads\/2024\/01\/wp-header-logo-64.png",1200,675,false],"thumbnail":["https:\/\/radiofenix.com.ar\/2023\/wp-content\/uploads\/2024\/01\/wp-header-logo-64-150x150.png",150,150,true],"medium":["https:\/\/radiofenix.com.ar\/2023\/wp-content\/uploads\/2024\/01\/wp-header-logo-64-300x169.png",300,169,true],"medium_large":["https:\/\/radiofenix.com.ar\/2023\/wp-content\/uploads\/2024\/01\/wp-header-logo-64-768x432.png",640,360,true],"large":["https:\/\/radiofenix.com.ar\/2023\/wp-content\/uploads\/2024\/01\/wp-header-logo-64-1024x576.png",640,360,true],"1536x1536":["https:\/\/radiofenix.com.ar\/2023\/wp-content\/uploads\/2024\/01\/wp-header-logo-64.png",1200,675,false],"2048x2048":["https:\/\/radiofenix.com.ar\/2023\/wp-content\/uploads\/2024\/01\/wp-header-logo-64.png",1200,675,false],"newsium-slider-full":["https:\/\/radiofenix.com.ar\/2023\/wp-content\/uploads\/2024\/01\/wp-header-logo-64.png",1200,675,false],"newsium-featured":["https:\/\/radiofenix.com.ar\/2023\/wp-content\/uploads\/2024\/01\/wp-header-logo-64-1024x576.png",1024,576,true],"newsium-medium":["https:\/\/radiofenix.com.ar\/2023\/wp-content\/uploads\/2024\/01\/wp-header-logo-64-720x475.png",720,475,true]},"author_info":{"info":[""]},"category_info":"<a href=\"https:\/\/radiofenix.com.ar\/2023\/category\/internacional\/\" rel=\"category tag\">Internacional<\/a>","tag_info":"Internacional","comment_count":"0","_links":{"self":[{"href":"https:\/\/radiofenix.com.ar\/2023\/wp-json\/wp\/v2\/posts\/192472","targetHints":{"allow":["GET"]}}],"collection":[{"href":"https:\/\/radiofenix.com.ar\/2023\/wp-json\/wp\/v2\/posts"}],"about":[{"href":"https:\/\/radiofenix.com.ar\/2023\/wp-json\/wp\/v2\/types\/post"}],"replies":[{"embeddable":true,"href":"https:\/\/radiofenix.com.ar\/2023\/wp-json\/wp\/v2\/comments?post=192472"}],"version-history":[{"count":0,"href":"https:\/\/radiofenix.com.ar\/2023\/wp-json\/wp\/v2\/posts\/192472\/revisions"}],"wp:featuredmedia":[{"embeddable":true,"href":"https:\/\/radiofenix.com.ar\/2023\/wp-json\/wp\/v2\/media\/192473"}],"wp:attachment":[{"href":"https:\/\/radiofenix.com.ar\/2023\/wp-json\/wp\/v2\/media?parent=192472"}],"wp:term":[{"taxonomy":"category","embeddable":true,"href":"https:\/\/radiofenix.com.ar\/2023\/wp-json\/wp\/v2\/categories?post=192472"},{"taxonomy":"post_tag","embeddable":true,"href":"https:\/\/radiofenix.com.ar\/2023\/wp-json\/wp\/v2\/tags?post=192472"}],"curies":[{"name":"wp","href":"https:\/\/api.w.org\/{rel}","templated":true}]}}